{"id":458898,"date":"2020-02-06T00:12:24","date_gmt":"2020-02-06T06:12:24","guid":{"rendered":"https:\/\/www.diarioimagen.net\/?p=458898"},"modified":"2020-02-05T22:56:09","modified_gmt":"2020-02-06T04:56:09","slug":"acuerdos-dialogo-y-respeto-para-avanzar-en-la-solucion-de-los-problemas","status":"publish","type":"post","link":"https:\/\/www.diarioimagen.net\/?p=458898","title":{"rendered":"Acuerdos, di\u00e1logo y respeto para\u00a0avanzar en la soluci\u00f3n de los problemas"},"content":{"rendered":"<h2>Tras la puerta del poder<\/h2>\n<h5>Roberto Vizca\u00edno<\/h5>\n<p>&nbsp;<\/p>\n<ul>\n<li><strong><i>Piden a los suyos las presidentas del Senado y C\u00e1mara de Diputados<\/i><\/strong><\/li>\n<\/ul>\n<p>&nbsp;<\/p>\n<div id=\"attachment_458900\" style=\"width: 470px\" class=\"wp-caption aligncenter\"><a href=\"https:\/\/www.diarioimagen.net\/?attachment_id=458900\" rel=\"attachment wp-att-458900\"><img loading=\"lazy\" decoding=\"async\" aria-describedby=\"caption-attachment-458900\" class=\"size-large wp-image-458900\" src=\"https:\/\/www.diarioimagen.net\/wp-content\/uploads\/2020\/02\/coronavirus-LUIS-XAVIER-460x360.jpg\" alt=\"\" width=\"460\" height=\"360\" srcset=\"https:\/\/www.diarioimagen.net\/wp-content\/uploads\/2020\/02\/coronavirus-LUIS-XAVIER-460x360.jpg 460w, https:\/\/www.diarioimagen.net\/wp-content\/uploads\/2020\/02\/coronavirus-LUIS-XAVIER-240x188.jpg 240w, https:\/\/www.diarioimagen.net\/wp-content\/uploads\/2020\/02\/coronavirus-LUIS-XAVIER-768x601.jpg 768w, https:\/\/www.diarioimagen.net\/wp-content\/uploads\/2020\/02\/coronavirus-LUIS-XAVIER.jpg 1200w\" sizes=\"auto, (max-width: 460px) 100vw, 460px\" \/><\/a><p id=\"caption-attachment-458900\" class=\"wp-caption-text\">\u00bfCoronavirus..? | Luis\u00a0Xavier<\/p><\/div>\n<p>&nbsp;<\/p>\n<p>La morenista <b>M\u00f3nica Fern\u00e1ndez<\/b>, presidenta del Senado y la panista <b>Laura Rojas<\/b>, presidenta de los Diputados, abrieron ayer el primer per\u00edodo de sesiones del segundo a\u00f1o de la 64 Legislatura exigi\u00e9ndoles a sus respectivas C\u00e1maras superar las diferencias partidarias a fin de llegar a acuerdos v\u00eda el dialogo y dentro del respeto a fin de avanzar en la transformaci\u00f3n y el avance de M\u00e9xico.<\/p>\n<p><b>Fern\u00e1ndez<\/b> dijo que, \u201ca pesar de las diferencias democr\u00e1ticas que enfrentamos\u2026 los convoco a que, juntos, abordemos los pendientes y atendamos con responsabilidad las iniciativas y minutas y<b> <\/b>cumplamos con nuestra responsabilidad en materia de nombramientos y ratificaciones que nos corresponde atender\u201d.<\/p>\n<p>A su vez <b>Laura Rojas<\/b>, presidenta de la C\u00e1mara de Diputados les pidi\u00f3 en San L\u00e1zaro a los suyos reconocer que el di\u00e1logo es un instrumento de la buena pol\u00edtica y el acuerdo la mejor v\u00eda para encontrar soluciones a los problemas que aquejan a millones de mexicanos.\u201cLa unidad se requiere para la construcci\u00f3n de un M\u00e9xico en el que nuestras hijas e hijos puedan crecer y vivir felices, seguros y en paz\u2026<\/p>\n<p>\u201cM\u00e1s all\u00e1 de colores e ideolog\u00edas, la historia nos convoca a trabajar en unidad para hacer cumplir las promesas que el texto constitucional ha hecho a las y los mexicanos.<\/p>\n<p>\u201cColaboremos m\u00e1s estrechamente entre poderes; quienes pensamos distinto debemos escucharnos, dialogar y construir para materializar el sue\u00f1o consagrado en nuestra Constituci\u00f3n\u201d, subray\u00f3 en la celebraci\u00f3n del 103 aniversario de la promulgaci\u00f3n de nuestra Carta Magna.<\/p>\n<p>En su pronunciamiento al inicio de los trabajos de este per\u00edodo, la senadora <b>Fern\u00e1ndez<\/b> no s\u00f3lo destac\u00f3 los logros alcanzados en el per\u00edodo anterior, sino del ambiente en que se lograron.<\/p>\n<p>\u201cQuienes integramos esta Mesa Directiva, seguiremos cumpliendo con nuestro compromiso de ser respetuosos de todas las fuerzas pol\u00edticas que conviven en este recinto, y seguiremos actuando con apego a las normas constitucionales, legales y reglamentarias\u201d, subray\u00f3.<\/p>\n<p style=\"text-align: center;\"><b>Reciben al presidente de Guatemala<\/b><\/p>\n<p>Hoy, al arranque de las tareas legislativas, el Senado recibir\u00e1 a <b>Alejandro Giammattei Falla<\/b>, nuevo presidente de Guatemala. A este encuentro asistir\u00e1n el titular de Relaciones Exteriores, <b>Marcelo Ebrard<\/b> y la Presidenta de la C\u00e1mara de Diputados, <b>Laura Ang\u00e9lica Rojas<\/b>.<\/p>\n<p>En esta sesi\u00f3n solemne los senadores escuchar\u00e1n un mensaje del presidente guatemalteco <b>Giammattei Falla<\/b>.<\/p>\n<p style=\"text-align: center;\"><b>Senadores y diputados vs agresiones a la UNAM<\/b><\/p>\n<p>En forma simult\u00e1nea, senadores encabezados por la pri\u00edsta tlaxcalteca Beatriz Paredes y los diputadas <b>Adela Pi\u00f1a Bernal, Lorena del Socorro Jim\u00e9nez y Mar\u00eda Ch\u00e1vez P\u00e9rez, <\/b>cada quien ante sus plenos, pidieron a Senadores y Diputados pronunciarse en contra de los actos violentos realizados en la UNAM.<\/p>\n<p><b>Paredes <\/b>Indic\u00f3:<\/p>\n<p>\u201cComo universitaria que soy, como egresada de la gloriosa Universidad Nacional Aut\u00f3noma de M\u00e9xico, solicito respetuosamente a este Senado de la Rep\u00fablica, que ratifique su convicci\u00f3n en la importancia de nuestra m\u00e1xima Casa de Estudios.<\/p>\n<p>\u201cSin ignorar la validez de las leg\u00edtimas exigencias de quienes demandan erradicar la violencia de g\u00e9nero, y exigen justicia a ese respecto, rechazo categ\u00f3ricamente el uso de esta circunstancia, que es leg\u00edtima, para vandalizar a nuestra Universidad, y para pretender con violencia y tras la c\u00f3moda circunstancia de ocultar las verdaderas intenciones, desestabilizar a la gloriosa Universidad Nacional Aut\u00f3noma de M\u00e9xico.<\/p>\n<p>\u201cExpreso nuestra solidaridad con las autoridades universitarias, y la necesidad de que todos los mexicanos coadyuvemos en garantizar el respeto a nuestra m\u00e1xima Casa de Estudios\u201d.<\/p>\n<p><b>Adela Pi\u00f1a Bernal, <\/b>de Morena, hizo un llamado al di\u00e1logo entre autoridades de la UNAM y quienes han sido v\u00edctimas de la<b> <\/b>violencia de g\u00e9nero en instituciones de educaci\u00f3n superior\u201d.<\/p>\n<p>Y convoc\u00f3 a alumnos a resolver sus reclamos por la v\u00eda pac\u00edfica. <b>Lorena del Socorro Jim\u00e9nez, <\/b>tambi\u00e9n de Morena y <b>Mar\u00eda Ch\u00e1vez P\u00e9rez<\/b> pidieron acabar con el acoso contra mujeres no s\u00f3lo en la UNAM.<\/p>\n<p>\u201cQue se escuchen las inquietudes y preocupaciones de los estudiantes, porque no es posible que en los lugares donde deben estar m\u00e1s protegidos es donde se cometan este tipo de actos\u201d.<\/p>\n<p style=\"text-align: center;\"><b>Y exigen a Gertz dejar lo del feminicidio<\/b><\/p>\n<p>Y en esta ola de peticiones y reclamos coincidentes entre Senadores y Diputados, en ambas c\u00e1maras legisladoras de diversos partidos le exigieron ayer tambi\u00e9n a <b>Alejandro Gertz Manero<\/b>, Fiscal General de la Naci\u00f3n no insistir en modificar las leyes contra el feminicidio.<\/p>\n<p>As\u00ed, quienes integran la Comisi\u00f3n para la Igualdad de G\u00e9nero en el Senado le dijeron que no coinciden con su intenci\u00f3n y le manifiesta su preocupaci\u00f3n ante su propuesta de reclasificar el delito de feminicidio dentro del C\u00f3digo Penal Federal. \u201cSi bien el Senado de la Rep\u00fablica no ha recibido ninguna propuesta formal, la FGR ya fij\u00f3 una postura institucional a trav\u00e9s de un comunicado de prensa emitido la tarde de este martes, donde sostiene que enfrentan una serie \u201ccondiciones, requisitos y circunstancias que complican in\u00fatilmente la judicializaci\u00f3n del feminicidio\u201d.<\/p>\n<p>Los y las senadoras consideran que ir por ese camino representar\u00eda un retroceso en los derechos ganados para reconocer y visibilizar la m\u00e1xima expresi\u00f3n de la violencia contra las mujeres. Y le recordaron que en 28 estados y la Federaci\u00f3n reconocen al feminicidio como delito.<\/p>\n<p><b>En San L\u00e1zaro, <\/b>y en representaci\u00f3n de los panistas, las diputadas <b>Ver\u00f3nica Sobrado<\/b>, <b>Annia G\u00f3mez<\/b> y <b>Marcela Torres Peimbert<\/b> indicaron que antes que modificar este delito, Gertz deber\u00eda capacitar mejor a su personal y buscar aumentar la pena para quien lo comete.<\/p>\n<p style=\"text-align: center;\"><b>Monreal va contra el doble-remolque<\/b><\/p>\n<p>Dentro de sus prioridades para el per\u00edodo reci\u00e9n iniciado, <b>Ricardo Monreal<\/b> anunci\u00f3 ayer que impulsar\u00e1 una reforma para prohibir de una vez por todas el uso de camiones o tractocamiones con doble semirremolque, doble remolque o doble articulado en zonas urbanas,\u00a0 rurales, autopistas y carreteras federales del pa\u00eds.<\/p>\n<p>Indic\u00f3 que ya basta de promesas y de ir a promesas incumplidas sobre este tema.<\/p>\n<p>El coordinador de los senadores de Morena considera facultar a la Secretar\u00eda de Seguridad y Protecci\u00f3n Ciudadana para que retire de circulaci\u00f3n dichos veh\u00edculos.<\/p>\n<p>El zacatecano indic\u00f3 que un informe de la Secretar\u00eda de Seguridad Ciudadana informa que durante 2018 en M\u00e9xico se registraron 13 mil 132 v\u00edctimas del delito de homicidio culposo en accidente de tr\u00e1nsito, as\u00ed como 31 mil 608 lesionados en el mismo periodo.<\/p>\n<p>\u201cEs lamentable el alto \u00edndice de accidentes ocasionados por este tipo de veh\u00edculos en circulaci\u00f3n, ya que en M\u00e9xico es uno de los pocos pa\u00edses que a\u00fan se permite la circulaci\u00f3n de estos veh\u00edculos, a pesar del grave riesgo que representan\u201d, afirm\u00f3.<\/p>\n<p style=\"text-align: center;\"><b>Incendios<\/b><\/p>\n<p>En los meses de diciembre y enero se han registrado cinco incendios en mercados capitalinos que cobraron vidas humanas, dejaron heridos y provocaron importantes da\u00f1os en la infraestructura de los establecimientos, afectando la econom\u00eda de los locatarios.<\/p>\n<p>Estos incendios, indico <b>Roberto Rivera Mier<\/b>, ejecutivo de Johnson Controls, muestran la necesidad de ir a una cultura de prevenci\u00f3n y protecci\u00f3n con el uso de nuevas y avanzadas tecnolog\u00edas en la prevenci\u00f3n y combate de estos percances.<\/p>\n<p>En su mayor\u00eda son causados por fallas en instalaciones el\u00e9ctricas, fugas de gas, manejo inadecuado de materiales inflamables, velas encendidas sin vigilancia, mantenimiento deficiente de tanques contenedores de gas, entre otras.<\/p>\n<p><b>Rivera Mier<\/b> indic\u00f3 que existen tecnolog\u00edas avanzadas para prevenci\u00f3n de incendios urbanos, que abarcan desde sistemas de rociadores contra incendios hasta sistemas de agentes extintores a base de gases inertes. Estos, ofrecen una tecnolog\u00eda \u00fanica en su tipo con la cual es posible controlar eventos de fuego de manera m\u00e1s r\u00e1pida y eficaz, y en caso de segundos, sin dejar residuos en el \u00e1rea protegida.<\/p>\n<p><em><a href=\"mailto:rvizcainoa@gmail.com\" target=\"_blank\" rel=\"noopener noreferrer\">rvizcainoa@gmail.com<\/a><br \/>\n<u><a href=\"http:\/\/endirecto.mx\" target=\"_blank\" rel=\"noopener noreferrer\">www.endirecto.mx<\/a><br \/>\n<a href=\"https:\/\/twitter.com\/_rvizcaino\" target=\"_blank\" rel=\"noopener noreferrer\">@_RVizcaino<\/a><br \/>\n<a href=\"https:\/\/www.facebook.com\/rvizcainoa\" target=\"_blank\" rel=\"noopener noreferrer\">facebook.com\/rvizcainoa<\/a><\/u><\/em><\/p>\n","protected":false},"excerpt":{"rendered":"<p><span style=\"color: #005497;\"><strong>Roberto Vizca\u00edno<\/strong><\/span><br \/>\n<br \/>\nLa morenista <b>M\u00f3nica Fern\u00e1ndez<\/b>, presidenta del Senado y la panista <b>Laura Rojas<\/b>, presidenta de los Diputados, abrieron ayer el primer per\u00edodo de sesiones del segundo a\u00f1o de la 64 Legislatura exigi\u00e9ndoles a sus respectivas C\u00e1maras superar las diferencias partidarias a fin de llegar a acuerdos v\u00eda el dialogo y dentro del respeto a fin de avanzar en la transformaci\u00f3n y el avance de M\u00e9xico.<\/p>\n","protected":false},"author":1,"featured_media":458900,"comment_status":"open","ping_status":"open","sticky":false,"template":"","format":"standard","meta":{"_monsterinsights_skip_tracking":false,"_monsterinsights_sitenote_active":false,"_monsterinsights_sitenote_note":"","_monsterinsights_sitenote_category":0,"footnotes":""},"categories":[136],"tags":[43674,93,94],"class_list":["post-458898","post","type-post","status-publish","format-standard","has-post-thumbnail","hentry","category-roberto-vizcaino-opinion","tag-opinion","tag-roberto-vizcaino","tag-tras-la-puerta-del-poder"],"_links":{"self":[{"href":"https:\/\/www.diarioimagen.net\/index.php?rest_route=\/wp\/v2\/posts\/458898","targetHints":{"allow":["GET"]}}],"collection":[{"href":"https:\/\/www.diarioimagen.net\/index.php?rest_route=\/wp\/v2\/posts"}],"about":[{"href":"https:\/\/www.diarioimagen.net\/index.php?rest_route=\/wp\/v2\/types\/post"}],"author":[{"embeddable":true,"href":"https:\/\/www.diarioimagen.net\/index.php?rest_route=\/wp\/v2\/users\/1"}],"replies":[{"embeddable":true,"href":"https:\/\/www.diarioimagen.net\/index.php?rest_route=%2Fwp%2Fv2%2Fcomments&post=458898"}],"version-history":[{"count":0,"href":"https:\/\/www.diarioimagen.net\/index.php?rest_route=\/wp\/v2\/posts\/458898\/revisions"}],"wp:featuredmedia":[{"embeddable":true,"href":"https:\/\/www.diarioimagen.net\/index.php?rest_route=\/wp\/v2\/media\/458900"}],"wp:attachment":[{"href":"https:\/\/www.diarioimagen.net\/index.php?rest_route=%2Fwp%2Fv2%2Fmedia&parent=458898"}],"wp:term":[{"taxonomy":"category","embeddable":true,"href":"https:\/\/www.diarioimagen.net\/index.php?rest_route=%2Fwp%2Fv2%2Fcategories&post=458898"},{"taxonomy":"post_tag","embeddable":true,"href":"https:\/\/www.diarioimagen.net\/index.php?rest_route=%2Fwp%2Fv2%2Ftags&post=458898"}],"curies":[{"name":"wp","href":"https:\/\/api.w.org\/{rel}","templated":true}]}}