{"id":458959,"date":"2020-02-06T00:05:07","date_gmt":"2020-02-06T06:05:07","guid":{"rendered":"https:\/\/www.diarioimagen.net\/?p=458959"},"modified":"2020-02-06T00:59:17","modified_gmt":"2020-02-06T06:59:17","slug":"universitarios-mantienen-un-dialogo-franco-y-constructivo-alfredo-barrera","status":"publish","type":"post","link":"https:\/\/www.diarioimagen.net\/?p=458959","title":{"rendered":"Universitarios mantienen un di\u00e1logo franco y constructivo: Alfredo Barrera"},"content":{"rendered":"<div id=\"attachment_459009\" style=\"width: 470px\" class=\"wp-caption aligncenter\"><a href=\"https:\/\/www.diarioimagen.net\/?attachment_id=459009\" rel=\"attachment wp-att-459009\"><img loading=\"lazy\" decoding=\"async\" aria-describedby=\"caption-attachment-459009\" class=\"size-large wp-image-459009\" src=\"https:\/\/www.diarioimagen.net\/wp-content\/uploads\/2020\/02\/UAEM-6-460x259.jpg\" alt=\"\" width=\"460\" height=\"259\" srcset=\"https:\/\/www.diarioimagen.net\/wp-content\/uploads\/2020\/02\/UAEM-6-460x259.jpg 460w, https:\/\/www.diarioimagen.net\/wp-content\/uploads\/2020\/02\/UAEM-6-240x135.jpg 240w, https:\/\/www.diarioimagen.net\/wp-content\/uploads\/2020\/02\/UAEM-6-235x132.jpg 235w, https:\/\/www.diarioimagen.net\/wp-content\/uploads\/2020\/02\/UAEM-6-202x114.jpg 202w, https:\/\/www.diarioimagen.net\/wp-content\/uploads\/2020\/02\/UAEM-6-350x196.jpg 350w, https:\/\/www.diarioimagen.net\/wp-content\/uploads\/2020\/02\/UAEM-6-220x123.jpg 220w, https:\/\/www.diarioimagen.net\/wp-content\/uploads\/2020\/02\/UAEM-6-237x132.jpg 237w, https:\/\/www.diarioimagen.net\/wp-content\/uploads\/2020\/02\/UAEM-6.jpg 480w\" sizes=\"auto, (max-width: 460px) 100vw, 460px\" \/><\/a><p id=\"caption-attachment-459009\" class=\"wp-caption-text\">Al encabezar la segunda reuni\u00f3n con colectivos de universitarias feministas, el rector Alfredo Barrera Baca expres\u00f3 su confianza en que las aportaciones de estudiantes, acad\u00e9micos y trabajadores conducir\u00e1n hacia un ambiente m\u00e1s respetuoso para todos los que forman parte de la UAEM.<\/p><\/div>\n<p>&nbsp;<\/p>\n<p><strong>Toluca, Estado de M\u00e9xico<\/strong>.- Durante la reuni\u00f3n que encabez\u00f3 con colectivos de universitarias feministas, el rector de la Universidad Aut\u00f3noma de Estado de M\u00e9xico, Alfredo Barrera Baca, destac\u00f3 la importancia de mantener un di\u00e1logo franco y constructivo que encauce las propuestas hacia la erradicaci\u00f3n de la violencia contra la mujer en todas sus formas.<\/p>\n<p>Expres\u00f3 su confianza en que las aportaciones de estudiantes, acad\u00e9micos y trabajadores conducir\u00e1n hacia un ambiente m\u00e1s respetuoso para todos los que forman parte de esta casa de estudios.<\/p>\n<p>En el Patio del Centenario del Edificio de Rector\u00eda, donde tambi\u00e9n se dieron cita especialistas en perspectiva de g\u00e9nero, se dio seguimiento al pliego petitorio de los colectivos feministas del pasado 13 de diciembre y el rector manifest\u00f3 la voluntad de trabajo de la Administraci\u00f3n 2017-2021, as\u00ed como su convicci\u00f3n para sostener un di\u00e1logo pac\u00edfico, en un ambiente respetuoso para todos los integrantes de la UAEM.<\/p>\n<p>Acompa\u00f1ado de la secretaria de Rector\u00eda, Jannet Valero Vilchis, y el abogado general de la UAEM, Luis Ra\u00fal Ortiz Ram\u00edrez, durante este ejercicio se acord\u00f3 impulsar labores coordinadas en todos los espacios acad\u00e9micos de la UAEM para que m\u00e1s universitarios se sumen con propuestas.<\/p>\n<p>Cabe destacar que a este segundo di\u00e1logo asistieron representantes de la Fiscal\u00eda Central para la Atenci\u00f3n de Delitos Vinculados a la Violencia de G\u00e9nero de la Fiscal\u00eda General de Justicia del Estado de M\u00e9xico y la Comisi\u00f3n Ejecutiva de Atenci\u00f3n a V\u00edctimas de la Secretar\u00eda de Justicia y Derechos Humanos mexiquense, quienes atendieron las inquietudes relacionadas con el feminicidio de la universitaria Sonia.<\/p>\n<p>Entre los temas abordados destaca el fortalecimiento de los protocolos para prevenir, atender y sancionar casos de acoso y hostigamiento sexual en la UAEM, cuyos trabajos iniciar\u00e1n el pr\u00f3ximo 26 de febrero, y la creaci\u00f3n de un observatorio institucional de g\u00e9nero; asimismo, se comprometi\u00f3 la capacitaci\u00f3n y sensibilizaci\u00f3n en temas de g\u00e9nero para personal acad\u00e9mico y servidores universitarios a trav\u00e9s del Programa Vivas, de nueva creaci\u00f3n.<\/p>\n<p>Las autoridades universitarias informaron sobre la incorporaci\u00f3n de 15 especialistas al Programa Institucional de Atenci\u00f3n Psicol\u00f3gica, que atiende a la comunidad universitaria; tambi\u00e9n se invit\u00f3 a las integrantes de los colectivos a formar parte de los comit\u00e9s de g\u00e9nero.<\/p>\n","protected":false},"excerpt":{"rendered":"<p>Durante la reuni\u00f3n que encabez\u00f3 con colectivos de universitarias feministas, el rector de la Universidad Aut\u00f3noma de Estado de M\u00e9xico, Alfredo Barrera Baca, destac\u00f3 la importancia de mantener un di\u00e1logo franco y constructivo que encauce las propuestas hacia la erradicaci\u00f3n de la violencia contra la mujer en todas sus formas.<\/p>\n","protected":false},"author":3,"featured_media":459009,"comment_status":"open","ping_status":"open","sticky":false,"template":"","format":"standard","meta":{"_monsterinsights_skip_tracking":false,"_monsterinsights_sitenote_active":false,"_monsterinsights_sitenote_note":"","_monsterinsights_sitenote_category":0,"footnotes":""},"categories":[5],"tags":[9862,43675,452,1491],"class_list":["post-458959","post","type-post","status-publish","format-standard","has-post-thumbnail","hentry","category-estado-de-mexico","tag-dialogo","tag-estado-de-mexico","tag-toluca","tag-uaem"],"_links":{"self":[{"href":"https:\/\/www.diarioimagen.net\/index.php?rest_route=\/wp\/v2\/posts\/458959","targetHints":{"allow":["GET"]}}],"collection":[{"href":"https:\/\/www.diarioimagen.net\/index.php?rest_route=\/wp\/v2\/posts"}],"about":[{"href":"https:\/\/www.diarioimagen.net\/index.php?rest_route=\/wp\/v2\/types\/post"}],"author":[{"embeddable":true,"href":"https:\/\/www.diarioimagen.net\/index.php?rest_route=\/wp\/v2\/users\/3"}],"replies":[{"embeddable":true,"href":"https:\/\/www.diarioimagen.net\/index.php?rest_route=%2Fwp%2Fv2%2Fcomments&post=458959"}],"version-history":[{"count":0,"href":"https:\/\/www.diarioimagen.net\/index.php?rest_route=\/wp\/v2\/posts\/458959\/revisions"}],"wp:featuredmedia":[{"embeddable":true,"href":"https:\/\/www.diarioimagen.net\/index.php?rest_route=\/wp\/v2\/media\/459009"}],"wp:attachment":[{"href":"https:\/\/www.diarioimagen.net\/index.php?rest_route=%2Fwp%2Fv2%2Fmedia&parent=458959"}],"wp:term":[{"taxonomy":"category","embeddable":true,"href":"https:\/\/www.diarioimagen.net\/index.php?rest_route=%2Fwp%2Fv2%2Fcategories&post=458959"},{"taxonomy":"post_tag","embeddable":true,"href":"https:\/\/www.diarioimagen.net\/index.php?rest_route=%2Fwp%2Fv2%2Ftags&post=458959"}],"curies":[{"name":"wp","href":"https:\/\/api.w.org\/{rel}","templated":true}]}}