{"id":458989,"date":"2020-02-06T00:02:53","date_gmt":"2020-02-06T06:02:53","guid":{"rendered":"https:\/\/www.diarioimagen.net\/?p=458989"},"modified":"2020-02-05T23:40:10","modified_gmt":"2020-02-06T05:40:10","slug":"el-presidente-nos-da-el-avion","status":"publish","type":"post","link":"https:\/\/www.diarioimagen.net\/?p=458989","title":{"rendered":"El Presidente \u201cnos da el avi\u00f3n\u201d"},"content":{"rendered":"<h2>La Retaguardia<\/h2>\n<h5>Adriana Moreno Cordero<\/h5>\n<p><em>\u00a0<\/em><\/p>\n<ul>\n<li><strong><em>Incapacidad total de 4T ante conflicto en UNAM<\/em><\/strong><\/li>\n<li><strong><em>Se acaban \u201cpuentes\u201d, las cr\u00edticas se dejan venir<\/em><\/strong><\/li>\n<\/ul>\n<p>&nbsp;<\/p>\n<p>El presidente nos da el avi\u00f3n, sin duda alguna. Resulta que diputados de la \u201caplanadora\u201d de Morena representada en el Congreso de la Uni\u00f3n, presentaron una iniciativa para que sea legal la rifa del avi\u00f3n presidencial TP 01, esa que con \u201cbombo y platillo\u201d ha publicitado el Ejecutivo. Todo, con tal de complacer a su jefe y mes\u00edas y fue el diputado <strong>Ra\u00fal Eduardo Bonifaz<\/strong> el que explic\u00f3 que con la propuesta se incluir\u00e1 la figura de sorteo en la enajenaci\u00f3n de bienes de la Naci\u00f3n.<\/p>\n<p>Por supuesto, el coordinador de la bancada de Morena en la C\u00e1mara de Diputados, <strong>Mario Mart\u00edn Delgado<\/strong>, ha estado muy movido en este asunto, ya que eso le permite a la C\u00e1mara Baja, especialmente a la fracci\u00f3n mayoritaria, correr tambi\u00e9n una cortina de humo, cada vez m\u00e1s delgada, por cierto,\u00a0 sobre los temas que verdaderamente importan\u00a0 y respecto a los cu\u00e1les, la llamada cuarta transformaci\u00f3n ha demostrado su incapacidad total.<\/p>\n<p>Ah\u00ed est\u00e1 la peor de las crisis que en mucho tiempo ha vivido la Universidad Nacional Aut\u00f3noma de M\u00e9xico. El problema es que al tabasque\u00f1o le falt\u00f3 agregar que la \u201cmano que mece la cuna\u201d para desestabilizar, es precisamente la de \u00e9l, que en el pasado reciente ha demostrado que en cuanto siente que algo o alguien lo cuestiona o lo pone en entredicho, de inmediato se lanza a la yugular, en un intento por neutralizar las cr\u00edticas.<\/p>\n<p>No es nada descabellado entonces, suponer que es el mism\u00edsimo tabasque\u00f1o el que pretende poner \u201cpiedras en el camino\u201d, ni m\u00e1s ni menos que al propio rector de la UNAM, <strong>Enrique Graue<\/strong>, para que deje la rector\u00eda de la m\u00e1xima casa de estudios y que ayer, sali\u00f3 p\u00fablicamente a se\u00f1alar que esas voces an\u00f3nimas, no conseguir\u00e1n desestabilizar a las autoridades universitarias.<\/p>\n<p>El rector Graue, hizo dos peticiones importantes, una de ellas, \u201cA esa primera cara, a la de los universitarios, les pido que se avance en el camino institucional, en armon\u00eda y di\u00e1logo. Est\u00e9n ciertos que todas y todos estamos con ellas, con las mujeres de una nueva Universidad\u201d, mientras que \u201cA la otra cara, a esos otros, quienes solo buscan desestabilizarnos, les digo que no lo conseguir\u00e1n, que tenemos claro lo que buscan, que no conseguir\u00e1n que escalemos la violencia con m\u00e1s violencia\u201d.<\/p>\n<p>Las mujeres encapuchadas, escondidas tras el anonimato, salieron de nueva cuenta para realizar pintas y destrozar todo lo que se ponga a su paso y con un objetivo muy definido sobre alguien.<\/p>\n<p>\u00bfPor qu\u00e9 ser\u00e1 que el presidente se obstina en acabar con todo aquello que represente un contrapeso en su gesti\u00f3n?<\/p>\n<p>Por su parte, el rector Graue insisti\u00f3 en que hay quienes quieren la violencia en la Universidad y que hay quienes tienen claros intereses ajenos en este conflicto, \u201cgrupos violentos que se presentan en los planteles escolares\u201d. As\u00ed, con 12 escuelas en paro, se ve muy dif\u00edcil que el rector Graue pueda salir avante de esta situaci\u00f3n.<\/p>\n<p style=\"text-align: center;\"><strong>MUNICIONES<\/strong><\/p>\n<p>*** Bueno, y como otra cortina de humo, ya que estamos en este juego, en su gustad\u00edsima conferencia de prensa ma\u00f1anera, el presidente L\u00f3pez Obrador anunci\u00f3 que ya no habr\u00e1 m\u00e1s puentes y que los d\u00edas festivos, se festejar\u00e1n en el d\u00eda que correspondan. Como se recordar\u00e1, esto lo instituy\u00f3 el presidente <strong>Vicente Fox<\/strong> y como ahora el tabasque\u00f1o quiere acabar de ra\u00edz con todo lo que huela a PAN, pues decidi\u00f3 poner su propio sello, as\u00ed que en el d\u00eda de la Constituci\u00f3n, el tabasque\u00f1o dijo que en abono en su \u201ctan llevada y tra\u00edda\u201d austeridad, mejor conocida como \u201caustericidio\u201d, se acabar\u00e1n los puentes. De inmediato hubo reacci\u00f3n y, por ejemplo, La Asociaci\u00f3n Nacional de Cadenas Hoteleras (ANCH) manifest\u00f3 su rechazo ante esta nueva y ocurrente medida de la llamada cuarta transformaci\u00f3n, por lo que solicitaron \u201cfrenar esta modificaci\u00f3n que planea enviar el Presidente L\u00f3pez Obrador, a fin de respaldar y salvaguardar al sector turismo, cuya actividad actualmente representa casi el 9 por ciento del Producto Interno Bruto del Pa\u00eds y genera 3.8 millones de empleos\u201d. Esto, en una carta dirigida al Secretario de Turismo (Sectur), <strong>Miguel Torruco Marqu\u00e9z<\/strong>.<\/p>\n<p>*** Hoy a las once de la ma\u00f1ana, la Direcci\u00f3n Nacional Extraordinaria del Partido de la Revoluci\u00f3n Democr\u00e1tica, (PRD) ofrecer\u00e1 una conferencia de prensa para anunciar la campa\u00f1a nacional \u201cEn Defensa de la Salud\u201d, esto, tras los embates que ha ocasionado la falta de medicamentos y la creaci\u00f3n del INSABI, misma que por cierto, el propio presidente L\u00f3pez Obrador se obstin\u00f3 en bloquear, especialmente entre los gobernadores de Acci\u00f3n Nacional, con los que el Ejecutivo comparti\u00f3 el pan y la sal hace dos d\u00edas. A la hora de los postres, fue el propio tabasque\u00f1o el que les dijo a los mandatarios estatales comandados por el mandatario estatal de Aguascalientes, <strong>Mart\u00edn Orozco<\/strong> que lo quer\u00eda todo o nada y entonces, se fueron por la borda los acuerdos que los del blanquiazul hab\u00edan firmado con representantes de la Secretar\u00eda de Salud; as\u00ed, con esa facilidad, el tabasque\u00f1o los tir\u00f3 a la basura.<\/p>\n<p>*** Hoy al mediod\u00eda, en el Senado de la Rep\u00fablica se llevar\u00e1 a cabo una sesi\u00f3n solemne para recibir al presidente de Guatemala, <strong>Alejandro Giammattei Falla<\/strong>. Como invitado de honor estar\u00e1 el s\u00faper canciller, <strong>Marcelo Ebrard Casaub\u00f3n<\/strong> y desde luego, estar\u00e1 obligado a hablar sobre el tema de las caravanas de migrantes centroamericanos que pretenden llegar a Estados Unidos.<\/p>\n<p>*** Al participar en el aniversario de la Constituci\u00f3n, la secretaria de Gobernaci\u00f3n, <strong>Olga S\u00e1nchez Cordero<\/strong>, se\u00f1al\u00f3 que \u201cEl presidente (L\u00f3pez Obrador), ha manifestado que ninguna reforma o ley penal habr\u00e1 afectaci\u00f3n y retroceso en materia de oso Derechos Humanos consagrados en nuestra Constituci\u00f3n, este compromiso es nuestra gu\u00eda\u201d. Bueno, pues si nos atenemos a la flamante ombusdperson, <strong>Rosario Piedra Ibarra<\/strong>, pues ya estuvo que estamos en \u201cla olla\u201d. Puras verg\u00fcenzas.<\/p>\n<p>*** Pero qu\u00e9 abusada sali\u00f3 <strong>Yeidckol Polevnsky,<\/strong> al pedir al Tribunal Electoral del Poder Judicial de la Federaci\u00f3n, un a\u00f1o m\u00e1s al frente de Morena, seg\u00fan ella, para depurar el padr\u00f3n de militantes. \u00bfSer\u00e1 que la se\u00f1ora solo quiere dejar a sus incondicionales en su partido y acabar con los enemigos?<\/p>\n<p><a href=\"mailto:morcora@gmail.com\" target=\"_blank\" rel=\"noopener noreferrer\"><em>morcora@gmail.com<\/em><\/a><\/p>\n","protected":false},"excerpt":{"rendered":"<p><span style=\"color: #005497;\"><strong>Adriana Moreno Cordero<\/strong><\/span><\/p>\n","protected":false},"author":3,"featured_media":0,"comment_status":"open","ping_status":"open","sticky":false,"template":"","format":"standard","meta":{"_monsterinsights_skip_tracking":false,"_monsterinsights_sitenote_active":false,"_monsterinsights_sitenote_note":"","_monsterinsights_sitenote_category":0,"footnotes":""},"categories":[69370],"tags":[69369,69368,43674],"class_list":["post-458989","post","type-post","status-publish","format-standard","hentry","category-adriana-moreno-cordero","tag-adriana-moreno-cordero","tag-la-retaguardia","tag-opinion"],"_links":{"self":[{"href":"https:\/\/www.diarioimagen.net\/index.php?rest_route=\/wp\/v2\/posts\/458989","targetHints":{"allow":["GET"]}}],"collection":[{"href":"https:\/\/www.diarioimagen.net\/index.php?rest_route=\/wp\/v2\/posts"}],"about":[{"href":"https:\/\/www.diarioimagen.net\/index.php?rest_route=\/wp\/v2\/types\/post"}],"author":[{"embeddable":true,"href":"https:\/\/www.diarioimagen.net\/index.php?rest_route=\/wp\/v2\/users\/3"}],"replies":[{"embeddable":true,"href":"https:\/\/www.diarioimagen.net\/index.php?rest_route=%2Fwp%2Fv2%2Fcomments&post=458989"}],"version-history":[{"count":0,"href":"https:\/\/www.diarioimagen.net\/index.php?rest_route=\/wp\/v2\/posts\/458989\/revisions"}],"wp:attachment":[{"href":"https:\/\/www.diarioimagen.net\/index.php?rest_route=%2Fwp%2Fv2%2Fmedia&parent=458989"}],"wp:term":[{"taxonomy":"category","embeddable":true,"href":"https:\/\/www.diarioimagen.net\/index.php?rest_route=%2Fwp%2Fv2%2Fcategories&post=458989"},{"taxonomy":"post_tag","embeddable":true,"href":"https:\/\/www.diarioimagen.net\/index.php?rest_route=%2Fwp%2Fv2%2Ftags&post=458989"}],"curies":[{"name":"wp","href":"https:\/\/api.w.org\/{rel}","templated":true}]}}