{"id":459066,"date":"2020-02-07T00:01:45","date_gmt":"2020-02-07T06:01:45","guid":{"rendered":"https:\/\/www.diarioimagen.net\/?p=459066"},"modified":"2020-02-07T00:55:44","modified_gmt":"2020-02-07T06:55:44","slug":"entrega-barrera-reconstruccion-de-infraestructura-danada-por-sismos","status":"publish","type":"post","link":"https:\/\/www.diarioimagen.net\/?p=459066","title":{"rendered":"Entrega Barrera reconstrucci\u00f3n de infraestructura da\u00f1ada por sismos"},"content":{"rendered":"<ul>\n<li><em><strong>En el Centro Universitario UAEM-Texcoco<\/strong><\/em><\/li>\n<li><em><strong>Rehabilitaci\u00f3n de instalaciones deportivas y remodelaci\u00f3n del Edificio B y cafeter\u00eda<\/strong><\/em><\/li>\n<\/ul>\n<p>&nbsp;<\/p>\n<div id=\"attachment_459126\" style=\"width: 470px\" class=\"wp-caption aligncenter\"><a href=\"https:\/\/www.diarioimagen.net\/?attachment_id=459126\" rel=\"attachment wp-att-459126\"><img loading=\"lazy\" decoding=\"async\" aria-describedby=\"caption-attachment-459126\" class=\"size-large wp-image-459126\" src=\"https:\/\/www.diarioimagen.net\/wp-content\/uploads\/2020\/02\/UAEM-3-460x259.jpg\" alt=\"\" width=\"460\" height=\"259\" srcset=\"https:\/\/www.diarioimagen.net\/wp-content\/uploads\/2020\/02\/UAEM-3-460x259.jpg 460w, https:\/\/www.diarioimagen.net\/wp-content\/uploads\/2020\/02\/UAEM-3-240x135.jpg 240w, https:\/\/www.diarioimagen.net\/wp-content\/uploads\/2020\/02\/UAEM-3-235x132.jpg 235w, https:\/\/www.diarioimagen.net\/wp-content\/uploads\/2020\/02\/UAEM-3-202x114.jpg 202w, https:\/\/www.diarioimagen.net\/wp-content\/uploads\/2020\/02\/UAEM-3-350x196.jpg 350w, https:\/\/www.diarioimagen.net\/wp-content\/uploads\/2020\/02\/UAEM-3-220x123.jpg 220w, https:\/\/www.diarioimagen.net\/wp-content\/uploads\/2020\/02\/UAEM-3-237x132.jpg 237w, https:\/\/www.diarioimagen.net\/wp-content\/uploads\/2020\/02\/UAEM-3.jpg 480w\" sizes=\"auto, (max-width: 460px) 100vw, 460px\" \/><\/a><p id=\"caption-attachment-459126\" class=\"wp-caption-text\">El rector Alfredo Barrera asever\u00f3 que el Centro Universitario UAEM Texcoco es ejemplo de una comunidad que resiste y no claudica.<\/p><\/div>\n<p>&nbsp;<\/p>\n<p><strong>Texcoco, Estado de M\u00e9xico<\/strong>.\u2013 Al entregar a la comunidad del Centro Universitario UAEM Texcoco la rehabilitaci\u00f3n y reconstrucci\u00f3n de instalaciones deportivas, la remodelaci\u00f3n del Edificio B y la cafeter\u00eda, el rector de la Universidad Aut\u00f3noma del Estado de M\u00e9xico, Alfredo Barrera Baca, afirm\u00f3 que con recursos propios y la generosidad que representa el Programa Institucional Universitario Benefactor, se avanza en el rescate de infraestructura da\u00f1ada por los sismos de septiembre de 2017.<\/p>\n<p>Al presidir el primer informe de actividades del director del Centro Universitario UAEM Texcoco, Juan Miguel Mu\u00f1oz Araujo, el rector asever\u00f3 que este espacio acad\u00e9mico es ejemplo de una comunidad que resiste y no claudica.<\/p>\n<p>Luego de reconocer las aportaciones que el diputado local por el Distrito de Chicoloapan, Adri\u00e1n Manuel Galicia Salcedo, realiz\u00f3 al Programa Universitario Benefactor, Alfredo Barrera subray\u00f3 la capacidad de gesti\u00f3n de la instituci\u00f3n, que se ratifica en los convenios firmados con ayuntamientos de la regi\u00f3n y en los operativos de seguridad realizados por las autoridades estatales y locales a favor de la seguridad de los estudiantes.<\/p>\n<p>Antes de realizar un recorrido por el campus, donde conoci\u00f3 el avance de los trabajos de remodelaci\u00f3n al Edificio C, el rector asever\u00f3 que las seis licenciaturas que ofrece el Centro Universitario UAEM Texcoco en la modalidad mixta constituyen un avance en la creaci\u00f3n de m\u00e1s espacios educativos para los j\u00f3venes, con la voluntad inquebrantable de educar m\u00e1s con mayor calidad. Juan Miguel Mu\u00f1oz Araujo se\u00f1al\u00f3 que con cuatro mil 560 alumnos de licenciatura y posgrado este campus es el m\u00e1s grande de la Aut\u00f3noma mexiquense en la zona oriente de la entidad.<\/p>\n<p>Ante el director de Seguridad P\u00fablica de Texcoco, Jos\u00e9 Alfonso Valtierra Guzm\u00e1n, y el director general de la C\u00e1mara de Comercio en Texcoco, V\u00edctor Manuel Mart\u00ednez, el servidor universitario destac\u00f3 el programa de bacheo que en conjunto realizan los gobiernos estatal y municipal en el acceso principal del Centro Universitario.<\/p>\n<p>Asimismo, inform\u00f3 que 11 de los 26 profesores de tiempo completo del campus son miembros del Sistema Nacional de Investigadores (SNI) y destac\u00f3 el trabajo de los ocho cuerpos acad\u00e9micos que generan conocimiento cient\u00edfico y tecnol\u00f3gico.<\/p>\n","protected":false},"excerpt":{"rendered":"<p>Al entregar a la comunidad del Centro Universitario UAEM Texcoco la rehabilitaci\u00f3n y reconstrucci\u00f3n de instalaciones deportivas, la remodelaci\u00f3n del Edificio B y la cafeter\u00eda, el rector de la Universidad Aut\u00f3noma del Estado de M\u00e9xico, Alfredo Barrera Baca, afirm\u00f3 que con recursos propios y la generosidad que representa el Programa Institucional Universitario Benefactor, se avanza en el rescate de infraestructura da\u00f1ada por los sismos de septiembre de 2017.<\/p>\n","protected":false},"author":3,"featured_media":459126,"comment_status":"open","ping_status":"open","sticky":false,"template":"","format":"standard","meta":{"_monsterinsights_skip_tracking":false,"_monsterinsights_sitenote_active":false,"_monsterinsights_sitenote_note":"","_monsterinsights_sitenote_category":0,"footnotes":""},"categories":[5],"tags":[43675,18394,18043,540],"class_list":["post-459066","post","type-post","status-publish","format-standard","has-post-thumbnail","hentry","category-estado-de-mexico","tag-estado-de-mexico","tag-infraestructura","tag-sismos","tag-texcoco"],"_links":{"self":[{"href":"https:\/\/www.diarioimagen.net\/index.php?rest_route=\/wp\/v2\/posts\/459066","targetHints":{"allow":["GET"]}}],"collection":[{"href":"https:\/\/www.diarioimagen.net\/index.php?rest_route=\/wp\/v2\/posts"}],"about":[{"href":"https:\/\/www.diarioimagen.net\/index.php?rest_route=\/wp\/v2\/types\/post"}],"author":[{"embeddable":true,"href":"https:\/\/www.diarioimagen.net\/index.php?rest_route=\/wp\/v2\/users\/3"}],"replies":[{"embeddable":true,"href":"https:\/\/www.diarioimagen.net\/index.php?rest_route=%2Fwp%2Fv2%2Fcomments&post=459066"}],"version-history":[{"count":0,"href":"https:\/\/www.diarioimagen.net\/index.php?rest_route=\/wp\/v2\/posts\/459066\/revisions"}],"wp:featuredmedia":[{"embeddable":true,"href":"https:\/\/www.diarioimagen.net\/index.php?rest_route=\/wp\/v2\/media\/459126"}],"wp:attachment":[{"href":"https:\/\/www.diarioimagen.net\/index.php?rest_route=%2Fwp%2Fv2%2Fmedia&parent=459066"}],"wp:term":[{"taxonomy":"category","embeddable":true,"href":"https:\/\/www.diarioimagen.net\/index.php?rest_route=%2Fwp%2Fv2%2Fcategories&post=459066"},{"taxonomy":"post_tag","embeddable":true,"href":"https:\/\/www.diarioimagen.net\/index.php?rest_route=%2Fwp%2Fv2%2Ftags&post=459066"}],"curies":[{"name":"wp","href":"https:\/\/api.w.org\/{rel}","templated":true}]}}