{"id":459067,"date":"2020-02-07T00:01:10","date_gmt":"2020-02-07T06:01:10","guid":{"rendered":"https:\/\/www.diarioimagen.net\/?p=459067"},"modified":"2020-02-07T01:04:25","modified_gmt":"2020-02-07T07:04:25","slug":"el-carnaval-de-cozumel-herencia-de-nuestra-gente-en-su-version-146-cuenta-con-eventos-deportivos-culturales-y-artisticos","status":"publish","type":"post","link":"https:\/\/www.diarioimagen.net\/?p=459067","title":{"rendered":"El Carnaval de Cozumel \u201c\u00a1Herencia de nuestra gente!\u201d, en su versi\u00f3n 146 cuenta con eventos deportivos, culturales y art\u00edsticos"},"content":{"rendered":"<h2>De cinco estrellas<\/h2>\n<h5>Victoria Gonz\u00e1lez Prado<\/h5>\n<p><strong>\u00a0<\/strong><\/p>\n<ul>\n<li><em><strong>\u201cInto America\u2019s Wild\u201d, nuevo documental que te llevar\u00e1 a viajar por las \u00e1reas naturales m\u00e1s ic\u00f3nicas de la Uni\u00f3n Americana<\/strong><\/em><\/li>\n<\/ul>\n<p>&nbsp;<\/p>\n<div id=\"attachment_459129\" style=\"width: 470px\" class=\"wp-caption aligncenter\"><a href=\"https:\/\/www.diarioimagen.net\/?attachment_id=459129\" rel=\"attachment wp-att-459129\"><img loading=\"lazy\" decoding=\"async\" aria-describedby=\"caption-attachment-459129\" class=\"size-large wp-image-459129\" src=\"https:\/\/www.diarioimagen.net\/wp-content\/uploads\/2020\/02\/turismo-2-460x259.jpg\" alt=\"\" width=\"460\" height=\"259\" srcset=\"https:\/\/www.diarioimagen.net\/wp-content\/uploads\/2020\/02\/turismo-2-460x259.jpg 460w, https:\/\/www.diarioimagen.net\/wp-content\/uploads\/2020\/02\/turismo-2-240x135.jpg 240w, https:\/\/www.diarioimagen.net\/wp-content\/uploads\/2020\/02\/turismo-2-235x132.jpg 235w, https:\/\/www.diarioimagen.net\/wp-content\/uploads\/2020\/02\/turismo-2-202x114.jpg 202w, https:\/\/www.diarioimagen.net\/wp-content\/uploads\/2020\/02\/turismo-2-350x196.jpg 350w, https:\/\/www.diarioimagen.net\/wp-content\/uploads\/2020\/02\/turismo-2-220x123.jpg 220w, https:\/\/www.diarioimagen.net\/wp-content\/uploads\/2020\/02\/turismo-2-237x132.jpg 237w, https:\/\/www.diarioimagen.net\/wp-content\/uploads\/2020\/02\/turismo-2.jpg 480w\" sizes=\"auto, (max-width: 460px) 100vw, 460px\" \/><\/a><p id=\"caption-attachment-459129\" class=\"wp-caption-text\">Pedro Joaqu\u00edn Delbouis, Jos\u00e9 Manuel L\u00f3pez Campos y Pedro Hermosillo L\u00f3pez (abajo), los participantes en la presentaci\u00f3n.<\/p><\/div>\n<p>&nbsp;<\/p>\n<p>En M\u00e9xico es tradici\u00f3n celebrar el Carnaval \u2013fiesta pagano religiosa\u2014 y quienes as\u00ed lo hacen utilizan m\u00e1scaras y disfraces coloridos y pintorescos para luego desfilar con las comparsas. Inicia siempre en febrero o marzo y culmina en martes pues al d\u00eda siguiente, mi\u00e9rcoles de ceniza, empieza la cuaresma para los cristianos.<\/p>\n<p>Las fiestas de Carnaval est\u00e1n relacionadas con la religi\u00f3n, es s\u00edmbolo de la \u201cdespedida de la carne\u201d, seg\u00fan la tradici\u00f3n cristiana durante los 40 d\u00edas siguientes se debe evitar comer carne roja.<\/p>\n<p>Cozumel, en Quintana Roo, es de los lugares donde se celebra el Carnaval y para presentarlo <strong>Pedro Joaqu\u00edn Delbouis<\/strong>, presidente municipal de Cozumel, dio a conocer las actividades a realizarse en esta versi\u00f3n 146, plena de historia y que inici\u00f3 el s\u00e1bado 25 de enero para concluir el 16 de febrero pr\u00f3ximo.<\/p>\n<p>En la reuni\u00f3n, se firm\u00f3 carta de acuerdo por el Turismo con la Confederaci\u00f3n de C\u00e1maras Nacionales de Comercio, Servicios y Turismo (Concanaco-Servytur), con lo que el organismo empresarial se compromete a la difusi\u00f3n de las bellezas y atractivos tur\u00edsticos de la isla.<\/p>\n<p>En el Carnaval, denominado \u201c\u00a1Herencia de nuestra gente!\u201d, no faltar\u00e1n eventos de talla mundial, que van desde los deportivos hasta los culturales. Al respecto, el alcalde se\u00f1al\u00f3 que el acuerdo firmado se suma a los ya existentes con diversas empresas, con el objetivo principal de incrementar la afluencia tur\u00edstica la isla, para que con el gobierno del estado, mediante el Consejo de Promoci\u00f3n Tur\u00edstica de Quintana Roo (CPTQ), la tradicional y gran fiesta carnavalesca se convierta en la m\u00e1s importante del Caribe.<\/p>\n<p>Por otra parte, <strong>Pedro Joaqu\u00edn Delbouis<\/strong> indic\u00f3: \u201cCozumel es la cuna del turismo en Quintana Roo. El sol, la playa, la cultura y sus bellezas naturales, adem\u00e1s de la calidad y calidez de su gente, han sido la base del producto tur\u00edstico que tiene nuestra isla desde hace 60 a\u00f1os, y hoy destino l\u00edder en arribo de cruceros en el Caribe y Am\u00e9rica Latina, que atrae a millones de visitantes de todo el mundo\u201d.<\/p>\n<p>Asimismo dijo que los eventos deportivos, que con \u00e9xito se realizan en la isla, han llevado a que Cozumel reconquiste al turismo nacional que se hab\u00eda perdido hace muchos a\u00f1os y el Carnaval es motivo para atraerlos.<\/p>\n<p>En su oportunidad, <strong>Jos\u00e9 Manuel L\u00f3pez Campos<\/strong>, presidente de la Concanaco-Servytur, felicit\u00f3 al presidente municipal de Cozumel por impulsar a la llamada \u201cIsla del Deporte\u201d y diversificar otros productos para difundir las tradiciones, que tambi\u00e9n fortalecen al turismo de pernocta.<\/p>\n<p>Reiter\u00f3 que la Concanaco se compromete con las autoridades y empresarios para lograr mayor afluencia y derrama econ\u00f3mica en los destinos de M\u00e9xico, en este caso Cozumel y record\u00f3 que la isla, tendr\u00e1 presencia en el Tianguis Tur\u00edstico del 22 al 25 de marzo en la Ciudad de M\u00e9rida, Yucat\u00e1n, para poner los productos tur\u00edsticos a disposici\u00f3n de los tour-operadores de cerca de 50 pa\u00edses.<\/p>\n<p><strong>Juan Carlos Villanueva<\/strong>, Oficial Mayor, al hacer uso de la palabra dio a conocer los eventos programados para el carnaval, que inici\u00f3 el s\u00e1bado 25 de enero. Del programa art\u00edstico destac\u00f3 la participaci\u00f3n del reguetonero <strong>Manuel Turizo<\/strong>, el comediante <strong>Nani Nam\u00fa<\/strong>, <strong>Reik<\/strong>, Super Lamas, Chico Che Chico y el martes 25 de febrero, el concierto gratuito de <strong>Chayanne<\/strong>, en el Parque Quintana Roo.<\/p>\n<p>El director de turismo y desarrollo econ\u00f3mico de Cozumel, <strong>Pedro Hermosillo L\u00f3pez<\/strong>, anunci\u00f3 que se realizar\u00e1 caravana cultural que pretende llevar las riquezas de la isla a toda la Rep\u00fablica y adelant\u00f3 que para los pr\u00f3ximos meses se han preparado 10 razones para que los turistas nacionales y extranjeros visiten la isla, como la Fiesta de la Santa Cruz (El Cedral), Torneo de Pesca y Rodeo de lanchas mexicanas y la Traves\u00eda Sagrada Maya, que se realiza junto con Grupo Xcaret, en mayo; eventos deportivos como el <em>Iron Man 70.3<\/em>, <em>Oceanman,<\/em> Gran Fondo NY Cozumel (GFNY), <em>AsTriCozumel<\/em>, <em>Ironman Cozumel<\/em>, en los meses de septiembre a noviembre y el Festival <em>Scuba Fest,<\/em> que se realiza en diciembre.<\/p>\n<p>\u2730\u2730\u2730\u2730\u2730 <em>Into America\u2019s Wild\u201d<\/em>, nuevo documental en formato 3D para pantalla <em>IMAX <\/em>te llevar\u00e1 a viajar por las \u00e1reas naturales m\u00e1s ic\u00f3nicas de la Uni\u00f3n Americana. Producida por <em>MacGillivray Freeman Films<\/em> en asociaci\u00f3n con <em>Brand USA <\/em>y presentada por los patrocinadores <em>Expedia y United Airlines<\/em>, esta pel\u00edcula muestra la diversidad de maravillas naturales y urbanas del territorio estadounidense.<\/p>\n<p>Para guiar este viaje: <strong>John Herrington<\/strong>, primer astronauta nativo americano; <strong>Ariel Tweto<\/strong>, piloto y defensor de la juventud originario de Alaska; y <strong>Jennifer Pharr Davis<\/strong>, atleta que ha roto r\u00e9cords en senderismo comparten la pasi\u00f3n de conectar a las personas con experiencias en la naturaleza y descubrir la conexi\u00f3n que los seres humanos compartimos con el mundo natural.<\/p>\n<p><em>Brand USA <\/em>hace uso del cine para resaltar experiencias de viaje que los Estados Unidos ofrecen a sus visitantes. Tras el \u00e9xito que alcanzaron los dos anteriores documentales para pantalla gigante, \u201c<em>Into America\u2019s Wild<\/em>\u201d se estrenar\u00e1 en cientos de salas cinematogr\u00e1ficas alrededor del mundo para inspirar a m\u00e1s viajeros a visitar este pa\u00eds.<\/p>\n<p><strong>Christopher L. Thompson<\/strong>, presidente y CEO de <em>Brand USA<\/em> dice: \u201cnuestras pel\u00edculas han demostrado que la pantalla gigante puede ser medio de gran influencia, ya que han inspirado a viajeros de todo el mundo a explorar las maravillas que existen en los Estados Unidos. A\u00fan existe mucha vida salvaje en el territorio y estamos emocionados de compartir nuestro tercer filme,\u00a0<em>\u2018Into America\u2019s Wild\u2019<\/em>, que retrata el esp\u00edritu aventurero del pa\u00eds, para invitar a viajeros de todo el mundo y lo exploren. Agradecemos a nuestros socios el apoyo brindado que ha sido crucial para poder producir esta pel\u00edcula\u201d.<\/p>\n<p>Por su parte <strong>Greg MacGillivray<\/strong>, presidente de <em>MacGillivray Freeman Films<\/em> y director del documental indic\u00f3:<em> \u201cInto America\u2019s Wild\u00a0 <\/em>es aventura continua en paisajes naturales espectaculares y sitios no tan conocidos para convivir con la naturaleza puede provocar experiencias inolvidables y mejorar nuestras vidas\u201d.<\/p>\n<p><strong>Shaun MacGillivray<\/strong>, productor del filme\u00a0y presidente de <em>MacGillivray Freeman Films<\/em> se\u00f1al\u00f3: \u201cgracias a la inmersi\u00f3n total que se genera a trav\u00e9s de la pantalla gigante,<em> \u2018Into America\u2019s Wild\u2019<\/em> invita a los espectadores a conectar con su esp\u00edritu explorador y trazar su propia aventura, ya sea viaje a las monta\u00f1as o al desierto, o caminata en el parque de su vecindario\u201d, agrega<\/p>\n<p>El documental \u201340 minutos de duraci\u00f3n\u2014 es apto para toda la familia. Se espera que llegue a M\u00e9xico en los pr\u00f3ximos meses.<\/p>\n<blockquote><p>&nbsp;<\/p>\n<p style=\"text-align: right;\"><strong>\u201cEl \u00e1ngel de la fama tiene sus alas hechas de papel&#8230; peri\u00f3dico\u201d.<\/strong><\/p>\n<\/blockquote>\n<p><em><span class=\"Apple-converted-space\"><a href=\"mailto:victoriagprado@gmail.com\" target=\"_blank\" rel=\"noopener noreferrer\">victoriagprado@gmail.com<\/a><br \/>\nTwitter: <a href=\"https:\/\/twitter.com\/victoriagprado\" target=\"_blank\" rel=\"noopener noreferrer\">@victoriagprado<\/a><\/span><\/em><\/p>\n","protected":false},"excerpt":{"rendered":"<p>En M\u00e9xico es tradici\u00f3n celebrar el Carnaval \u2013fiesta pagano religiosa\u2014 y quienes as\u00ed lo hacen utilizan m\u00e1scaras y disfraces coloridos y pintorescos para luego desfilar con las comparsas. Inicia siempre en febrero o marzo y culmina en martes pues al d\u00eda siguiente, mi\u00e9rcoles de ceniza, empieza la cuaresma para los cristianos.\u00a0\u00a0<\/p>\n","protected":false},"author":3,"featured_media":459129,"comment_status":"open","ping_status":"open","sticky":false,"template":"","format":"standard","meta":{"_monsterinsights_skip_tracking":false,"_monsterinsights_sitenote_active":false,"_monsterinsights_sitenote_note":"","_monsterinsights_sitenote_category":0,"footnotes":""},"categories":[11],"tags":[107,43674,43681,106],"class_list":["post-459067","post","type-post","status-publish","format-standard","has-post-thumbnail","hentry","category-turismo","tag-de-cinco-estrellas","tag-opinion","tag-turismo","tag-victoria-gonzalez-prado"],"_links":{"self":[{"href":"https:\/\/www.diarioimagen.net\/index.php?rest_route=\/wp\/v2\/posts\/459067","targetHints":{"allow":["GET"]}}],"collection":[{"href":"https:\/\/www.diarioimagen.net\/index.php?rest_route=\/wp\/v2\/posts"}],"about":[{"href":"https:\/\/www.diarioimagen.net\/index.php?rest_route=\/wp\/v2\/types\/post"}],"author":[{"embeddable":true,"href":"https:\/\/www.diarioimagen.net\/index.php?rest_route=\/wp\/v2\/users\/3"}],"replies":[{"embeddable":true,"href":"https:\/\/www.diarioimagen.net\/index.php?rest_route=%2Fwp%2Fv2%2Fcomments&post=459067"}],"version-history":[{"count":0,"href":"https:\/\/www.diarioimagen.net\/index.php?rest_route=\/wp\/v2\/posts\/459067\/revisions"}],"wp:featuredmedia":[{"embeddable":true,"href":"https:\/\/www.diarioimagen.net\/index.php?rest_route=\/wp\/v2\/media\/459129"}],"wp:attachment":[{"href":"https:\/\/www.diarioimagen.net\/index.php?rest_route=%2Fwp%2Fv2%2Fmedia&parent=459067"}],"wp:term":[{"taxonomy":"category","embeddable":true,"href":"https:\/\/www.diarioimagen.net\/index.php?rest_route=%2Fwp%2Fv2%2Fcategories&post=459067"},{"taxonomy":"post_tag","embeddable":true,"href":"https:\/\/www.diarioimagen.net\/index.php?rest_route=%2Fwp%2Fv2%2Ftags&post=459067"}],"curies":[{"name":"wp","href":"https:\/\/api.w.org\/{rel}","templated":true}]}}