{"id":459070,"date":"2020-02-07T00:02:09","date_gmt":"2020-02-07T06:02:09","guid":{"rendered":"https:\/\/www.diarioimagen.net\/?p=459070"},"modified":"2020-02-07T01:05:31","modified_gmt":"2020-02-07T07:05:31","slug":"bases-de-la-administracion-municipal-se-apegan-al-concepto-de-seguridad-humana-patricia-duran","status":"publish","type":"post","link":"https:\/\/www.diarioimagen.net\/?p=459070","title":{"rendered":"Bases de la administraci\u00f3n municipal se apegan al concepto de seguridad humana: Patricia Dur\u00e1n"},"content":{"rendered":"<ul>\n<li><strong><em>Promulga Bando Municipal 2020<\/em><\/strong><\/li>\n<\/ul>\n<p>&nbsp;<\/p>\n<div id=\"attachment_459135\" style=\"width: 470px\" class=\"wp-caption aligncenter\"><a href=\"https:\/\/www.diarioimagen.net\/?attachment_id=459135\" rel=\"attachment wp-att-459135\"><img loading=\"lazy\" decoding=\"async\" aria-describedby=\"caption-attachment-459135\" class=\"size-large wp-image-459135\" src=\"https:\/\/www.diarioimagen.net\/wp-content\/uploads\/2020\/02\/NAUCALPAN-2-460x285.jpg\" alt=\"\" width=\"460\" height=\"285\" srcset=\"https:\/\/www.diarioimagen.net\/wp-content\/uploads\/2020\/02\/NAUCALPAN-2-460x285.jpg 460w, https:\/\/www.diarioimagen.net\/wp-content\/uploads\/2020\/02\/NAUCALPAN-2-240x148.jpg 240w, https:\/\/www.diarioimagen.net\/wp-content\/uploads\/2020\/02\/NAUCALPAN-2.jpg 700w\" sizes=\"auto, (max-width: 460px) 100vw, 460px\" \/><\/a><p id=\"caption-attachment-459135\" class=\"wp-caption-text\">Para la elaboraci\u00f3n del Bando Municipal se contemplaron las demandas y necesidades de los ciudadanos, afirma la alcaldesa Patricia Dur\u00e1n.<\/p><\/div>\n<p>&nbsp;<\/p>\n<p><strong>Naucalpan, Estado de M\u00e9xico<\/strong>.- La Presidenta Municipal, Patricia Dur\u00e1n Reveles, promulg\u00f3 el Bando Municipal 2020 en una ceremonia en la que estuvo acompa\u00f1ada por los integrantes del Cabildo, el Secretario del Ayuntamiento, Arturo Joaqu\u00edn Col\u00edn, as\u00ed como el Subsecretario de Desarrollo Metropolitano del Gobierno estatal, Pablo Bas\u00e1\u00f1ez.<\/p>\n<p>Dur\u00e1n Reveles se\u00f1al\u00f3 que el documento que establece las bases de la Administraci\u00f3n municipal, as\u00ed como los derechos y obligaciones de los ciudadanos, se apega al concepto de seguridad humana, como eje rector de su gobierno. \u201cEste documento establece la normatividad de mi Gobierno bajo el concepto de Seguridad Humana, siempre a favor de los derechos humanos, la participaci\u00f3n ciudadana, la igualdad y la protecci\u00f3n de los naucalpenses para garantizar Seguridad Humana a todos los ciudadanos\u201d, puntualiz\u00f3.<\/p>\n<p>Para su elaboraci\u00f3n, a\u00f1adi\u00f3 la Mun\u00edcipe, el Bando contempl\u00f3 las demandas y necesidades de los ciudadanos. Entre las principales adecuaciones sobresalen medidas de protecci\u00f3n a ni\u00f1as y mujeres ante agresiones verbales, un tema al que Dur\u00e1n Reveles ha dado prioridad en su Administraci\u00f3n; por ello, se considera como falta administrativa todo acto individual o colectivo que propicie la degradaci\u00f3n, discriminaci\u00f3n o exclusi\u00f3n de las mujeres.<\/p>\n<p>\u201cEl Bando ayuda a prevenir, atender, sancionar y erradicar la violencia de g\u00e9nero contra ni\u00f1as y mujeres\u201d, expres\u00f3 Joaqu\u00edn Arturo Col\u00edn Mar\u00edn, Secretario del Ayuntamiento, en la exposici\u00f3n de motivos. En materia de protecci\u00f3n animal, se reconoce a los animales como seres sintientes y, a su vez, proh\u00edbe su venta en la v\u00eda p\u00fablica.<\/p>\n<p>En el rubro de medio ambiente, se fortaleci\u00f3 la regulaci\u00f3n para inhibir el uso de pl\u00e1sticos de un solo uso, a fin de usar envases biodegradables. Respecto a los tiraderos clandestinos, el Bando contempla un apartado que proh\u00edbe el dep\u00f3sito de desechos en sitios no autorizados, como barrancas o r\u00edos. Tras las modificaciones, el Bando Municipal de Naucalpan 2020 cuenta con 165 art\u00edculos, divididos en 16 t\u00edtulos. La normativa entra en vigor a partir del 5 de febrero de 2020 y deroga el anterior Bando Municipal 2019.<\/p>\n<p>La Alcaldesa invit\u00f3 a la ciudadan\u00eda a conocer sus derechos y obligaciones plasmados en el Bando Municipal, a fin de no permitir abusos por parte de autoridades y conocer el marco normativo que rige la demarcaci\u00f3n.<\/p>\n","protected":false},"excerpt":{"rendered":"<p>La Presidenta Municipal, Patricia Dur\u00e1n Reveles, promulg\u00f3 el Bando Municipal 2020 en una ceremonia en la que estuvo acompa\u00f1ada por los integrantes del Cabildo, el Secretario del Ayuntamiento, Arturo Joaqu\u00edn Col\u00edn, as\u00ed como el Subsecretario de Desarrollo Metropolitano del Gobierno estatal, Pablo Bas\u00e1\u00f1ez.<\/p>\n","protected":false},"author":3,"featured_media":459135,"comment_status":"open","ping_status":"open","sticky":false,"template":"","format":"standard","meta":{"_monsterinsights_skip_tracking":false,"_monsterinsights_sitenote_active":false,"_monsterinsights_sitenote_note":"","_monsterinsights_sitenote_category":0,"footnotes":""},"categories":[5],"tags":[1304,89963,43675,970],"class_list":["post-459070","post","type-post","status-publish","format-standard","has-post-thumbnail","hentry","category-estado-de-mexico","tag-administracion","tag-concepto","tag-estado-de-mexico","tag-naucalpan"],"_links":{"self":[{"href":"https:\/\/www.diarioimagen.net\/index.php?rest_route=\/wp\/v2\/posts\/459070","targetHints":{"allow":["GET"]}}],"collection":[{"href":"https:\/\/www.diarioimagen.net\/index.php?rest_route=\/wp\/v2\/posts"}],"about":[{"href":"https:\/\/www.diarioimagen.net\/index.php?rest_route=\/wp\/v2\/types\/post"}],"author":[{"embeddable":true,"href":"https:\/\/www.diarioimagen.net\/index.php?rest_route=\/wp\/v2\/users\/3"}],"replies":[{"embeddable":true,"href":"https:\/\/www.diarioimagen.net\/index.php?rest_route=%2Fwp%2Fv2%2Fcomments&post=459070"}],"version-history":[{"count":0,"href":"https:\/\/www.diarioimagen.net\/index.php?rest_route=\/wp\/v2\/posts\/459070\/revisions"}],"wp:featuredmedia":[{"embeddable":true,"href":"https:\/\/www.diarioimagen.net\/index.php?rest_route=\/wp\/v2\/media\/459135"}],"wp:attachment":[{"href":"https:\/\/www.diarioimagen.net\/index.php?rest_route=%2Fwp%2Fv2%2Fmedia&parent=459070"}],"wp:term":[{"taxonomy":"category","embeddable":true,"href":"https:\/\/www.diarioimagen.net\/index.php?rest_route=%2Fwp%2Fv2%2Fcategories&post=459070"},{"taxonomy":"post_tag","embeddable":true,"href":"https:\/\/www.diarioimagen.net\/index.php?rest_route=%2Fwp%2Fv2%2Ftags&post=459070"}],"curies":[{"name":"wp","href":"https:\/\/api.w.org\/{rel}","templated":true}]}}