{"id":459074,"date":"2020-02-07T00:03:52","date_gmt":"2020-02-07T06:03:52","guid":{"rendered":"https:\/\/www.diarioimagen.net\/?p=459074"},"modified":"2020-02-07T01:06:08","modified_gmt":"2020-02-07T07:06:08","slug":"ciudadanos-reconocen-la-capacidad-del-gobierno-de-huixquilucan","status":"publish","type":"post","link":"https:\/\/www.diarioimagen.net\/?p=459074","title":{"rendered":"Ciudadanos reconocen la capacidad del gobierno de Huixquilucan"},"content":{"rendered":"<p><a href=\"https:\/\/www.diarioimagen.net\/?attachment_id=459139\" rel=\"attachment wp-att-459139\"><img loading=\"lazy\" decoding=\"async\" class=\"aligncenter size-large wp-image-459139\" src=\"https:\/\/www.diarioimagen.net\/wp-content\/uploads\/2020\/02\/HUIXQUILUCAN-1-460x259.jpg\" alt=\"\" width=\"460\" height=\"259\" srcset=\"https:\/\/www.diarioimagen.net\/wp-content\/uploads\/2020\/02\/HUIXQUILUCAN-1-460x259.jpg 460w, https:\/\/www.diarioimagen.net\/wp-content\/uploads\/2020\/02\/HUIXQUILUCAN-1-240x135.jpg 240w, https:\/\/www.diarioimagen.net\/wp-content\/uploads\/2020\/02\/HUIXQUILUCAN-1-235x132.jpg 235w, https:\/\/www.diarioimagen.net\/wp-content\/uploads\/2020\/02\/HUIXQUILUCAN-1-202x114.jpg 202w, https:\/\/www.diarioimagen.net\/wp-content\/uploads\/2020\/02\/HUIXQUILUCAN-1-350x196.jpg 350w, https:\/\/www.diarioimagen.net\/wp-content\/uploads\/2020\/02\/HUIXQUILUCAN-1-220x123.jpg 220w, https:\/\/www.diarioimagen.net\/wp-content\/uploads\/2020\/02\/HUIXQUILUCAN-1-237x132.jpg 237w, https:\/\/www.diarioimagen.net\/wp-content\/uploads\/2020\/02\/HUIXQUILUCAN-1.jpg 480w\" sizes=\"auto, (max-width: 460px) 100vw, 460px\" \/><\/a><\/p>\n<p>&nbsp;<\/p>\n<p><strong>Huixquilucan, Estado de M\u00e9xico.-<\/strong> Nuevamente y gracias a la confianza de la ciudadan\u00eda, el presidente Municipal de Huixquilucan, Enrique Vargas del Villar, se consolida en la primera posici\u00f3n en el pa\u00eds y Estado de M\u00e9xico, como el alcalde con mayor capacidad.<\/p>\n<p>La evaluaci\u00f3n de Atributos de Presidentes Municipales febrero 2020 que realiz\u00f3 la empresa Caudae Estrat\u00e9gias, coloca al Edil de Huixquilucan en el n\u00famero uno, de 55 calificados. Para la realizaci\u00f3n de esta medici\u00f3n, se tomaron en cuenta tres atributos: honestidad, capacidad e integridad. A la pregunta de vas a presentar un examen y necesitas a un asesor que te ayude a resolver los problemas.<\/p>\n","protected":false},"excerpt":{"rendered":"<p>Nuevamente y gracias a la confianza de la ciudadan\u00eda, el presidente Municipal de Huixquilucan, Enrique Vargas del Villar, se consolida en la primera posici\u00f3n en el pa\u00eds y Estado de M\u00e9xico, como el alcalde con mayor capacidad.<\/p>\n","protected":false},"author":3,"featured_media":459139,"comment_status":"open","ping_status":"open","sticky":false,"template":"","format":"standard","meta":{"_monsterinsights_skip_tracking":false,"_monsterinsights_sitenote_active":false,"_monsterinsights_sitenote_note":"","_monsterinsights_sitenote_category":0,"footnotes":""},"categories":[5],"tags":[24428,43675,1097],"class_list":["post-459074","post","type-post","status-publish","format-standard","has-post-thumbnail","hentry","category-estado-de-mexico","tag-capacidad","tag-estado-de-mexico","tag-huixquilucan"],"_links":{"self":[{"href":"https:\/\/www.diarioimagen.net\/index.php?rest_route=\/wp\/v2\/posts\/459074","targetHints":{"allow":["GET"]}}],"collection":[{"href":"https:\/\/www.diarioimagen.net\/index.php?rest_route=\/wp\/v2\/posts"}],"about":[{"href":"https:\/\/www.diarioimagen.net\/index.php?rest_route=\/wp\/v2\/types\/post"}],"author":[{"embeddable":true,"href":"https:\/\/www.diarioimagen.net\/index.php?rest_route=\/wp\/v2\/users\/3"}],"replies":[{"embeddable":true,"href":"https:\/\/www.diarioimagen.net\/index.php?rest_route=%2Fwp%2Fv2%2Fcomments&post=459074"}],"version-history":[{"count":0,"href":"https:\/\/www.diarioimagen.net\/index.php?rest_route=\/wp\/v2\/posts\/459074\/revisions"}],"wp:featuredmedia":[{"embeddable":true,"href":"https:\/\/www.diarioimagen.net\/index.php?rest_route=\/wp\/v2\/media\/459139"}],"wp:attachment":[{"href":"https:\/\/www.diarioimagen.net\/index.php?rest_route=%2Fwp%2Fv2%2Fmedia&parent=459074"}],"wp:term":[{"taxonomy":"category","embeddable":true,"href":"https:\/\/www.diarioimagen.net\/index.php?rest_route=%2Fwp%2Fv2%2Fcategories&post=459074"},{"taxonomy":"post_tag","embeddable":true,"href":"https:\/\/www.diarioimagen.net\/index.php?rest_route=%2Fwp%2Fv2%2Ftags&post=459074"}],"curies":[{"name":"wp","href":"https:\/\/api.w.org\/{rel}","templated":true}]}}