{"id":459259,"date":"2020-02-10T00:04:58","date_gmt":"2020-02-10T06:04:58","guid":{"rendered":"https:\/\/www.diarioimagen.net\/?p=459259"},"modified":"2020-02-10T01:06:19","modified_gmt":"2020-02-10T07:06:19","slug":"alistan-xxxi-feria-internacional-de-la-pirotecnia-2020-en-tultepec","status":"publish","type":"post","link":"https:\/\/www.diarioimagen.net\/?p=459259","title":{"rendered":"Alistan XXXI Feria Internacional de la Pirotecnia 2020, en Tultepec"},"content":{"rendered":"<ul>\n<li><strong><em>Vestir\u00e1 de gala, luz y color del 6 al 14 de marzo<\/em><\/strong><\/li>\n<\/ul>\n<p>&nbsp;<\/p>\n<div id=\"attachment_459310\" style=\"width: 470px\" class=\"wp-caption aligncenter\"><a href=\"https:\/\/www.diarioimagen.net\/?attachment_id=459310\" rel=\"attachment wp-att-459310\"><img loading=\"lazy\" decoding=\"async\" aria-describedby=\"caption-attachment-459310\" class=\"size-large wp-image-459310\" src=\"https:\/\/www.diarioimagen.net\/wp-content\/uploads\/2020\/02\/TULTEPEC--460x259.jpg\" alt=\"\" width=\"460\" height=\"259\" srcset=\"https:\/\/www.diarioimagen.net\/wp-content\/uploads\/2020\/02\/TULTEPEC--460x259.jpg 460w, https:\/\/www.diarioimagen.net\/wp-content\/uploads\/2020\/02\/TULTEPEC--240x135.jpg 240w, https:\/\/www.diarioimagen.net\/wp-content\/uploads\/2020\/02\/TULTEPEC--235x132.jpg 235w, https:\/\/www.diarioimagen.net\/wp-content\/uploads\/2020\/02\/TULTEPEC--202x114.jpg 202w, https:\/\/www.diarioimagen.net\/wp-content\/uploads\/2020\/02\/TULTEPEC--350x196.jpg 350w, https:\/\/www.diarioimagen.net\/wp-content\/uploads\/2020\/02\/TULTEPEC--220x123.jpg 220w, https:\/\/www.diarioimagen.net\/wp-content\/uploads\/2020\/02\/TULTEPEC--237x132.jpg 237w, https:\/\/www.diarioimagen.net\/wp-content\/uploads\/2020\/02\/TULTEPEC-.jpg 480w\" sizes=\"auto, (max-width: 460px) 100vw, 460px\" \/><\/a><p id=\"caption-attachment-459310\" class=\"wp-caption-text\">En la XXXII\u00a0Feria Internacional de la Pirotecnia 2020,\u00a0donde participar\u00e1n pirot\u00e9cnicos de M\u00e9xico, Francia, Italia, Paraguay, Ecuador y Canad\u00e1 o Per\u00fa.<\/p><\/div>\n<p>&nbsp;<\/p>\n<p><strong>Tultepec, Estado de M\u00e9xico<\/strong>.- Tultepec Capital Nacional de la Pirotecnia, se vestir\u00e1 de gala, luz y color para iluminar las noches del 6 al 14 de marzo, durante la celebraci\u00f3n de su XXXII Feria Internacional de la Pirotecnia 2020, donde participar\u00e1n pirot\u00e9cnicos de M\u00e9xico, Francia, Italia, Paraguay, Ecuador y Canad\u00e1 o Per\u00fa.<\/p>\n<p>La Feria Internacional de la Pirotecnia (FIP), es una de las muestras m\u00e1s esperadas en el pa\u00eds por su gran colorido y diversidad de eventos culturales y populares gratuitos que en ella se desarrollan, donde la protagonista principal es la magia, luz y color de la pirotecnia de M\u00e9xico y del mundo.<\/p>\n<p>Como cada a\u00f1o, habr\u00e1 concurso nacional de castillos de torre el viernes 6 de marzo, con la participaci\u00f3n de artesanos pirot\u00e9cnicos de la Ciudad de M\u00e9xico, Oaxaca, Temazcalcingo y desde luego Tultepec; mismo que se llevar\u00e1 a cabo en los terrenos de la feria a partir de las 21 horas. Al t\u00e9rmino de la quema la fiesta ser\u00e1 amenizada por el grupo\u00a0Dinast\u00eda de Tuzantla.<\/p>\n<p>El tradicional recorrido de toros pirot\u00e9cnicos monumentales por el primer cuadro del municipio, tambi\u00e9n conocido como \u201cpase\u00edllo\u201d, donde cada comunidad se prepara en grupo o por familia para presentar al mejor burel en honor a San Juan de Dios, patrono de los pirot\u00e9cnicos.<\/p>\n<p>El contingente partir\u00e1 como siempre de la capilla de La Piedad, a solo unas cuadras del centro, el s\u00e1bado 7 de marzo para realizar la quema a las 19:00 horas en los terrenos de la feria. Ah\u00ed mismo, el baile ser\u00e1 amenizado por los grupos Kual? y Banda Tierra Dorada.<\/p>\n<p>Los d\u00edas domingo 8 y lunes 9 se realizar\u00e1 en el centro la fiesta patronal en honor a San Juan de Dios, con la tradicional audici\u00f3n con la Banda Sinf\u00f3nica Infantil y Juvenil de Tultepec y como invitados especiales\u00a0la Banda del Centro de Capacitaci\u00f3n Musical y Desarrollo de la Cultura Mixe (CECAM), de Oaxaca; misma que se llevar\u00e1 a cabo el lunes 9 de marzo a partir de las 13 horas frente a la iglesia de Nuestra Se\u00f1ora de Loreto.<\/p>\n","protected":false},"excerpt":{"rendered":"<p>Tultepec Capital Nacional de la Pirotecnia, se vestir\u00e1 de gala, luz y color para iluminar las noches del 6 al 14 de marzo, durante la celebraci\u00f3n de su XXXII Feria Internacional de la Pirotecnia 2020, donde participar\u00e1n pirot\u00e9cnicos de M\u00e9xico, Francia, Italia, Paraguay, Ecuador y Canad\u00e1 o Per\u00fa.<\/p>\n","protected":false},"author":3,"featured_media":459310,"comment_status":"open","ping_status":"open","sticky":false,"template":"","format":"standard","meta":{"_monsterinsights_skip_tracking":false,"_monsterinsights_sitenote_active":false,"_monsterinsights_sitenote_note":"","_monsterinsights_sitenote_category":0,"footnotes":""},"categories":[5],"tags":[43675,83356,3802],"class_list":["post-459259","post","type-post","status-publish","format-standard","has-post-thumbnail","hentry","category-estado-de-mexico","tag-estado-de-mexico","tag-feria-internacional-de-la-pirotecnia","tag-tultepec"],"_links":{"self":[{"href":"https:\/\/www.diarioimagen.net\/index.php?rest_route=\/wp\/v2\/posts\/459259","targetHints":{"allow":["GET"]}}],"collection":[{"href":"https:\/\/www.diarioimagen.net\/index.php?rest_route=\/wp\/v2\/posts"}],"about":[{"href":"https:\/\/www.diarioimagen.net\/index.php?rest_route=\/wp\/v2\/types\/post"}],"author":[{"embeddable":true,"href":"https:\/\/www.diarioimagen.net\/index.php?rest_route=\/wp\/v2\/users\/3"}],"replies":[{"embeddable":true,"href":"https:\/\/www.diarioimagen.net\/index.php?rest_route=%2Fwp%2Fv2%2Fcomments&post=459259"}],"version-history":[{"count":0,"href":"https:\/\/www.diarioimagen.net\/index.php?rest_route=\/wp\/v2\/posts\/459259\/revisions"}],"wp:featuredmedia":[{"embeddable":true,"href":"https:\/\/www.diarioimagen.net\/index.php?rest_route=\/wp\/v2\/media\/459310"}],"wp:attachment":[{"href":"https:\/\/www.diarioimagen.net\/index.php?rest_route=%2Fwp%2Fv2%2Fmedia&parent=459259"}],"wp:term":[{"taxonomy":"category","embeddable":true,"href":"https:\/\/www.diarioimagen.net\/index.php?rest_route=%2Fwp%2Fv2%2Fcategories&post=459259"},{"taxonomy":"post_tag","embeddable":true,"href":"https:\/\/www.diarioimagen.net\/index.php?rest_route=%2Fwp%2Fv2%2Ftags&post=459259"}],"curies":[{"name":"wp","href":"https:\/\/api.w.org\/{rel}","templated":true}]}}