{"id":459269,"date":"2020-02-10T00:01:38","date_gmt":"2020-02-10T06:01:38","guid":{"rendered":"https:\/\/www.diarioimagen.net\/?p=459269"},"modified":"2020-02-10T01:12:57","modified_gmt":"2020-02-10T07:12:57","slug":"naucalpan-pionero-en-sancionar-la-violencia-verbal-hacia-las-mujeres","status":"publish","type":"post","link":"https:\/\/www.diarioimagen.net\/?p=459269","title":{"rendered":"Naucalpan, pionero en sancionar la violencia verbal hacia las mujeres"},"content":{"rendered":"<ul>\n<li><strong><em>Con el nuevo Bando Municipal<\/em><\/strong><\/li>\n<\/ul>\n<p>&nbsp;<\/p>\n<div id=\"attachment_459318\" style=\"width: 470px\" class=\"wp-caption aligncenter\"><a href=\"https:\/\/www.diarioimagen.net\/?attachment_id=459318\" rel=\"attachment wp-att-459318\"><img loading=\"lazy\" decoding=\"async\" aria-describedby=\"caption-attachment-459318\" class=\"size-large wp-image-459318\" src=\"https:\/\/www.diarioimagen.net\/wp-content\/uploads\/2020\/02\/NAUCALPAN-3-460x259.jpg\" alt=\"\" width=\"460\" height=\"259\" srcset=\"https:\/\/www.diarioimagen.net\/wp-content\/uploads\/2020\/02\/NAUCALPAN-3-460x259.jpg 460w, https:\/\/www.diarioimagen.net\/wp-content\/uploads\/2020\/02\/NAUCALPAN-3-240x135.jpg 240w, https:\/\/www.diarioimagen.net\/wp-content\/uploads\/2020\/02\/NAUCALPAN-3-235x132.jpg 235w, https:\/\/www.diarioimagen.net\/wp-content\/uploads\/2020\/02\/NAUCALPAN-3-202x114.jpg 202w, https:\/\/www.diarioimagen.net\/wp-content\/uploads\/2020\/02\/NAUCALPAN-3-350x196.jpg 350w, https:\/\/www.diarioimagen.net\/wp-content\/uploads\/2020\/02\/NAUCALPAN-3-220x123.jpg 220w, https:\/\/www.diarioimagen.net\/wp-content\/uploads\/2020\/02\/NAUCALPAN-3-237x132.jpg 237w, https:\/\/www.diarioimagen.net\/wp-content\/uploads\/2020\/02\/NAUCALPAN-3.jpg 480w\" sizes=\"auto, (max-width: 460px) 100vw, 460px\" \/><\/a><p id=\"caption-attachment-459318\" class=\"wp-caption-text\">La regidora Maricela Hern\u00e1ndez Inocente se\u00f1al\u00f3 que la adici\u00f3n del art\u00edculo 162 al Bando forma parte de los trabajos realizados por la alcaldesa Patricia Dur\u00e1n para frenar las agresiones hacia las mujeres.<\/p><\/div>\n<p>&nbsp;<\/p>\n<p><strong>Naucalpan, Estado de M\u00e9xico<\/strong>.- El gobierno local tiene como una de sus prioridades combatir la violencia de g\u00e9nero. En esta lucha, ha establecido mecanismos que inhiban y castiguen conductas que atentan contra la dignidad de las personas.<\/p>\n<p>El pasado mi\u00e9rcoles se promulg\u00f3 el Bando Municipal 2020, en el que se proh\u00edben actos de degradaci\u00f3n, discriminaci\u00f3n o exclusi\u00f3n en el \u00e1mbito p\u00fablico hacia las mujeres, ni\u00f1as, ni\u00f1os y adolescentes, tales como piropos, silbidos o comentarios sexuales directos o indirectos al cuerpo de otra persona.<\/p>\n<p>La Sexta Regidora y presidenta de la Comisi\u00f3n Edilicia de Violencia Contra las Mujeres, Maricela Hern\u00e1ndez Inocente, se\u00f1al\u00f3 que la adici\u00f3n del art\u00edculo 162 al Bando forma parte de los trabajos realizados por la Alcaldesa Patricia Dur\u00e1n Reveles para frenar las agresiones en la demarcaci\u00f3n, a fin de ser ejemplo ante otras demarcaciones que buscan replicarlo.<\/p>\n<p>\u201cLa Presidenta Municipal, Patricia Dur\u00e1n, trabaja desde el inicio de su Gobierno por visibilizar la violencia hacia las mujeres y, sobre todo, erradicarla en nuestro Municipio.<\/p>\n<p>\u201cEl hecho de que hayamos propuesto esta iniciativa de reforma al Bando Municipal respecto al acoso individual y colectivo, y se haya aprobado, nos hace ver que el Gobierno Municipal est\u00e1 consciente de los verdaderos problemas que afectan a la ciudadan\u00eda\u201d, afirm\u00f3 Hern\u00e1ndez Inocente. La edil enfatiz\u00f3 que Naucalpan es pionero en la valoraci\u00f3n de piropos, silbidos y comentarios sexuales como faltas administrativas que representan multas de 20 a 50 Unidades de Medida y Actualizaci\u00f3n (UMA) o arresto de hasta 36 horas, lo que han replicado algunos municipios del Estado de M\u00e9xico.<\/p>\n<p>\u201cHemos sido los primeros en lanzar esta propuesta al Cabildo y hemos visto que hay otros municipios que han estado replicando la iniciativa, adicion\u00e1ndola a su Bando.<\/p>\n<p>Por ello, estamos orgullosos de haber propuesto por primera vez una medida que haga conciencia en el Gobierno y la ciudadan\u00eda\u201d, asegur\u00f3.<\/p>\n<p>En esta materia, Dur\u00e1n Reveles hizo llegar al Congreso del Estado de M\u00e9xico, el pasado 10 de octubre, una iniciativa de ley con el objetivo de promover mecanismos de protecci\u00f3n para mujeres y ni\u00f1as.<\/p>\n<p>La iniciativa contempla la modificaci\u00f3n del tercer p\u00e1rrafo del art\u00edculo 122 de la Ley Org\u00e1nica Municipal del Estado de M\u00e9xico para que los 125 municipios que conforman la entidad elaboren una estrategia local que ayude a prevenir, atender, sancionar y erradicar la violencia de g\u00e9nero.<\/p>\n<p>Asimismo, el 4 de febrero, la Alcaldesa present\u00f3 la L\u00ednea 800 MUJERNA (800 68537 62), la cual est\u00e1 disponible los 365 d\u00edas del a\u00f1o, las 24 horas del d\u00eda, con el objetivo de asistir a mujeres v\u00edctimas de violencia y canalizarlas al \u00e1rea correspondiente para su pronta atenci\u00f3n.<\/p>\n<p>Adem\u00e1s, se cuenta con la Secretar\u00eda de las Mujeres Naucalpenses y la Igualdad Sustantiva, que ofrece asesor\u00eda y apoyo integral a las mujeres que han sido v\u00edctimas de violencia.<strong>\u00a0<\/strong><\/p>\n","protected":false},"excerpt":{"rendered":"<p>El gobierno local tiene como una de sus prioridades combatir la violencia de g\u00e9nero. En esta lucha, ha establecido mecanismos que inhiban y castiguen conductas que atentan contra la dignidad de las personas.<\/p>\n","protected":false},"author":3,"featured_media":459318,"comment_status":"open","ping_status":"open","sticky":false,"template":"","format":"standard","meta":{"_monsterinsights_skip_tracking":false,"_monsterinsights_sitenote_active":false,"_monsterinsights_sitenote_note":"","_monsterinsights_sitenote_category":0,"footnotes":""},"categories":[5],"tags":[43675,970,5066],"class_list":["post-459269","post","type-post","status-publish","format-standard","has-post-thumbnail","hentry","category-estado-de-mexico","tag-estado-de-mexico","tag-naucalpan","tag-violencia"],"_links":{"self":[{"href":"https:\/\/www.diarioimagen.net\/index.php?rest_route=\/wp\/v2\/posts\/459269","targetHints":{"allow":["GET"]}}],"collection":[{"href":"https:\/\/www.diarioimagen.net\/index.php?rest_route=\/wp\/v2\/posts"}],"about":[{"href":"https:\/\/www.diarioimagen.net\/index.php?rest_route=\/wp\/v2\/types\/post"}],"author":[{"embeddable":true,"href":"https:\/\/www.diarioimagen.net\/index.php?rest_route=\/wp\/v2\/users\/3"}],"replies":[{"embeddable":true,"href":"https:\/\/www.diarioimagen.net\/index.php?rest_route=%2Fwp%2Fv2%2Fcomments&post=459269"}],"version-history":[{"count":0,"href":"https:\/\/www.diarioimagen.net\/index.php?rest_route=\/wp\/v2\/posts\/459269\/revisions"}],"wp:featuredmedia":[{"embeddable":true,"href":"https:\/\/www.diarioimagen.net\/index.php?rest_route=\/wp\/v2\/media\/459318"}],"wp:attachment":[{"href":"https:\/\/www.diarioimagen.net\/index.php?rest_route=%2Fwp%2Fv2%2Fmedia&parent=459269"}],"wp:term":[{"taxonomy":"category","embeddable":true,"href":"https:\/\/www.diarioimagen.net\/index.php?rest_route=%2Fwp%2Fv2%2Fcategories&post=459269"},{"taxonomy":"post_tag","embeddable":true,"href":"https:\/\/www.diarioimagen.net\/index.php?rest_route=%2Fwp%2Fv2%2Ftags&post=459269"}],"curies":[{"name":"wp","href":"https:\/\/api.w.org\/{rel}","templated":true}]}}