{"id":459463,"date":"2020-02-11T00:02:32","date_gmt":"2020-02-11T06:02:32","guid":{"rendered":"https:\/\/www.diarioimagen.net\/?p=459463"},"modified":"2020-02-11T01:05:52","modified_gmt":"2020-02-11T07:05:52","slug":"festeja-el-suteym-naucalpan-dia-de-reyes","status":"publish","type":"post","link":"https:\/\/www.diarioimagen.net\/?p=459463","title":{"rendered":"Festeja el SUTEyM-Naucalpan \u201cD\u00eda de Reyes\u201d  \u00a0"},"content":{"rendered":"<p><a href=\"https:\/\/www.diarioimagen.net\/?attachment_id=459553\" rel=\"attachment wp-att-459553\"><img loading=\"lazy\" decoding=\"async\" class=\"aligncenter size-large wp-image-459553\" src=\"https:\/\/www.diarioimagen.net\/wp-content\/uploads\/2020\/02\/NAUCALPAN-4-460x311.jpg\" alt=\"\" width=\"460\" height=\"311\" srcset=\"https:\/\/www.diarioimagen.net\/wp-content\/uploads\/2020\/02\/NAUCALPAN-4-460x311.jpg 460w, https:\/\/www.diarioimagen.net\/wp-content\/uploads\/2020\/02\/NAUCALPAN-4-240x163.jpg 240w, https:\/\/www.diarioimagen.net\/wp-content\/uploads\/2020\/02\/NAUCALPAN-4.jpg 700w\" sizes=\"auto, (max-width: 460px) 100vw, 460px\" \/><\/a><\/p>\n<p>&nbsp;<\/p>\n<p><strong>Naucalpan, Estado de M\u00e9xico<\/strong>.<strong>&#8211; <\/strong>El Secretario General del Sindicato \u00danico de Trabajadores del Estado y sus Municipios (SUTEYM) secci\u00f3n Naucalpan, Tom\u00e1s Palomares Parra, encabez\u00f3 la celebraci\u00f3n alusiva al \u201cD\u00eda de Reyes\u201d, a la cual asistieron miles y miles de hijos de agremiados.<\/p>\n<p>Palomares Parra, agradeci\u00f3 el apoyo y respaldo del secretario general del SUTEyM estatal, Herminio Cahue Calder\u00f3n y de la presidenta municipal, Patricia Dur\u00e1n Reveles, en todas las actividades de la organizaci\u00f3n, pues, sostuvo, \u201cfortalecen a los servidores p\u00fablicos y sus familias\u201d.<\/p>\n<p>Asimismo, Tom\u00e1s Palomares, exhort\u00f3 a los padres a permanecer atentos al desarrollo de sus hijos, para conducirlos por el camino del \u00e9xito y as\u00ed formar buenos ciudadanos.<\/p>\n","protected":false},"excerpt":{"rendered":"<p>El Secretario General del Sindicato \u00danico de Trabajadores del Estado y sus Municipios (SUTEYM) secci\u00f3n Naucalpan, Tom\u00e1s Palomares Parra, encabez\u00f3 la celebraci\u00f3n alusiva al \u201cD\u00eda de Reyes\u201d, a la cual asistieron miles y miles de hijos de agremiados.<\/p>\n","protected":false},"author":3,"featured_media":459553,"comment_status":"open","ping_status":"open","sticky":false,"template":"","format":"standard","meta":{"_monsterinsights_skip_tracking":false,"_monsterinsights_sitenote_active":false,"_monsterinsights_sitenote_note":"","_monsterinsights_sitenote_category":0,"footnotes":""},"categories":[5],"tags":[14935,90020,2572],"class_list":["post-459463","post","type-post","status-publish","format-standard","has-post-thumbnail","hentry","category-estado-de-mexico","tag-dia-de-reyes","tag-festjo","tag-suteym"],"_links":{"self":[{"href":"https:\/\/www.diarioimagen.net\/index.php?rest_route=\/wp\/v2\/posts\/459463","targetHints":{"allow":["GET"]}}],"collection":[{"href":"https:\/\/www.diarioimagen.net\/index.php?rest_route=\/wp\/v2\/posts"}],"about":[{"href":"https:\/\/www.diarioimagen.net\/index.php?rest_route=\/wp\/v2\/types\/post"}],"author":[{"embeddable":true,"href":"https:\/\/www.diarioimagen.net\/index.php?rest_route=\/wp\/v2\/users\/3"}],"replies":[{"embeddable":true,"href":"https:\/\/www.diarioimagen.net\/index.php?rest_route=%2Fwp%2Fv2%2Fcomments&post=459463"}],"version-history":[{"count":0,"href":"https:\/\/www.diarioimagen.net\/index.php?rest_route=\/wp\/v2\/posts\/459463\/revisions"}],"wp:featuredmedia":[{"embeddable":true,"href":"https:\/\/www.diarioimagen.net\/index.php?rest_route=\/wp\/v2\/media\/459553"}],"wp:attachment":[{"href":"https:\/\/www.diarioimagen.net\/index.php?rest_route=%2Fwp%2Fv2%2Fmedia&parent=459463"}],"wp:term":[{"taxonomy":"category","embeddable":true,"href":"https:\/\/www.diarioimagen.net\/index.php?rest_route=%2Fwp%2Fv2%2Fcategories&post=459463"},{"taxonomy":"post_tag","embeddable":true,"href":"https:\/\/www.diarioimagen.net\/index.php?rest_route=%2Fwp%2Fv2%2Ftags&post=459463"}],"curies":[{"name":"wp","href":"https:\/\/api.w.org\/{rel}","templated":true}]}}