{"id":459636,"date":"2020-02-12T00:13:49","date_gmt":"2020-02-12T06:13:49","guid":{"rendered":"https:\/\/www.diarioimagen.net\/?p=459636"},"modified":"2020-02-13T00:18:03","modified_gmt":"2020-02-13T06:18:03","slug":"mas-de-15-mil-quejas-contra-la-cfe-por-mal-servicio-y-cobros-excesivos-en-q-roo","status":"publish","type":"post","link":"https:\/\/www.diarioimagen.net\/?p=459636","title":{"rendered":"M\u00e1s de 15 mil quejas contra la CFE por mal servicio y cobros excesivos en Q. Roo"},"content":{"rendered":"<h2>Derecho de r\u00e9plica<\/h2>\n<h5>Jos\u00e9 Luis Monta\u00f1ez<\/h5>\n<p>&nbsp;<\/p>\n<ul>\n<li><strong><em>Bacalar, Carrillo Puerto y Jos\u00e9 Mar\u00eda Morelos, los afectados<\/em><\/strong><\/li>\n<\/ul>\n<p>&nbsp;<\/p>\n<div id=\"attachment_459704\" style=\"width: 470px\" class=\"wp-caption aligncenter\"><a href=\"https:\/\/www.diarioimagen.net\/?attachment_id=459704\" rel=\"attachment wp-att-459704\"><img loading=\"lazy\" decoding=\"async\" aria-describedby=\"caption-attachment-459704\" class=\"size-large wp-image-459704\" src=\"https:\/\/www.diarioimagen.net\/wp-content\/uploads\/2020\/02\/derecho-460x259.jpg\" alt=\"\" width=\"460\" height=\"259\" srcset=\"https:\/\/www.diarioimagen.net\/wp-content\/uploads\/2020\/02\/derecho-460x259.jpg 460w, https:\/\/www.diarioimagen.net\/wp-content\/uploads\/2020\/02\/derecho-240x135.jpg 240w, https:\/\/www.diarioimagen.net\/wp-content\/uploads\/2020\/02\/derecho-235x132.jpg 235w, https:\/\/www.diarioimagen.net\/wp-content\/uploads\/2020\/02\/derecho-202x114.jpg 202w, https:\/\/www.diarioimagen.net\/wp-content\/uploads\/2020\/02\/derecho-350x196.jpg 350w, https:\/\/www.diarioimagen.net\/wp-content\/uploads\/2020\/02\/derecho-220x123.jpg 220w, https:\/\/www.diarioimagen.net\/wp-content\/uploads\/2020\/02\/derecho-237x132.jpg 237w, https:\/\/www.diarioimagen.net\/wp-content\/uploads\/2020\/02\/derecho.jpg 480w\" sizes=\"auto, (max-width: 460px) 100vw, 460px\" \/><\/a><p id=\"caption-attachment-459704\" class=\"wp-caption-text\">Habitantes de cuatro municipios en el estado han manifestado su inconformidad a la CFE por altos cobros e ineficiencia del servicio de energ\u00eda.<\/p><\/div>\n<p>&nbsp;<\/p>\n<p>Habitantes de cuatro municipios en el estado han manifestado su inconformidad, puesto que varias de sus comunidades se encuentran sin servicio de energ\u00eda el\u00e9ctrica o en algunas otras han sido sometidos a pagos excesivos por el servicio, todo por la presunta negligencia de parte de la Comisi\u00f3n Federal de Electricidad (CFE), quienes hasta ahora, dicen, han deso\u00eddo m\u00e1s de 15 mil quejas interpuestas en su contra, de modo que de seguir en ese tenor, los pobladores han amagado con realizar movilizaciones.<\/p>\n<p>Uno de los afectados puso como ejemplo que en algunos casos la facturaci\u00f3n bimestral por el consumo de energ\u00eda el\u00e9ctrica se increment\u00f3 hasta en un 400%, lesionando seriamente la econom\u00eda de las familias y hasta ahora no les han realizado ninguna aclaraci\u00f3n al respecto, dej\u00e1ndolos a merced de la precariedad, puesto que si no pagan el servicio, los amenazan con cortarles el servicio.<\/p>\n<p>De modo que, ante la imposibilidad que tienen las familias para pagar esas cantidades a muchos ya les han cortado el suministro de energ\u00eda el\u00e9ctrica.<\/p>\n<p style=\"text-align: center;\"><strong>Amagan con realizar movilizaciones <\/strong><\/p>\n<p>Dado que incluso desde el Congreso del estado ya han realizado varios exhortos a la Federaci\u00f3n para que la CFE atienda y d\u00e9 soluci\u00f3n a las quejas que se han presentado y a\u00fan no han sido escuchados, los afectados dicen que \u201cdebido a que hemos sido ignorados, comenzaremos una serie de movilizaciones\u201d, aunque no puntualizaron cu\u00e1ndo ni en d\u00f3nde.<\/p>\n<p>Afirman que a pesar de que se entrevistaron con funcionarios de la CFE en Chetumal para plantearles estas irregularidades y denuncias por cobros excesivos en recibos de energ\u00eda el\u00e9ctrica, a la fecha no les han resuelto este problema.<\/p>\n<p>Felipe Gonz\u00e1lez, uno de los afectados de Bacalar, coment\u00f3 que \u201cla interrupci\u00f3n en el servicio fue causada por un corte en uno de los cables conductores que se localiza a la altura del kil\u00f3metro 4, del tramo carretero Altos de Sevilla\u2013R\u00edo Escondido y que suministra a toda la zona donde se ubican las 4 comunidades afectadas. El incidente fue reportado a la Comisi\u00f3n Federal de Electricidad\u201d, pero su respuesta no ha sido la esperada, argument\u00f3.<\/p>\n<p>Por el apag\u00f3n mencionado en Bacalar fueron afectadas las poblaciones de Isidro Fabela, Payo Obispo, Huatusco y R\u00edo Escondido.<\/p>\n<p style=\"text-align: center;\"><strong>Promoci\u00f3n tur\u00edstica continuar\u00e1, aun sin apoyo federal <\/strong><\/p>\n<p>Dar\u00edo Flota Ocampo, director del Consejo de Promoci\u00f3n Tur\u00edstica en Quintana Roo (CPTQ), inform\u00f3 que el reto que se est\u00e1 enfrentando en la actual administraci\u00f3n es continuar con los trabajos de promoci\u00f3n de la entidad aun sin el respaldo de la Federaci\u00f3n, sobre todo porque este sector es la principal actividad econ\u00f3mica en el estado.<\/p>\n<p>Una de sus primeras acciones dijo ha sido la activaci\u00f3n de la pagina web llamada Caribemexicano.travel, \u201cCon esta herramienta los empresarios tur\u00edsticos locales pueden hacerse promoci\u00f3n gratuita, as\u00ed como tambi\u00e9n cuenta con otras caracter\u00edsticas que permitir\u00e1n poder generar estad\u00edsticas en cuanto a los gustos y preferencias de los visitantes\u201d. Con ello pretenden escuchar a los paseantes para ofrecerles m\u00e1s y mejores servicios.<\/p>\n<p>Afirm\u00f3 que pese a no contar con el apoyo econ\u00f3mico de la Federaci\u00f3n para realizar los trabajos de promoci\u00f3n, \u201cel n\u00famero de turistas que llega a Quintana Roo sigue incrementando, as\u00ed como tambi\u00e9n se ha identificado que muchos lo hacen por segunda o tercera ocasi\u00f3n, les gusta este destino, por lo que ahora se buscar\u00e1 que los visitantes lleguen a los dem\u00e1s sitios de bellezas naturales y arqueol\u00f3gicas que existen en la entidad\u201d.<\/p>\n<p style=\"text-align: center;\"><strong>La meta es mantener multiplicaci\u00f3n de turistas <\/strong><\/p>\n<p>Con esta estrategia pretenden que se logre mantener la multiplicaci\u00f3n del n\u00famero de viajeros que se ha notado en la entidad desde el a\u00f1o pasado, seg\u00fan la Secretar\u00eda de Turismo de Quintana Roo.<\/p>\n<p>En cifras informaron que el n\u00famero de visitantes que llegaron al aeropuerto de Chetumal en los \u00faltimos cinco a\u00f1os pas\u00f3 de 86 mil100 en 2015 a 185 mil 236 en 2019. Mientras que los cruceristas que llegaron a la Costa Maya pas\u00f3 de 569 mil 814 a 2 millones 550 mil 518 en 2019. De este modo, aseguran que no solo los destinos consolidados como Canc\u00fan y la Riviera Maya han mantenido su preferencia global, sino que el sur de Quintana Roo tambi\u00e9n multiplic\u00f3 su actividad tur\u00edstica el a\u00f1o pasado.<\/p>\n<p>Chetumal, por ejemplo, cerr\u00f3 con 1 mill\u00f3n 756 mil 45 visitantes, 2,187 habitaciones, 75 hoteles y una ocupaci\u00f3n promedio del 53.3 por ciento; Mahahual lo hizo con 973 mil 936 visitantes, 561 habitaciones, 50 hoteles y una ocupaci\u00f3n del 60.3 por ciento en promedio y Bacalar, que ha sido considerado como el nuevo Tulum, logr\u00f3 la presencia de 196 mil 766 visitantes, 1 mil 50 habitaciones, 90 hoteles y una ocupaci\u00f3n del 82.1 en promedio.<\/p>\n<p style=\"text-align: center;\"><strong>Cumbre Global del Consejo Mundial de Viajes y Turismo<\/strong><\/p>\n<p>Mientras tanto, se espera que con la llegada a Canc\u00fan de la Cumbre Global del Consejo Mundial de Viajes y Turismo, del 21 al 23 de abril, que ser\u00e1 la primera vez que se realice en esa ciudad, se d\u00e9 continuidad a la serie de acciones que se toman para estimular al turismo en la entidad.<\/p>\n<p>Aseveran que Quintana Roo est\u00e1 en un proceso de fuerte consolidaci\u00f3n y vaticinan un crecimiento sin precedentes en los destinos del sur, donde el n\u00famero de visitantes que arribaron ha incrementado considerablemente, lo cual es reflejo aseguran, de las acciones de gesti\u00f3n pol\u00edtica, administrativa y de promoci\u00f3n tur\u00edstica que el gobierno de Quintana Roo ha realizado.<\/p>\n<p>La promoci\u00f3n de Quintana Roo se realiza con recursos propios y ha redoblado la promoci\u00f3n de sus destinos en el mundo, integrando a las zonas centro y sur de la entidad que han mostrado, como resultado de este esfuerzo, un despegue sin precedentes.<\/p>\n<p>De este modo, se logr\u00f3 la llegada de la Cumbre Global del Consejo Mundial de Viajes y Turismo, que cabe mencionar coincidir\u00e1 en el 30 aniversario del evento m\u00e1s importante de la industria a nivel internacional. En este evento han participado presidentes de Estados Unidos, como lo fueron en su momento, Barack Obama y Bill Clinton; el Rey de Espa\u00f1a, Felipe VI; Pedro S\u00e1nchez, presidente de Espa\u00f1a, as\u00ed como David Cameron y Tony Blair, quienes fueron primeros ministros de Gran Breta\u00f1a.<\/p>\n<p style=\"text-align: center;\"><strong>SITEM busca seguridad para alumnos y docentes en Quintana Roo<\/strong><\/p>\n<p>El secretario general del comit\u00e9 ejecutivo nacional del Sindicato Independiente de Trabajadores de la Educaci\u00f3n de M\u00e9xico (SITEM), Diego Animas Delgado, dio a conocer que tendr\u00e1 una reuni\u00f3n con la secretaria de Educaci\u00f3n de Quintana Roo, Ana Isabel V\u00e1zquez Jim\u00e9nez, con el fin de tratar temas en materia de seguridad para alumnos y maestros en las escuelas del estado. Coment\u00f3: \u201cEstamos cumpliendo con nuestro plan de trabajo, hemos construido un sindicato cerca de la gente, un sindicato humano, sensible, que escuche de manera directa a los compa\u00f1eros y venimos a visitar unas escuelas, pues vendremos una reuni\u00f3n de trabajo con la maestra V\u00e1zquez Jim\u00e9nez para sumarnos y levantar la voz para que se haga un esfuerzo conjunto para atacar el problema de la inseguridad que sigue creciendo en el pa\u00eds y en el estado de Quintana Roo\u201d.<\/p>\n<p>Sobre la inseguridad que azota a la entidad y de la que han sido v\u00edctimas algunos maestros por amenazas, robos y extorsiones en las escuelas apunt\u00f3: \u201cSi, hay seis maestros amenazados por extorsi\u00f3n, pedimos al gobierno del estado que hagamos equipo para detener este problema que ya est\u00e1 contaminando a muchas regiones del pa\u00eds, los compa\u00f1eros han sufrido robos\u201d.<\/p>\n<p style=\"text-align: center;\"><strong>A favor del <em>Operativo Mochila<\/em><\/strong><\/p>\n<p>Lo mismo reconoci\u00f3 que como medida de prevenci\u00f3n est\u00e1n a favor del Operativo Mochila, siempre y cuando se cuente con el respaldo y participaci\u00f3n de los padres de familia. \u201cTambi\u00e9n hemos visto alumnos a los que no se le inculcan valores y eso da como resultados la p\u00e9rdida de chicos por el buen camino, como educadores contamos con un papel importante; hay que prestarle m\u00e1s atenci\u00f3n, nosotros estamos a favor del Operativo Mochila, pero que tambi\u00e9n involucren al ciento por ciento a los padres de familia, es decir que esta pr\u00e1ctica ocurra desde casa\u201d, afirm\u00f3.<\/p>\n<p>Finalmente, adelant\u00f3 que continuar\u00e1n ahora con la etapa de reclutamiento al sindicato, para reforzar sus actividades y realizarlas con mayor eficiencia, as\u00ed como para defender los derechos laborales de los docentes; \u201cestaremos en la escuela Eva S\u00e1mano, donde a\u00fan no se les ha aplicado el incremento salarial y cuando hay una plaza estatal hay concurrencia federal, es justo que este mes se les pague dicho implemento a los compa\u00f1eros; tenemos unas plazas pendientes que no se han otorgado y vamos a pugnar para que eso suceda\u201d, concluy\u00f3.<\/p>\n","protected":false},"excerpt":{"rendered":"<p><span style=\"color: #005497;\"><strong>Jos\u00e9 Luis Monta\u00f1ez<\/strong><\/span><br \/>\n<br \/>\nHabitantes de cuatro municipios en el estado han manifestado su inconformidad, puesto que varias de sus comunidades se encuentran sin servicio de energ\u00eda el\u00e9ctrica o en algunas otras han sido sometidos a pagos excesivos por el servicio, todo por la presunta negligencia de parte de la Comisi\u00f3n Federal de Electricidad (CFE), quienes hasta ahora, dicen, han deso\u00eddo m\u00e1s de 15 mil quejas interpuestas en su contra, de modo que de seguir en ese tenor, los pobladores han amagado con realizar movilizaciones.<\/p>\n","protected":false},"author":3,"featured_media":459704,"comment_status":"open","ping_status":"open","sticky":false,"template":"","format":"standard","meta":{"_monsterinsights_skip_tracking":false,"_monsterinsights_sitenote_active":false,"_monsterinsights_sitenote_note":"","_monsterinsights_sitenote_category":0,"footnotes":""},"categories":[11622,25512],"tags":[47840,54579,43674],"class_list":["post-459636","post","type-post","status-publish","format-standard","has-post-thumbnail","hentry","category-jose-luis-montanez-aguilar","category-nacional-nacional","tag-derecho-de-replica","tag-jose-luis-montanez","tag-opinion"],"_links":{"self":[{"href":"https:\/\/www.diarioimagen.net\/index.php?rest_route=\/wp\/v2\/posts\/459636","targetHints":{"allow":["GET"]}}],"collection":[{"href":"https:\/\/www.diarioimagen.net\/index.php?rest_route=\/wp\/v2\/posts"}],"about":[{"href":"https:\/\/www.diarioimagen.net\/index.php?rest_route=\/wp\/v2\/types\/post"}],"author":[{"embeddable":true,"href":"https:\/\/www.diarioimagen.net\/index.php?rest_route=\/wp\/v2\/users\/3"}],"replies":[{"embeddable":true,"href":"https:\/\/www.diarioimagen.net\/index.php?rest_route=%2Fwp%2Fv2%2Fcomments&post=459636"}],"version-history":[{"count":0,"href":"https:\/\/www.diarioimagen.net\/index.php?rest_route=\/wp\/v2\/posts\/459636\/revisions"}],"wp:featuredmedia":[{"embeddable":true,"href":"https:\/\/www.diarioimagen.net\/index.php?rest_route=\/wp\/v2\/media\/459704"}],"wp:attachment":[{"href":"https:\/\/www.diarioimagen.net\/index.php?rest_route=%2Fwp%2Fv2%2Fmedia&parent=459636"}],"wp:term":[{"taxonomy":"category","embeddable":true,"href":"https:\/\/www.diarioimagen.net\/index.php?rest_route=%2Fwp%2Fv2%2Fcategories&post=459636"},{"taxonomy":"post_tag","embeddable":true,"href":"https:\/\/www.diarioimagen.net\/index.php?rest_route=%2Fwp%2Fv2%2Ftags&post=459636"}],"curies":[{"name":"wp","href":"https:\/\/api.w.org\/{rel}","templated":true}]}}