{"id":459643,"date":"2020-02-12T00:02:37","date_gmt":"2020-02-12T06:02:37","guid":{"rendered":"https:\/\/www.diarioimagen.net\/?p=459643"},"modified":"2020-02-12T00:15:34","modified_gmt":"2020-02-12T06:15:34","slug":"el-gobierno-de-cuautitlan-izcalli-y-la-unam-trabajan-contra-acoso-sexual","status":"publish","type":"post","link":"https:\/\/www.diarioimagen.net\/?p=459643","title":{"rendered":"El gobierno de Cuautitl\u00e1n Izcalli y la UNAM trabajan contra acoso sexual"},"content":{"rendered":"<ul>\n<li><strong><em>Presentan estrategia de colaboraci\u00f3n<\/em><\/strong><\/li>\n<\/ul>\n<p>&nbsp;<\/p>\n<div id=\"attachment_459697\" style=\"width: 470px\" class=\"wp-caption aligncenter\"><a href=\"https:\/\/www.diarioimagen.net\/?attachment_id=459697\" rel=\"attachment wp-att-459697\"><img loading=\"lazy\" decoding=\"async\" aria-describedby=\"caption-attachment-459697\" class=\"size-large wp-image-459697\" src=\"https:\/\/www.diarioimagen.net\/wp-content\/uploads\/2020\/02\/CUAUTITL\u00c1N-IZCALLI-460x259.jpg\" alt=\"\" width=\"460\" height=\"259\" srcset=\"https:\/\/www.diarioimagen.net\/wp-content\/uploads\/2020\/02\/CUAUTITL\u00c1N-IZCALLI-460x259.jpg 460w, https:\/\/www.diarioimagen.net\/wp-content\/uploads\/2020\/02\/CUAUTITL\u00c1N-IZCALLI-240x135.jpg 240w, https:\/\/www.diarioimagen.net\/wp-content\/uploads\/2020\/02\/CUAUTITL\u00c1N-IZCALLI-235x132.jpg 235w, https:\/\/www.diarioimagen.net\/wp-content\/uploads\/2020\/02\/CUAUTITL\u00c1N-IZCALLI-202x114.jpg 202w, https:\/\/www.diarioimagen.net\/wp-content\/uploads\/2020\/02\/CUAUTITL\u00c1N-IZCALLI-350x196.jpg 350w, https:\/\/www.diarioimagen.net\/wp-content\/uploads\/2020\/02\/CUAUTITL\u00c1N-IZCALLI-220x123.jpg 220w, https:\/\/www.diarioimagen.net\/wp-content\/uploads\/2020\/02\/CUAUTITL\u00c1N-IZCALLI-237x132.jpg 237w, https:\/\/www.diarioimagen.net\/wp-content\/uploads\/2020\/02\/CUAUTITL\u00c1N-IZCALLI.jpg 480w\" sizes=\"auto, (max-width: 460px) 100vw, 460px\" \/><\/a><p id=\"caption-attachment-459697\" class=\"wp-caption-text\">Se present\u00f3 la Estrategia de Colaboraci\u00f3n entre la UNAM, la FES Cuautitl\u00e1n y la Defensor\u00eda Municipal de los Derechos Humanos (DMDH). El evento tuvo lugar en el auditorio \u201cDr. Jaime Keller Torres\u201d, dentro de la facultad.<\/p><\/div>\n<p>&nbsp;<\/p>\n<p><strong>Cuautitl\u00e1n Izcalli, Estado de M\u00e9xico<\/strong>.- Con el objetivo de atender y erradicar el acoso y hostigamiento sexual contra las mujeres, se present\u00f3 la Estrategia de Colaboraci\u00f3n entre la Universidad Nacional Aut\u00f3noma de M\u00e9xico (UNAM), la Facultad de Estudios Superiores (FES) Cuautitl\u00e1n y la Defensor\u00eda Municipal de los Derechos Humanos (DMDH).<\/p>\n<p>El evento tuvo lugar en el auditorio \u201cDr. Jaime Keller Torres\u201d, dentro de la FES Cuautitl\u00e1n, donde Ricardo N\u00fa\u00f1ez Ayala, presidente municipal de Cuautitl\u00e1n Izcalli, se comprometi\u00f3 a realizar las acciones conjuntas que se vayan generando en colaboraci\u00f3n con la m\u00e1s importante instituci\u00f3n educativa del pa\u00eds.<\/p>\n<p>\u201cEstamos aqu\u00ed para impulsar acciones que permitan orientar nuestras pol\u00edticas p\u00fablicas, acciones colectivas y personales, para la erradicaci\u00f3n de la violencia hacia las mujeres. Apelo al esp\u00edritu que nos llama a actuar en comunidad y en solidaridad con ellas\u201d, destac\u00f3 Ricardo N\u00fa\u00f1ez.<\/p>\n<p>El titular de la Defensor\u00eda Municipal, Alexis Sorel Flores Sixtos explic\u00f3 que parte de esta estrategia est\u00e1 basada en conferencias y talleres, uno de ellos es el de \u201cSeguridad digital\u201d, que busca desarrollar herramientas para crear espacios seguros para las mujeres, as\u00ed como identificar las redes de apoyo. Adem\u00e1s, se trabajar\u00e1 con los alumnos en un taller de \u201cMasculinidades\u201d, una reflexi\u00f3n de los actuares mis\u00f3ginos, los comportamientos violentos en contra de las mujeres y la percepci\u00f3n de la construcci\u00f3n de los varones.<\/p>\n<p>Por su parte, Jorge Alfredo Cu\u00e9llar Ordaz, director de la FES Cuautitl\u00e1n coment\u00f3 que entre las diferentes acciones que ya se realizan entre la universidad y el gobierno izcallense, la violencia de g\u00e9nero es un tema que no se debe pasar por alto, reconociendo la iniciativa de las alumnas al generar m\u00e1s informaci\u00f3n para todos los que convergen en la facultad, por lo que este evento es la primera actividad formal de la Comisi\u00f3n Interna de Equidad de G\u00e9nero del a\u00f1o.<\/p>\n<p>En el marco de estos trabajos de colaboraci\u00f3n, el alcalde N\u00fa\u00f1ez Ayala coment\u00f3 ante las autoridades y alumnos de la FES, que en el reciente Bando Municipal que se aprob\u00f3 el pasado viernes, se reforma el\u00a0art\u00edculo 27, fracci\u00f3n 51 que dice que se considerar\u00e1 falta o sanci\u00f3n administrativa: \u201cal dirigirse de manera verbal emitiendo ofensas, piropos, palabras obscenas o de \u00edndole sexual a las personas en lugares p\u00fablicos, instalaciones p\u00fablicas, de uso com\u00fan o libre tr\u00e1nsito y en el transporte p\u00fablico\u201d.<\/p>\n<p>Para inaugurar la estrategia de colaboraci\u00f3n, se present\u00f3 la exposici\u00f3n de carteles: \u201cEl alma no tiene g\u00e9nero\u201d, organizada por los alumnos de Dise\u00f1o y Comunicaci\u00f3n Visual del sexto semestre y as\u00ed crear conciencia en contra de la violencia, en especial, contra la mujer, pero tambi\u00e9n la violencia en general.<\/p>\n","protected":false},"excerpt":{"rendered":"<p>Con el objetivo de atender y erradicar el acoso y hostigamiento sexual contra las mujeres, se present\u00f3 la Estrategia de Colaboraci\u00f3n entre la Universidad Nacional Aut\u00f3noma de M\u00e9xico (UNAM), la Facultad de Estudios Superiores (FES) Cuautitl\u00e1n y la Defensor\u00eda Municipal de los Derechos Humanos (DMDH).<\/p>\n","protected":false},"author":3,"featured_media":459697,"comment_status":"open","ping_status":"open","sticky":false,"template":"","format":"standard","meta":{"_monsterinsights_skip_tracking":false,"_monsterinsights_sitenote_active":false,"_monsterinsights_sitenote_note":"","_monsterinsights_sitenote_category":0,"footnotes":""},"categories":[5],"tags":[68107,971,43675,570],"class_list":["post-459643","post","type-post","status-publish","format-standard","has-post-thumbnail","hentry","category-estado-de-mexico","tag-acoso-sexual","tag-cuautitlan-izcalli","tag-estado-de-mexico","tag-unam"],"_links":{"self":[{"href":"https:\/\/www.diarioimagen.net\/index.php?rest_route=\/wp\/v2\/posts\/459643","targetHints":{"allow":["GET"]}}],"collection":[{"href":"https:\/\/www.diarioimagen.net\/index.php?rest_route=\/wp\/v2\/posts"}],"about":[{"href":"https:\/\/www.diarioimagen.net\/index.php?rest_route=\/wp\/v2\/types\/post"}],"author":[{"embeddable":true,"href":"https:\/\/www.diarioimagen.net\/index.php?rest_route=\/wp\/v2\/users\/3"}],"replies":[{"embeddable":true,"href":"https:\/\/www.diarioimagen.net\/index.php?rest_route=%2Fwp%2Fv2%2Fcomments&post=459643"}],"version-history":[{"count":0,"href":"https:\/\/www.diarioimagen.net\/index.php?rest_route=\/wp\/v2\/posts\/459643\/revisions"}],"wp:featuredmedia":[{"embeddable":true,"href":"https:\/\/www.diarioimagen.net\/index.php?rest_route=\/wp\/v2\/media\/459697"}],"wp:attachment":[{"href":"https:\/\/www.diarioimagen.net\/index.php?rest_route=%2Fwp%2Fv2%2Fmedia&parent=459643"}],"wp:term":[{"taxonomy":"category","embeddable":true,"href":"https:\/\/www.diarioimagen.net\/index.php?rest_route=%2Fwp%2Fv2%2Fcategories&post=459643"},{"taxonomy":"post_tag","embeddable":true,"href":"https:\/\/www.diarioimagen.net\/index.php?rest_route=%2Fwp%2Fv2%2Ftags&post=459643"}],"curies":[{"name":"wp","href":"https:\/\/api.w.org\/{rel}","templated":true}]}}