{"id":459645,"date":"2020-02-12T00:01:08","date_gmt":"2020-02-12T06:01:08","guid":{"rendered":"https:\/\/www.diarioimagen.net\/?p=459645"},"modified":"2020-02-12T00:29:08","modified_gmt":"2020-02-12T06:29:08","slug":"tlalnepantla-foro-cultural-del-estado-de-mexico","status":"publish","type":"post","link":"https:\/\/www.diarioimagen.net\/?p=459645","title":{"rendered":"Tlalnepantla, foro cultural del Estado de M\u00e9xico"},"content":{"rendered":"<p><a href=\"https:\/\/www.diarioimagen.net\/?attachment_id=459712\" rel=\"attachment wp-att-459712\"><img loading=\"lazy\" decoding=\"async\" class=\"aligncenter size-large wp-image-459712\" src=\"https:\/\/www.diarioimagen.net\/wp-content\/uploads\/2020\/02\/TLALNEPANTLA-2-460x259.jpg\" alt=\"\" width=\"460\" height=\"259\" srcset=\"https:\/\/www.diarioimagen.net\/wp-content\/uploads\/2020\/02\/TLALNEPANTLA-2-460x259.jpg 460w, https:\/\/www.diarioimagen.net\/wp-content\/uploads\/2020\/02\/TLALNEPANTLA-2-240x135.jpg 240w, https:\/\/www.diarioimagen.net\/wp-content\/uploads\/2020\/02\/TLALNEPANTLA-2-235x132.jpg 235w, https:\/\/www.diarioimagen.net\/wp-content\/uploads\/2020\/02\/TLALNEPANTLA-2-202x114.jpg 202w, https:\/\/www.diarioimagen.net\/wp-content\/uploads\/2020\/02\/TLALNEPANTLA-2-350x196.jpg 350w, https:\/\/www.diarioimagen.net\/wp-content\/uploads\/2020\/02\/TLALNEPANTLA-2-220x123.jpg 220w, https:\/\/www.diarioimagen.net\/wp-content\/uploads\/2020\/02\/TLALNEPANTLA-2-237x132.jpg 237w, https:\/\/www.diarioimagen.net\/wp-content\/uploads\/2020\/02\/TLALNEPANTLA-2.jpg 480w\" sizes=\"auto, (max-width: 460px) 100vw, 460px\" \/><\/a><\/p>\n<p>&nbsp;<\/p>\n<p><strong>Tlalnepantla, Estado de M\u00e9xico<\/strong><strong>.- <\/strong>Tlalnepantla trabaja para convertirse en un foro a nivel nacional en el que se difunda la cultura del Estado de M\u00e9xico. El alcalde Raciel P\u00e9rez Cruz indic\u00f3 que el gobierno que encabeza realiza actividades en las que participan artesanos de otras demarcaciones, con el fin de generar identidad a trav\u00e9s de nuestras tradiciones y promover el hermanamiento entre los municipios de la entidad.<\/p>\n<p>En el marco del D\u00eda del Amor, el viernes 14 de febrero se presentar\u00e1 la \u00danica e Internacional Sonora Santanera en la Plaza C\u00edvica Dr. Gustavo Baz. Del 14 al 16 horas se instalar\u00e1 la Feria del Calzado Tlalnepantla-San Mateo Atenco. P\u00e9rez Cruz se\u00f1al\u00f3 que estas actividades ayudan a restaurar el tejido social a trav\u00e9s de la convivencia.<\/p>\n","protected":false},"excerpt":{"rendered":"<p>Tlalnepantla trabaja para convertirse en un foro a nivel nacional en el que se difunda la cultura del Estado de M\u00e9xico. El alcalde Raciel P\u00e9rez Cruz indic\u00f3 que el gobierno que encabeza realiza actividades en las que participan artesanos de otras demarcaciones, con el fin de generar identidad a trav\u00e9s de nuestras tradiciones y promover el hermanamiento entre los municipios de la entidad.<\/p>\n","protected":false},"author":3,"featured_media":459712,"comment_status":"open","ping_status":"open","sticky":false,"template":"","format":"standard","meta":{"_monsterinsights_skip_tracking":false,"_monsterinsights_sitenote_active":false,"_monsterinsights_sitenote_note":"","_monsterinsights_sitenote_category":0,"footnotes":""},"categories":[5],"tags":[70979,43675,169],"class_list":["post-459645","post","type-post","status-publish","format-standard","has-post-thumbnail","hentry","category-estado-de-mexico","tag-dia-del-amor","tag-estado-de-mexico","tag-tlalnepantla"],"_links":{"self":[{"href":"https:\/\/www.diarioimagen.net\/index.php?rest_route=\/wp\/v2\/posts\/459645","targetHints":{"allow":["GET"]}}],"collection":[{"href":"https:\/\/www.diarioimagen.net\/index.php?rest_route=\/wp\/v2\/posts"}],"about":[{"href":"https:\/\/www.diarioimagen.net\/index.php?rest_route=\/wp\/v2\/types\/post"}],"author":[{"embeddable":true,"href":"https:\/\/www.diarioimagen.net\/index.php?rest_route=\/wp\/v2\/users\/3"}],"replies":[{"embeddable":true,"href":"https:\/\/www.diarioimagen.net\/index.php?rest_route=%2Fwp%2Fv2%2Fcomments&post=459645"}],"version-history":[{"count":0,"href":"https:\/\/www.diarioimagen.net\/index.php?rest_route=\/wp\/v2\/posts\/459645\/revisions"}],"wp:featuredmedia":[{"embeddable":true,"href":"https:\/\/www.diarioimagen.net\/index.php?rest_route=\/wp\/v2\/media\/459712"}],"wp:attachment":[{"href":"https:\/\/www.diarioimagen.net\/index.php?rest_route=%2Fwp%2Fv2%2Fmedia&parent=459645"}],"wp:term":[{"taxonomy":"category","embeddable":true,"href":"https:\/\/www.diarioimagen.net\/index.php?rest_route=%2Fwp%2Fv2%2Fcategories&post=459645"},{"taxonomy":"post_tag","embeddable":true,"href":"https:\/\/www.diarioimagen.net\/index.php?rest_route=%2Fwp%2Fv2%2Ftags&post=459645"}],"curies":[{"name":"wp","href":"https:\/\/api.w.org\/{rel}","templated":true}]}}