{"id":459796,"date":"2020-02-13T00:03:02","date_gmt":"2020-02-13T06:03:02","guid":{"rendered":"https:\/\/www.diarioimagen.net\/?p=459796"},"modified":"2020-02-12T21:30:15","modified_gmt":"2020-02-13T03:30:15","slug":"medicinas-contra-el-cancer","status":"publish","type":"post","link":"https:\/\/www.diarioimagen.net\/?p=459796","title":{"rendered":"Medicinas contra el c\u00e1ncer"},"content":{"rendered":"<h2>Espacio Electoral<\/h2>\n<h5>Eleazar Flores<\/h5>\n<p>&nbsp;<\/p>\n<p><strong>\u00bfA QUI\u00c9N LE CREE<\/strong>?.- Usted, yo y quienes estamos pendientes de la marcha del pa\u00eds y del quehacer del sector p\u00fablico, federal, estatal y hasta municipal nos enteramos a diario de lo que los funcionarios dicen, declaran y hasta presumen, pero en el d\u00eda a d\u00eda vemos una realidad distinta.<\/p>\n<p>Ejemplos sobran: que bajan los precios de la canasta b\u00e1sica, que se trata con algodones a los migrantes y que abundan medicinas contra el c\u00e1ncer en hospitales p\u00fablicos\u2026 pamplinas.<\/p>\n<p>Quienes compran productos para la comida como lo hace todo mortal, -Enrique Olivares Santana siendo secretario de Gobernaci\u00f3n-, los mexicanos del norte o del sur que testimonian el maltrato que los empleados de Inmigraci\u00f3n o de la Guardia Nacional dan a los centro y sudamericanos que anhelan llegar a los Estados Unidos, saben que el buen trato es s\u00f3lo declaraci\u00f3n oficial.<\/p>\n<p>Por si fuera poco, los medios de comunicaci\u00f3n, unos m\u00e1s que otros pero ning\u00fan omiso, destacan en sus noticieros o p\u00e1ginas, trat\u00e1ndose de prensa escrita, las innumerables quejas que a diario emiten\u00a0 migrantes. Incluso el lunes hubo denuncias de corrupci\u00f3n por funcionarios de Migraci\u00f3n y de la Guardia Nacional, subiendo a miles de pesos lo que antes costaba s\u00f3lo cientos.<\/p>\n<p>En toda la concupiscencia denunciada por los migrantes centroamericanos en nuestra frontera sur, el dolor es evidente pero hasta ah\u00ed queda, sin que lo anterior se justifique en lo absoluto.<\/p>\n<p><strong>VIDA DE POR MEDIO<\/strong>.- Todo lo anterior es lamentable pero lo inadmisible que s\u00f3lo permite la cuarta transformaci\u00f3n es que aseguren que ya hay medicamentos suficientes para satisfacer la demanda de familiares que solicitan medicinas para tratamiento de ni\u00f1os con c\u00e1ncer y les salen en pleno hospital con que no hay o que ellos, -los familiares- los tienen que comprar.<\/p>\n<p>Aqu\u00ed es donde procede la pregunta \u00bfa qui\u00e9n creerle?. Al padre de la cuarta transformaci\u00f3n que con el rostro fresco de las ma\u00f1aneras hasta presume que en M\u00e9xico llegaremos a tener atenci\u00f3n m\u00e9dica de primer mundo. Citar pa\u00edses ni la pena vale, o bien a madres o padres de familia que con l\u00e1grimas en los ojos y el enfermito-a en brazos o al lado, denuncian desatenci\u00f3n m\u00e9dica.<\/p>\n<p>Trat\u00e1ndose de gente madura como usted, sobra el que un medio de comunicaci\u00f3n, un reportaje o la opini\u00f3n de un columnista le sugiera qui\u00e9n tiene la raz\u00f3n. Hacerlo ser\u00eda faltarle al respeto y al menos no es la intenci\u00f3n de este escribiente. Ahora se descubre que el gobierno compra medicinas de baja calidad y mentira que la Organizaci\u00f3n Mundial de la Salud lo avale.<\/p>\n<p>Como sugerencia habr\u00eda que consultar la columna de Carlos Loret en <em>El Universal<\/em> de ayer.<\/p>\n<p><a href=\"mailto:elefa44@gmail.com\" target=\"_blank\" rel=\"noopener noreferrer\"><em>elefa44@gmail.com<\/em><\/a><\/p>\n","protected":false},"excerpt":{"rendered":"<p><span style=\"color: #005497;\"><strong>Eleazar Flores<\/strong><\/span><\/p>\n","protected":false},"author":3,"featured_media":0,"comment_status":"open","ping_status":"open","sticky":false,"template":"","format":"standard","meta":{"_monsterinsights_skip_tracking":false,"_monsterinsights_sitenote_active":false,"_monsterinsights_sitenote_note":"","_monsterinsights_sitenote_category":0,"footnotes":""},"categories":[81743],"tags":[81744,81776,43674],"class_list":["post-459796","post","type-post","status-publish","format-standard","hentry","category-eleazar-flores","tag-eleazar-flores","tag-espacio-electoral","tag-opinion"],"_links":{"self":[{"href":"https:\/\/www.diarioimagen.net\/index.php?rest_route=\/wp\/v2\/posts\/459796","targetHints":{"allow":["GET"]}}],"collection":[{"href":"https:\/\/www.diarioimagen.net\/index.php?rest_route=\/wp\/v2\/posts"}],"about":[{"href":"https:\/\/www.diarioimagen.net\/index.php?rest_route=\/wp\/v2\/types\/post"}],"author":[{"embeddable":true,"href":"https:\/\/www.diarioimagen.net\/index.php?rest_route=\/wp\/v2\/users\/3"}],"replies":[{"embeddable":true,"href":"https:\/\/www.diarioimagen.net\/index.php?rest_route=%2Fwp%2Fv2%2Fcomments&post=459796"}],"version-history":[{"count":0,"href":"https:\/\/www.diarioimagen.net\/index.php?rest_route=\/wp\/v2\/posts\/459796\/revisions"}],"wp:attachment":[{"href":"https:\/\/www.diarioimagen.net\/index.php?rest_route=%2Fwp%2Fv2%2Fmedia&parent=459796"}],"wp:term":[{"taxonomy":"category","embeddable":true,"href":"https:\/\/www.diarioimagen.net\/index.php?rest_route=%2Fwp%2Fv2%2Fcategories&post=459796"},{"taxonomy":"post_tag","embeddable":true,"href":"https:\/\/www.diarioimagen.net\/index.php?rest_route=%2Fwp%2Fv2%2Ftags&post=459796"}],"curies":[{"name":"wp","href":"https:\/\/api.w.org\/{rel}","templated":true}]}}