{"id":459810,"date":"2020-02-13T00:12:44","date_gmt":"2020-02-13T06:12:44","guid":{"rendered":"https:\/\/www.diarioimagen.net\/?p=459810"},"modified":"2020-02-13T01:39:31","modified_gmt":"2020-02-13T07:39:31","slug":"lozoya-la-expectacion-por-su-captura-y-la-realidad","status":"publish","type":"post","link":"https:\/\/www.diarioimagen.net\/?p=459810","title":{"rendered":"Lozoya, la expectaci\u00f3n por su captura y la realidad\u00a0"},"content":{"rendered":"<h2>Tras la puerta del poder<\/h2>\n<h5>Roberto Vizca\u00edno<\/h5>\n<p>&nbsp;<\/p>\n<div id=\"attachment_459890\" style=\"width: 470px\" class=\"wp-caption aligncenter\"><a href=\"https:\/\/www.diarioimagen.net\/?attachment_id=459890\" rel=\"attachment wp-att-459890\"><img loading=\"lazy\" decoding=\"async\" aria-describedby=\"caption-attachment-459890\" class=\"size-large wp-image-459890\" src=\"https:\/\/www.diarioimagen.net\/wp-content\/uploads\/2020\/02\/negligencia-total-LUIS-XAVIER-460x358.jpg\" alt=\"\" width=\"460\" height=\"358\" srcset=\"https:\/\/www.diarioimagen.net\/wp-content\/uploads\/2020\/02\/negligencia-total-LUIS-XAVIER-460x358.jpg 460w, https:\/\/www.diarioimagen.net\/wp-content\/uploads\/2020\/02\/negligencia-total-LUIS-XAVIER-240x187.jpg 240w, https:\/\/www.diarioimagen.net\/wp-content\/uploads\/2020\/02\/negligencia-total-LUIS-XAVIER-768x598.jpg 768w, https:\/\/www.diarioimagen.net\/wp-content\/uploads\/2020\/02\/negligencia-total-LUIS-XAVIER.jpg 1200w\" sizes=\"auto, (max-width: 460px) 100vw, 460px\" \/><\/a><p id=\"caption-attachment-459890\" class=\"wp-caption-text\">Negligencia total&#8230; | Luis Xavier<\/p><\/div>\n<p>&nbsp;<\/p>\n<p>El a\u00f1o pasado, cuando arreci\u00f3 el asedio contra Emilio Lozoya y la autoridad incluy\u00f3 en ese embate a su mam\u00e1 y esposa, el exdirector de Pemex a trav\u00e9s de su abogado hizo p\u00fablica una carta donde advert\u00eda que de verse detenido hablar\u00eda.<\/p>\n<p>Y agregaba: \u201cporque yo no actu\u00e9 solo\u201d.<\/p>\n<p>No acus\u00f3 a nadie en particular, pero todos sabemos que su jefe era Enrique Pe\u00f1a Nieto, presidente de M\u00e9xico en ese momento, y el \u00fanico que podr\u00eda haberle ordenado hacer algo.<\/p>\n<p>El tono del mensaje dejaba entrever que las ordenes recibidas por el jefe no hab\u00edan sido legales.<\/p>\n<p>Bueno, pues para Emilio Lozoya lleg\u00f3 el momento de la verdad.<\/p>\n<p>\u00bfQu\u00e9 va a decir? \u00bfQu\u00e9, pues s\u00ed, que todos quienes los acusaban ten\u00edan raz\u00f3n, que Pe\u00f1a Nieto s\u00ed lo instruy\u00f3 para recibir de Odebrecht millones de d\u00f3lares para cosas ilegales como aplicarlos por fuera de topes en su campa\u00f1a presidencial en 2012? \u00bfQu\u00e9 s\u00ed daba contratos directos multimillonarios en d\u00f3lares porque antes hab\u00eda recibido importantes moches?<\/p>\n<p>\u00bfNeta?<\/p>\n<p>Yo no creo en nada de eso. La historia me ha ense\u00f1ado a ser suspicaz, incr\u00e9dulo. Cuando detuvieron en Guatemala a Javier Duarte, exgobernador de Veracruz, todos dijeron lo mismo. \u00a0Pero Duarte -boc\u00f3n de m\u00e1s-, no dijo nada. No revel\u00f3 ni desviaciones ni dio nombres de c\u00f3mplices. Nada-<\/p>\n<p>Lo mismo hicieron Tom\u00e1s Y\u00e1rrington, exgobernador de Tamaulipas, cuando lo aprehendieron en Italia. Y lo mismo ocurri\u00f3 con Joaqu\u00edn \u201cEl Chapo\u201d Guzm\u00e1n, Genaro Garc\u00eda Luna y todos a quienes han detenido fuera y dentro del pa\u00eds. Yo la verdad no espero nada de Lozoya. Nada que realmente involucre a nadie de su grupo en su paso por Pemex.<\/p>\n<p>Por lo pronto el silencio de ese grupo, especialmente del entonces jefe de jefes Enrique Pe\u00f1a Nieto es m\u00e1s denso que la omert\u00e1 siciliana. Nada. Cero. Ni a favor ni en contra.<\/p>\n<p style=\"text-align: center;\"><strong>Deslinde<\/strong><\/p>\n<p>Y quien ahora carga con todo el desprestigio de lo cierto y lo popularmente imaginado del r\u00e9gimen anterior, Alejandro Moreno, presidente del PRI y de la Copppal, fue quien sali\u00f3 a fijar posici\u00f3n. De entrada, obvio, deslind\u00f3 a su partido de la conducta que se le atribuye al exdirector de Pemex.<\/p>\n<p>Y afirm\u00f3: \u201cquien comete un delito tiene que enfrentar la ley\u2026 en el entendido de que quienes cometen una presunta acci\u00f3n il\u00edcita son los individuos, y no las instituciones\u201d.<\/p>\n<p>El PRI, \u201clo que queremos hoy es que ni se judicialice la pol\u00edtica, ni que se politice la justicia\u2026 si alguien cometi\u00f3 un\u00a0 delito, que se le sancione, pero que tenga un procedimiento apegado a derecho.<\/p>\n<p>\u201cSi hay denuncia, actividades o presunci\u00f3n de conductas il\u00edcitas, que la autoridad haga su trabajo, pero que no se haga un show medi\u00e1tico atacando a un partido pol\u00edtico, que es el nuestro, que pretenda golpear o lastimar a nuestro partido\u201d.<\/p>\n<p style=\"text-align: center;\"><strong>No hay espacio para la impunidad: Monreal<\/strong><\/p>\n<p>Considerado como una de las voces serias del r\u00e9gimen de la 4ta Transformaci\u00f3n,<strong> Ricardo Monreal, <\/strong>l\u00edder de la mayor\u00eda de Morena en el Senado, dijo:<\/p>\n<p>Esta detenci\u00f3n en Espa\u00f1a, agreg\u00f3, confirma que en el gobierno de la Cuarta Transformaci\u00f3n no hay espacio ni recoveco para la impunidad ni se van a admitir complicidades en ning\u00fan nivel de gobierno; su captura es un acierto porque representa uno de los ejemplos m\u00e1s emblem\u00e1ticos de corrupci\u00f3n e impunidad en el pa\u00eds\u2026<\/p>\n<p>\u201cMe gustar\u00eda que dijera lo que es su verdad y me parece que <strong>Lozoya <\/strong>tiene una gran oportunidad de abrir la \u2018<strong><em>caja de pandora\u2019<\/em><\/strong> y de hablar sobre lo que ocurri\u00f3 en el pasado reciente. Ser\u00eda correcto, es deseable que as\u00ed ocurra\u201d, agreg\u00f3.<\/p>\n<p>Por lo dem\u00e1s afirm\u00f3 que ni en este ni en otros casos similares \u201cno har\u00e9 le\u00f1a del \u00e1rbol ca\u00eddo. Espero que el juicio se lleve de acuerdo con la ley y bajo estos principios, y que \u00e9l pueda expresar su verdad, porque era un alto funcionario con responsabilidades y ten\u00eda jerarqu\u00eda. Eso es lo que hay que indagar\u201d, se\u00f1al\u00f3.<\/p>\n<p>Sin embargo coment\u00f3 que esta aprehensi\u00f3n \u201ces pol\u00edticamente es un acierto para el Gobierno; pol\u00edticamente es en este momento un buen reflejo para el Gobierno al demostrar que no habr\u00e1 impunidad o que no hay complicidades y que no hay protecci\u00f3n para ning\u00fan nivel de Gobierno\u201d, subray\u00f3.<\/p>\n<p style=\"text-align: center;\"><strong>Reformas en orden y a fondo<\/strong><\/p>\n<p>Durante la ma\u00f1ana, en su participaci\u00f3n en el encuentro con ministros de la Suprema Corte dentro del esfuerzo por ir a una reforma del Poder Judicial, Monreal precis\u00f3 que su propuesta es la de \u00a0modificar siete art\u00edculos de la Constituci\u00f3n con la expedici\u00f3n de 2 nuevas leyes federales: Ley Org\u00e1nica del Poder Judicial de la Federaci\u00f3n y la Ley de Carrera Judicial.<\/p>\n<p>De igual forma har\u00e1 falta adem\u00e1s, indic\u00f3, reformar a 5 ordenamientos legales, entre otros: la Ley de Amparo; la Ley General de Defensor\u00eda P\u00fablica; el C\u00f3digo Federal de Procedimientos Civiles y la Ley Federal de los Trabajadores al Servicio del Estado.<\/p>\n<p>Esta gran reforma configurar\u00eda un Sistema Judicial m\u00e1s funcional y eficaz, que le permita gozar de niveles de confianza social, respecto del impacto que tiene la funci\u00f3n jurisdiccional en la vida cotidiana de la ciudadan\u00eda, afirm\u00f3.<\/p>\n<p>De igual forma dotar de mayor eficacia las competencias de la Suprema Corte de Justicia de la Naci\u00f3n, de los Plenos de Circuito y de los Tribunales Colegiados Y buscar\u00eda maximizar la posibilidad de nuestro Alto Tribunal de concentrar su actuaci\u00f3n en su papel de \u00faltimo int\u00e9rprete del orden jur\u00eddico.<\/p>\n<p>Adecuar el marco constitucional y legal para que todos los operadores del sistema jur\u00eddico se ci\u00f1an al respeto de la dignidad de la persona, la libertad, la igualdad y la pluralidad, para asegurar una sociedad m\u00e1s justa y menos asim\u00e9trica.<\/p>\n<p>Y redefinir en materia constitucional para conocer de asuntos de amparo directo en revisi\u00f3n para consolidar el papel de los Tribunales Colegiados de Circuito.<\/p>\n<p>Debatir sobre los ordenamientos org\u00e1nicos del Poder Judicial de la Federaci\u00f3n para garantizar la mediaci\u00f3n, a trav\u00e9s de un \u00f3rgano auxiliar del Consejo de la Judicatura Federal, para la resoluci\u00f3n de controversias entre particulares.<\/p>\n<p>Proponer medidas que disminuyan la tensi\u00f3n social que generan los conflictos judiciales y los costos financieros que conllevan esos procesos.<\/p>\n<p>Consolidar a los tribunales que conforma el Poder Judicial, mediante la integraci\u00f3n de los Tribunales de Alzada, para responder al crecimiento exponencial de la delincuencia organizada y otros delitos de alto impacto.<\/p>\n<p>Reforzar las garant\u00edas de independencia e imparcialidad en la Alzada.<\/p>\n<p>Expandir la carrera judicial a todos los niveles de los \u00f3rganos jurisdiccionales para vigorizar sus estructuras, asegurar el ingreso y el ascenso a trav\u00e9s del m\u00e9rito personal y la capacidad profesional.<\/p>\n<p>La propuesta, pues, que lleva el apoyo de su grupo, incluye toda una red de conceptos.<\/p>\n<p style=\"text-align: center;\"><strong>Y Zoe del IMSS se ali\u00f3 a G\u00f3mez Urrutia<\/strong><\/p>\n<p>Ayer la sorpresa la dio durante la inauguraci\u00f3n del Parlamento Abierto sobre <em>outsourcing<\/em>, las afirmaciones de <strong>Zoe Robledo<\/strong>, director del IMSS quien afirm\u00f3 que la reforma de este mecanismo es s\u00faper necesario para terminar con la subcontrataci\u00f3n ilegal y una evasi\u00f3n fiscal y de aportaciones al IMSS e Infonavit que supera los 21 mil millones de pesos anuales, lo cual ha afectado en tres dimensiones: trabajadores, empresas e instituciones del Gobierno Federal, en particular al propio Instituto.<\/p>\n<p>Los grandes empresarios siguen con la quijada ca\u00edda. Pensaron que tendr\u00edan el apoyo de Robles y se encontraron con que el director del IMSS habl\u00f3 con el mismo lenguaje y conceptos que lo ha venido haciendo el l\u00edder nacional minero <strong>Napole\u00f3n G\u00f3mez Urrutia<\/strong>, presidente de la Comisi\u00f3n del Trabajo del Senado.<\/p>\n<p>Zoe dijo que los 21 mil millones de pesos evadidos por los empresarios con el <em>outsourcing<\/em> ilegal, representa a construir 14 hospitales de segundo nivel o 210 unidades m\u00e9dicas de primer nivel de atenci\u00f3n.<\/p>\n<p>\u201cYo prefiero que los trabajadores en este pa\u00eds tengan mejores hospitales, mejores servicios y cada vez haya menos empresarios presumiendo sus aviones, yates, autos y relojes\u201d, indic\u00f3.<\/p>\n<p>\u00a1\u00a1\u00a1Orales!!!.<\/p>\n<p><em><a href=\"mailto:rvizcainoa@gmail.com\" target=\"_blank\" rel=\"noopener noreferrer\">rvizcainoa@gmail.com<\/a><br \/>\n<u><a href=\"http:\/\/endirecto.mx\" target=\"_blank\" rel=\"noopener noreferrer\">www.endirecto.mx<\/a><br \/>\n<a href=\"https:\/\/twitter.com\/_rvizcaino\" target=\"_blank\" rel=\"noopener noreferrer\">@_RVizcaino<\/a><br \/>\n<a href=\"https:\/\/www.facebook.com\/rvizcainoa\" target=\"_blank\" rel=\"noopener noreferrer\">facebook.com\/rvizcainoa<\/a><\/u><\/em><\/p>\n","protected":false},"excerpt":{"rendered":"<p><span style=\"color: #005497;\"><strong>Roberto Vizca\u00edno<\/strong><\/span><br \/>\n<br \/>\nEl a\u00f1o pasado, cuando arreci\u00f3 el asedio contra Emilio Lozoya y la autoridad incluy\u00f3 en ese embate a su mam\u00e1 y esposa, el exdirector de Pemex a trav\u00e9s de su abogado hizo p\u00fablica una carta donde advert\u00eda que de verse detenido hablar\u00eda.<\/p>\n","protected":false},"author":3,"featured_media":459890,"comment_status":"open","ping_status":"open","sticky":false,"template":"","format":"standard","meta":{"_monsterinsights_skip_tracking":false,"_monsterinsights_sitenote_active":false,"_monsterinsights_sitenote_note":"","_monsterinsights_sitenote_category":0,"footnotes":""},"categories":[136],"tags":[43674,93,94],"class_list":["post-459810","post","type-post","status-publish","format-standard","has-post-thumbnail","hentry","category-roberto-vizcaino-opinion","tag-opinion","tag-roberto-vizcaino","tag-tras-la-puerta-del-poder"],"_links":{"self":[{"href":"https:\/\/www.diarioimagen.net\/index.php?rest_route=\/wp\/v2\/posts\/459810","targetHints":{"allow":["GET"]}}],"collection":[{"href":"https:\/\/www.diarioimagen.net\/index.php?rest_route=\/wp\/v2\/posts"}],"about":[{"href":"https:\/\/www.diarioimagen.net\/index.php?rest_route=\/wp\/v2\/types\/post"}],"author":[{"embeddable":true,"href":"https:\/\/www.diarioimagen.net\/index.php?rest_route=\/wp\/v2\/users\/3"}],"replies":[{"embeddable":true,"href":"https:\/\/www.diarioimagen.net\/index.php?rest_route=%2Fwp%2Fv2%2Fcomments&post=459810"}],"version-history":[{"count":0,"href":"https:\/\/www.diarioimagen.net\/index.php?rest_route=\/wp\/v2\/posts\/459810\/revisions"}],"wp:featuredmedia":[{"embeddable":true,"href":"https:\/\/www.diarioimagen.net\/index.php?rest_route=\/wp\/v2\/media\/459890"}],"wp:attachment":[{"href":"https:\/\/www.diarioimagen.net\/index.php?rest_route=%2Fwp%2Fv2%2Fmedia&parent=459810"}],"wp:term":[{"taxonomy":"category","embeddable":true,"href":"https:\/\/www.diarioimagen.net\/index.php?rest_route=%2Fwp%2Fv2%2Fcategories&post=459810"},{"taxonomy":"post_tag","embeddable":true,"href":"https:\/\/www.diarioimagen.net\/index.php?rest_route=%2Fwp%2Fv2%2Ftags&post=459810"}],"curies":[{"name":"wp","href":"https:\/\/api.w.org\/{rel}","templated":true}]}}