{"id":459974,"date":"2020-02-14T00:01:40","date_gmt":"2020-02-14T06:01:40","guid":{"rendered":"https:\/\/www.diarioimagen.net\/?p=459974"},"modified":"2020-02-14T01:57:49","modified_gmt":"2020-02-14T07:57:49","slug":"grupo-aeroportuario-del-pacifico-invertira-18-mil-millones-de-pesos-en-modernizacion-de-los-aeropuertos-de-guadalajara-y-puerto-vallarta","status":"publish","type":"post","link":"https:\/\/www.diarioimagen.net\/?p=459974","title":{"rendered":"Grupo Aeroportuario del Pac\u00edfico, invertir\u00e1 18 mil millones de pesos en modernizaci\u00f3n de los aeropuertos de Guadalajara y Puerto Vallarta"},"content":{"rendered":"<h2>De cinco estrellas<\/h2>\n<h5>Victoria Gonz\u00e1lez Prado<\/h5>\n<p>&nbsp;<\/p>\n<ul>\n<li><strong>Boeing 747<\/strong><em><strong> de <\/strong><\/em><strong>British Airways<\/strong><em><strong> estableci\u00f3 nueva marca de velocidad en vuelo subs\u00f3nico trasatl\u00e1ntico entre Nueva York y Londres<\/strong><\/em><\/li>\n<li><em><strong>Los d\u00edas 7 y 8 de marzo pr\u00f3ximos se llevar\u00e1 a cabo la expo Mundo Joven Fest para viajeros de todas las edades\u00a0\u00a0\u00a0<\/strong><\/em><\/li>\n<li><em><strong>Por s\u00e9ptimo a\u00f1o consecutivo la encuesta anual de empleadores de <\/strong><\/em><strong>Mediacorp Canada Inc<\/strong><strong>.<\/strong><em><strong> reconoci\u00f3 a <\/strong><\/em><strong>Air Canada<\/strong><\/li>\n<\/ul>\n<p>&nbsp;<\/p>\n<div id=\"attachment_460101\" style=\"width: 470px\" class=\"wp-caption aligncenter\"><a href=\"https:\/\/www.diarioimagen.net\/?attachment_id=460101\" rel=\"attachment wp-att-460101\"><img loading=\"lazy\" decoding=\"async\" aria-describedby=\"caption-attachment-460101\" class=\"size-large wp-image-460101\" src=\"https:\/\/www.diarioimagen.net\/wp-content\/uploads\/2020\/02\/turismo-5-460x259.jpg\" alt=\"\" width=\"460\" height=\"259\" srcset=\"https:\/\/www.diarioimagen.net\/wp-content\/uploads\/2020\/02\/turismo-5-460x259.jpg 460w, https:\/\/www.diarioimagen.net\/wp-content\/uploads\/2020\/02\/turismo-5-240x135.jpg 240w, https:\/\/www.diarioimagen.net\/wp-content\/uploads\/2020\/02\/turismo-5-235x132.jpg 235w, https:\/\/www.diarioimagen.net\/wp-content\/uploads\/2020\/02\/turismo-5-202x114.jpg 202w, https:\/\/www.diarioimagen.net\/wp-content\/uploads\/2020\/02\/turismo-5-350x196.jpg 350w, https:\/\/www.diarioimagen.net\/wp-content\/uploads\/2020\/02\/turismo-5-220x123.jpg 220w, https:\/\/www.diarioimagen.net\/wp-content\/uploads\/2020\/02\/turismo-5-237x132.jpg 237w, https:\/\/www.diarioimagen.net\/wp-content\/uploads\/2020\/02\/turismo-5.jpg 480w\" sizes=\"auto, (max-width: 460px) 100vw, 460px\" \/><\/a><p id=\"caption-attachment-460101\" class=\"wp-caption-text\">Maqueta del Aeropuerto Internacional de Guadalajara.<\/p><\/div>\n<p>&nbsp;<\/p>\n<p>Grupo Aeroportuario del Pac\u00edfico (GAP), invertir\u00e1 18 mil millones de pesos en modernizaci\u00f3n de los aeropuertos de Guadalajara y Puerto Vallarta. En la primera de las terminales a\u00e9reas los recursos se emplear\u00e1n en continuar con la preparaci\u00f3n de la construcci\u00f3n de la segunda pista, se reforzar\u00e1 la ampliaci\u00f3n de la terminal y se dotar\u00e1 de infraestructura de generaci\u00f3n el\u00e9ctrica solar, para que se convierta en la primera terminal a\u00e9rea sustentable.<\/p>\n<p>La inversi\u00f3n incluye construcci\u00f3n de hotel de 180 habitaciones, mayor \u00e1rea de estacionamiento y construcci\u00f3n de la terminal 2, con lo que se dotar\u00e1 de18 nuevas puertas de abordaje y 100 mil metros cuadrados de instalaciones para pasajeros.<\/p>\n<p>El aeropuerto de Puerto Vallarta crecer\u00e1 hasta 42 mil metros cuadrados, se dotar\u00e1 de 15 puertas de abordaje y nueva planta de aguas residuales. <strong>Laura Diez Barroso<\/strong>, presidenta del consejo de GAP, dijo que se invertir\u00e1n 16 mil millones de pesos en proyectos de alto impacto. 12 mil ser\u00e1n para el proyecto de expansi\u00f3n de pasajeros y comercial del Aeropuerto Internacional de Guadalajara, y 4 mil millones m\u00e1s para el de Puerto Vallarta, generando beneficios econ\u00f3micos, log\u00edsticos y sobre todo, de sustentabilidad con el medio ambiente.<\/p>\n<p>\u2730\u2730\u2730\u2730\u2730 <em>Boeing 747<\/em> de <em>British Airways<\/em>, vuelo comercial BA112, estableci\u00f3 nueva marca de velocidad en vuelo subs\u00f3nico trasatl\u00e1ntico entre Nueva York (JFK) y Londres (Heathrow), la noche del 8 al 9 de febrero, superando en promedio los mil 287 km\/h, realizando el trayecto en cuatro horas y 56 minutos, habiendo llegado por momentos a velocidad m\u00e1xima de mil 327 km\/h (825 mph).<\/p>\n<p>Esta marca se logr\u00f3 gracias a la fuerte corriente de chorro experimentada en esta temporada, mientras que la aerol\u00ednea asegur\u00f3 que en todo momento se prioriz\u00f3 la seguridad del vuelo, que lleg\u00f3 a su destino 80 minutos antes de lo previsto.<\/p>\n<p>\u2730\u2730\u2730\u2730\u2730 Por s\u00e9ptimo a\u00f1o consecutivo\u00a0la encuesta anual de empleadores de <em>Mediacorp Canada Inc.<\/em> reconoci\u00f3 a <em>Air Canada<\/em> como uno de los \u201cPrincipales empleadoras de Montreal\u201d. La encuesta destaca a las empresas de Montreal que cuentan con programas excepcionales de recursos humanos y pol\u00edticas laborales con visi\u00f3n de futuro, marcando diferencia en su industria y regi\u00f3n.<\/p>\n<p><strong>Arielle Meloul-Wechsler<\/strong>, vicepresidenta ejecutiva, directora de Recursos Humanos y Comunicaciones dijo: \u201cestamos muy orgullosos con el nombramiento. Montreal, es adem\u00e1s sede mundial de <em>Air Canada<\/em> y donde residen 10 mil de nuestros empleados. Como empresa progresista y centrada en el personal, invertimos continuamente en programas para apoyar y comprometer a las personas en el trabajo con oportunidades adicionales para participar en el apoyo a las comunidades y causas locales\u201d.<\/p>\n<p>Es importante se\u00f1alar que <em>Mediacorp <\/em>cit\u00f3 varios programas \u00fanicos de apoyo y compromiso de los empleados de la compa\u00f1\u00eda. Estos incluyen: instalaciones de entrenamiento de \u00faltima generaci\u00f3n; descuentos y requisitos para los empleados y sus familias; programas para promover la salud, la aptitud f\u00edsica y el bienestar.<\/p>\n<p>Tambi\u00e9n han recibido otros reconocimientos: inclusi\u00f3n en el<em> top<\/em> de los Mejores Empleadores de Diversidad del Canad\u00e1 en 2019 por su labor permanente para fomentar la inclusi\u00f3n. Tambi\u00e9n de los 50 lugares de trabajo m\u00e1s comprometidos de Am\u00e9rica del Norte por cuarto a\u00f1o consecutivo.<\/p>\n<p>\u2730\u2730\u2730\u2730\u2730 Si est\u00e1s pensando salir de viaje, pero no sabes c\u00f3mo concretarlo, Mundo Joven Fest se llevar\u00e1 a cabo los d\u00edas 7 y 8 de marzo de las 10:00 a. m. a las\u00a0 19:00 horas en el centro City Banamex donde se reunir\u00e1n personas de todas las edades que tienen como objetivo com\u00fan: viajar.<\/p>\n<p>La entrada es gratuita pero es importante hacer registro previo en: www.mundojoven.com as\u00ed ahorrar\u00e1s tiempo en tu ingreso.<\/p>\n<p>El festival ofrecer\u00e1 los mejores descuentos en <em>tours,<\/em> seguros, playas, cruceros, art\u00edculos de viaje, boletos de avi\u00f3n, hospedaje y viajes con causa. Adem\u00e1s, de distintas actividades y promociones de su \u00e1rea especializada de estudios en el extranjero: <em>Live &amp; Learn.<\/em><\/p>\n<p>M\u00e1s de 300 asesores expertos te ayudar\u00e1n con el viaje de tus sue\u00f1os. Conocer\u00e1s los mejores destinos para viajar con tu familia, pareja o amigos, vuelos con las mejores promociones, recorridos en M\u00e9xico, Europa y por todo el mundo, seguros de viaje, viajes con causa y m\u00e1s.<\/p>\n<p><strong>Rub\u00e9n Mora<\/strong>, director comercial e internacional de Mundo Joven dijo: \u201cpara nosotros es muy importante crear las mejores experiencias de viaje. Por eso ofrecemos conferencias con expertos de la industria, asesores tur\u00edsticos y educativos que nos ayudar\u00e1n a resolver dudas\u201d.<\/p>\n<p>Contar\u00e1 con los mejores asesores educativos para desarrollarte profesionalmente, \u00e1rea de estudios en el extranjero como: campamentos de verano, cursos para aprender idiomas, estudiar la preparatoria, <em>Au pair,<\/em> programas de <em>work &amp; study<\/em>, programas de educaci\u00f3n superior, y todo ello se adecuar\u00e1 a tu presupuesto. Lo mejor para conocer los programas de estudios en el extranjero, es ir en familia, lo que ayudar\u00e1 a entender las opciones para tus hijos o definir tu objetivo acad\u00e9mico.<\/p>\n<p>Y si te encuentras preocupado por las modalidades de pago, la compa\u00f1\u00eda cuenta con distintos convenios con instituciones bancarias que ofrecen meses sin intereses. Incluso para quienes no cuentan con tarjeta de cr\u00e9dito encontrar\u00e1n opciones para hacer pagos mediante el\u00a0 financiamiento \u201cS\u00ed Te Vas\u201d que ofrece la empresa.<\/p>\n<p>El tema de las ofertas siempre est\u00e1 limitado a la disponibilidad, tanto en vuelos, hoteles y cursos por lo que se recomienda llegar a buena hora y evitar filas. En esta ocasi\u00f3n se esperan alrededor de 20 mil asistentes durante el fin de semana.<\/p>\n<p><em><span class=\"Apple-converted-space\"><a href=\"mailto:victoriagprado@gmail.com\" target=\"_blank\" rel=\"noopener noreferrer\">victoriagprado@gmail.com<\/a><br \/>\nTwitter: <a href=\"https:\/\/twitter.com\/victoriagprado\" target=\"_blank\" rel=\"noopener noreferrer\">@victoriagprado<\/a><\/span><\/em><\/p>\n","protected":false},"excerpt":{"rendered":"<p>Grupo Aeroportuario del Pac\u00edfico (GAP), invertir\u00e1 18 mil millones de pesos en modernizaci\u00f3n de los aeropuertos de Guadalajara y Puerto Vallarta. En la primera de las terminales a\u00e9reas los recursos se emplear\u00e1n en continuar con la preparaci\u00f3n de la construcci\u00f3n de la segunda pista, se reforzar\u00e1 la ampliaci\u00f3n de la terminal y se dotar\u00e1 de infraestructura de generaci\u00f3n el\u00e9ctrica solar, para que se convierta en la primera terminal a\u00e9rea sustentable.<\/p>\n","protected":false},"author":3,"featured_media":460101,"comment_status":"open","ping_status":"open","sticky":false,"template":"","format":"standard","meta":{"_monsterinsights_skip_tracking":false,"_monsterinsights_sitenote_active":false,"_monsterinsights_sitenote_note":"","_monsterinsights_sitenote_category":0,"footnotes":""},"categories":[11],"tags":[107,43674,43681,106],"class_list":["post-459974","post","type-post","status-publish","format-standard","has-post-thumbnail","hentry","category-turismo","tag-de-cinco-estrellas","tag-opinion","tag-turismo","tag-victoria-gonzalez-prado"],"_links":{"self":[{"href":"https:\/\/www.diarioimagen.net\/index.php?rest_route=\/wp\/v2\/posts\/459974","targetHints":{"allow":["GET"]}}],"collection":[{"href":"https:\/\/www.diarioimagen.net\/index.php?rest_route=\/wp\/v2\/posts"}],"about":[{"href":"https:\/\/www.diarioimagen.net\/index.php?rest_route=\/wp\/v2\/types\/post"}],"author":[{"embeddable":true,"href":"https:\/\/www.diarioimagen.net\/index.php?rest_route=\/wp\/v2\/users\/3"}],"replies":[{"embeddable":true,"href":"https:\/\/www.diarioimagen.net\/index.php?rest_route=%2Fwp%2Fv2%2Fcomments&post=459974"}],"version-history":[{"count":0,"href":"https:\/\/www.diarioimagen.net\/index.php?rest_route=\/wp\/v2\/posts\/459974\/revisions"}],"wp:featuredmedia":[{"embeddable":true,"href":"https:\/\/www.diarioimagen.net\/index.php?rest_route=\/wp\/v2\/media\/460101"}],"wp:attachment":[{"href":"https:\/\/www.diarioimagen.net\/index.php?rest_route=%2Fwp%2Fv2%2Fmedia&parent=459974"}],"wp:term":[{"taxonomy":"category","embeddable":true,"href":"https:\/\/www.diarioimagen.net\/index.php?rest_route=%2Fwp%2Fv2%2Fcategories&post=459974"},{"taxonomy":"post_tag","embeddable":true,"href":"https:\/\/www.diarioimagen.net\/index.php?rest_route=%2Fwp%2Fv2%2Ftags&post=459974"}],"curies":[{"name":"wp","href":"https:\/\/api.w.org\/{rel}","templated":true}]}}