{"id":460007,"date":"2020-02-14T00:12:02","date_gmt":"2020-02-14T06:12:02","guid":{"rendered":"https:\/\/www.diarioimagen.net\/?p=460007"},"modified":"2020-02-14T01:06:46","modified_gmt":"2020-02-14T07:06:46","slug":"cena-de-tamales-de-chipilin-en-palacio","status":"publish","type":"post","link":"https:\/\/www.diarioimagen.net\/?p=460007","title":{"rendered":"Cena de tamales de chipil\u00edn en Palacio"},"content":{"rendered":"<h2>Tras la puerta del poder<\/h2>\n<h5>Roberto Vizca\u00edno<\/h5>\n<p>&nbsp;<\/p>\n<ul>\n<li><strong><em>C\u00f3mo cobro de derecho de piso, extorsi\u00f3n presidencial bajo la sombra <\/em><em>de Santiago Nieto, o acci\u00f3n empresarial con sentido social?, \u00bfqu\u00e9?<\/em><\/strong><\/li>\n<\/ul>\n<p>&nbsp;<\/p>\n<div id=\"attachment_460052\" style=\"width: 470px\" class=\"wp-caption aligncenter\"><a href=\"https:\/\/www.diarioimagen.net\/?attachment_id=460052\" rel=\"attachment wp-att-460052\"><img loading=\"lazy\" decoding=\"async\" aria-describedby=\"caption-attachment-460052\" class=\"size-large wp-image-460052\" src=\"https:\/\/www.diarioimagen.net\/wp-content\/uploads\/2020\/02\/suceso-oportuno-LUIS-XAVIER-460x357.jpg\" alt=\"\" width=\"460\" height=\"357\" srcset=\"https:\/\/www.diarioimagen.net\/wp-content\/uploads\/2020\/02\/suceso-oportuno-LUIS-XAVIER-460x357.jpg 460w, https:\/\/www.diarioimagen.net\/wp-content\/uploads\/2020\/02\/suceso-oportuno-LUIS-XAVIER-240x186.jpg 240w, https:\/\/www.diarioimagen.net\/wp-content\/uploads\/2020\/02\/suceso-oportuno-LUIS-XAVIER-768x596.jpg 768w, https:\/\/www.diarioimagen.net\/wp-content\/uploads\/2020\/02\/suceso-oportuno-LUIS-XAVIER.jpg 1200w\" sizes=\"auto, (max-width: 460px) 100vw, 460px\" \/><\/a><p id=\"caption-attachment-460052\" class=\"wp-caption-text\">Suceso \u00a1oportuno..! | Luis Xavier<\/p><\/div>\n<p>&nbsp;<\/p>\n<p>Las redes sociales y las sobremesas de desayunaderos pol\u00edticos y empresariales no tuvieron ayer m\u00e1s tema que la cena de Palacio con tamales de chipil\u00edn. Car\u00edsimos, coincidieron todos. No se conocen otros tan costosos en todos los sentidos.<\/p>\n<p>Pero siempre el comentario adjunto, natural, fue preguntar: \u00bfc\u00f3mo se debe tomar este evento convocado y conducido por el mism\u00edsimo presidente de la rep\u00fablica, <strong>Andr\u00e9s Manuel L\u00f3pez Obrador<\/strong>\u2026 c\u00f3mo <em>pase de charola<\/em>, sugerencia de cooperaci\u00f3n solidaria, c\u00f3mo?<\/p>\n<p>O, \u00bfabierta extorsi\u00f3n bajo la amenaza <em>soterrada<\/em>, m\u00e1s que evidente, de que, si no se aportaba alguna de las cantidades difundidas en una hoja colocada en cada lugar de la cena -y que iban de los 20 a los 200 millones de pesos-, entonces se le aplicar\u00eda la sentencia del m\u00e1s famoso de los chinos-mexicanos m\u00e1s c\u00e9lebres de la historia en este pa\u00eds, de <strong>Zhenli Ye Gon<\/strong>: de <strong><em>coopelas o cuello<\/em><\/strong>?<\/p>\n<p>Todos en este pa\u00eds, y fuera de \u00e9l, saben que el presidente <strong>L\u00f3pez Obrador<\/strong> tiene a su lado a un brav\u00edsimo rottweiler que responde al nombre de <strong>Santiago Nieto<\/strong>, que acostumbra lanzarse al cuello de todos aquellos que el tabasque\u00f1o considera sus enemigos.<\/p>\n<p>Un amigo de Coparmex, empresario hotelero y tur\u00edstico, cuyo nombre me reservo por aquello de que el rottweiler de <strong>AMLO<\/strong> no vaya a desquitarse con \u00e9l, fue preciso en su conclusi\u00f3n de la cena de Palacio: \u00a0Mira, es simple: los empresarios citados no fueron a hacer una aportaci\u00f3n por lo del avi\u00f3n, fueron a comprar impunidad\u2026\u00a0 hay que decir la realidad, en la cantidad aportada se nota el grado de culpabilidad y en la misma medida ser\u00e1 la impunidad de que gocen\u201d.<\/p>\n<p>Ayer en su ma\u00f1anera, AMLO revel\u00f3 que de los casi 200 empresarios que llegaron a la cena de tamales de chipil\u00edn, 75 comprometieron aportaciones que suman los 1,500 millones de pesos.<\/p>\n<p style=\"text-align: center;\"><strong>Sensible solidaridad empresarial: Monreal<\/strong><\/p>\n<p>Como suele ocurrir ante la pol\u00edtica del avestruz medi\u00e1tico que domina al c\u00edrculo de cercanos a <strong>L\u00f3pez Obrador<\/strong>, un gabinete autista que ni opina, ni r\u00ede o llora por nada, quien sali\u00f3 a comentar sobre la cena fue <strong>Ricardo Monreal<\/strong>, l\u00edder de la mayor\u00eda de Morena en el Senado, quien fue uno de los pocos que acompa\u00f1aron al Presidente en este evento.<\/p>\n<p>Pol\u00edtico al fin, alineado con la 4ta Transformaci\u00f3n, amigo y compa\u00f1ero del tabasque\u00f1o en la aventura de gobernar, interrogado sobre la percepci\u00f3n de la extorsi\u00f3n, dijo:<\/p>\n<p>\u201cBueno, me parece que no es as\u00ed. El Presidente de la Rep\u00fablica, que fue quien convoc\u00f3 a esta cena, hab\u00eda expresado con claridad cu\u00e1l era el prop\u00f3sito, desde hace varias semanas atr\u00e1s, y era buscar el respaldo econ\u00f3mico y la participaci\u00f3n en la rifa del avi\u00f3n presidencial.<\/p>\n<p>\u201cEl que los empresarios se comprometieran a participar con una determinada cantidad de recursos econ\u00f3micos en este prop\u00f3sito\u2026 me parece una decisi\u00f3n de los empresarios correcta, de solidaridad para con el Gobierno.<\/p>\n<p>\u201cY tambi\u00e9n de intervenci\u00f3n en un asunto que ha sido muy sensible en el pueblo de M\u00e9xico, que son los excesos, los lujos, toda la parafernalia del poder p\u00fablico que acompa\u00f1\u00f3 a los anteriores gobernantes.<\/p>\n<p>\u201cLo que el Presidente est\u00e1 exteriorizando, explicando, evidenciando, es el lujo, el confort, el exceso en el que viv\u00edan los antiguos gobernantes. \u201cY, eso de participar los empresarios en la rifa del avi\u00f3n presidencial, es una decisi\u00f3n de ellos; a todos los vi y yo los vi mayores de edad, iban hasta contentos, celebrando la reuni\u00f3n con el Presidente, aplaudiendo de pie varios minutos.<\/p>\n<p>\u201cUna muestra clara de que hay un entendimiento y una relaci\u00f3n de afecto o al menos de respeto, entre el Presidente y el grupo econ\u00f3mico m\u00e1s importante del pa\u00eds.<\/p>\n<p>\u201cA m\u00ed como legislador, me alegra que eso suceda. A m\u00ed como legislador, me parece que el Presidente, al recomponer su relaci\u00f3n con la clase econ\u00f3mica, hace lo correcto para ir ya eliminando cualquier temor a que el Presidente fuera adversario a la inversi\u00f3n o a la posibilidad de hacer fortalecer sus empresas. \u201cCreo que eso se est\u00e1 esfumando, se est\u00e1 esfumando lo que se escribi\u00f3 de \u00e9l durante las campa\u00f1as pasadas de radicalismo, de mes\u00edas, de excesivo.<\/p>\n<p>\u201cAhora se est\u00e1n dando cuenta los empresarios de que es un hombre sensato, el Presidente es un hombre prudente y el Presidente es un hombre que sabe reconciliar a distintos grupos: econ\u00f3micos, clericales, sociales, universitarios, acad\u00e9micos y de intelectuales, y me gustar\u00eda que no se dejara fuera a los medios de comunicaci\u00f3n; a comunicadores y a columnistas que tambi\u00e9n es una necesidad, un proceso de reconciliaci\u00f3n para que la comunicaci\u00f3n social sea como siempre ha sido, ver\u00eddica, veraz, objetiva en beneficio del pa\u00eds\u201d, indic\u00f3.<\/p>\n<p style=\"text-align: center;\"><strong>Un pellizco inmobiliario multimillonario<\/strong><\/p>\n<p>Emitido ayer v\u00eda el Diario Oficial, el Acuerdo \u201cpor el que se instruye a las dependencias y entidades de la Administraci\u00f3n P\u00fablica Federal a coordinarse para seleccionar los bienes inmuebles de la Federaci\u00f3n y ponerlos a disposici\u00f3n del Banco del Bienestar en la instalaci\u00f3n de sucursales\u201d, circul\u00f3 profusamente por las altas oficinas del gobierno federal.<\/p>\n<p>El tema es que esos inmuebles van a ser ocupados para la operaci\u00f3n de varios miles de sucursales del Banco del Bienestar para que L\u00f3pez Obrador pueda dispersar los miles de millones de pesos de sus programas sociales en beneficio de adultos mayores, j\u00f3venes, ni\u00f1os, ind\u00edgenas, campesinos, etc.<\/p>\n<p style=\"text-align: center;\"><strong>Un primer y fruct\u00edfero acercamiento<\/strong><\/p>\n<p>La larga jornada de ayer de Parlamento Abierto, en el Senado de la Rep\u00fablica, con el amplio y complejo tema del <em>outsourcing <\/em>o subcontrataci\u00f3n, no result\u00f3 en balde.<\/p>\n<p>Las voces de trabajadores, empresarios y acad\u00e9micos fueron escuchadas de tal forma que muchas de las aportaciones han sido tomadas en cuenta para que el dictamen, anteriormente aprobado, se adecue a lo expresado en las cinco mesas abiertas.<\/p>\n<p>Esto fue reconocido, tanto por <strong>Napole\u00f3n G\u00f3mez Urrutia<\/strong>, quien como presidente de la Comisi\u00f3n del Trabajo es quien conduce este Parlamento Abierto, como por <strong>Ricardo Monreal<\/strong>, l\u00edder de la bancada de Morena, quien comprometi\u00f3 a su bancada a incorporar diversos conceptos y puntos de vista externados ayer.<\/p>\n<p>El tambi\u00e9n presidente de la Junta de Coordinaci\u00f3n Pol\u00edtica indic\u00f3 que se ha hablado con los promotores de la iniciativa \u2013con <strong>G\u00f3mez Urrutia y otros<\/strong>\u2014, as\u00ed como con quienes votaron por el dictamen a fines del mes anterior, a fin de que se tomen en cuenta varias de las propuestas y expresiones de ayer a fin de que se incorporen algunas de sus propuestas en el documento final.<\/p>\n<p style=\"text-align: center;\"><strong>\u00bfPor fin, es o no importante el crecimiento?<\/strong><\/p>\n<p>En su ma\u00f1anera de ayer, <strong>AMLO <\/strong>anunci\u00f3:<\/p>\n<p>\u201cAhora vamos a invertir en general m\u00e1s de 200 mil millones de pesos.<\/p>\n<p>\u201cEstamos pensando en cerca de un mill\u00f3n de acciones de vivienda para este a\u00f1o y estamos muy conscientes de que lo que m\u00e1s permite el crecimiento econ\u00f3mico y en poco tiempo es el impulso a la industria de la construcci\u00f3n y en particular la construcci\u00f3n de vivienda, que ayuda para que todos tengan sus hogares, mejoren sus hogares, porque no s\u00f3lo es construcci\u00f3n, es tambi\u00e9n ampliaci\u00f3n, mejoramiento de vivienda y reactiva la econom\u00eda.<\/p>\n<p>\u201cEstamos muy conscientes de eso y ya est\u00e1 por iniciar un plan, y estoy seguro de que vamos a tener buenos resultados\u201d, concluy\u00f3. El punto es que no hace ni 10 o 15 d\u00edas el mismo presidente, al conocer las proyecciones de crecimiento bajo cero del Inegi, sali\u00f3 a decir que a \u00e9l no le interesaba tanto el crecimiento sino el desarrollo de M\u00e9xico.<\/p>\n<p>Suele ocurrir que las afirmaciones de un <strong>L\u00f3pez Obrador<\/strong> del pasado reciente arrollan a cada rato al <strong>L\u00f3pez Obrador<\/strong> del presente.<\/p>\n<p><em><a href=\"mailto:rvizcainoa@gmail.com\" target=\"_blank\" rel=\"noopener noreferrer\">rvizcainoa@gmail.com<\/a><br \/>\n<u><a href=\"http:\/\/endirecto.mx\" target=\"_blank\" rel=\"noopener noreferrer\">www.endirecto.mx<\/a><br \/>\n<a href=\"https:\/\/twitter.com\/_rvizcaino\" target=\"_blank\" rel=\"noopener noreferrer\">@_RVizcaino<\/a><br \/>\n<a href=\"https:\/\/www.facebook.com\/rvizcainoa\" target=\"_blank\" rel=\"noopener noreferrer\">facebook.com\/rvizcainoa<\/a><\/u><\/em><\/p>\n","protected":false},"excerpt":{"rendered":"<p><span style=\"color: #005497;\"><strong>Roberto Vizca\u00edno<\/strong><\/span><br \/>\n<br \/>\nLas redes sociales y las sobremesas de desayunaderos pol\u00edticos y empresariales no tuvieron ayer m\u00e1s tema que la cena de Palacio con tamales de chipil\u00edn. Car\u00edsimos, coincidieron todos. No se conocen otros tan costosos en todos los sentidos.<\/p>\n","protected":false},"author":3,"featured_media":460052,"comment_status":"open","ping_status":"open","sticky":false,"template":"","format":"standard","meta":{"_monsterinsights_skip_tracking":false,"_monsterinsights_sitenote_active":false,"_monsterinsights_sitenote_note":"","_monsterinsights_sitenote_category":0,"footnotes":""},"categories":[136],"tags":[43674,93,94],"class_list":["post-460007","post","type-post","status-publish","format-standard","has-post-thumbnail","hentry","category-roberto-vizcaino-opinion","tag-opinion","tag-roberto-vizcaino","tag-tras-la-puerta-del-poder"],"_links":{"self":[{"href":"https:\/\/www.diarioimagen.net\/index.php?rest_route=\/wp\/v2\/posts\/460007","targetHints":{"allow":["GET"]}}],"collection":[{"href":"https:\/\/www.diarioimagen.net\/index.php?rest_route=\/wp\/v2\/posts"}],"about":[{"href":"https:\/\/www.diarioimagen.net\/index.php?rest_route=\/wp\/v2\/types\/post"}],"author":[{"embeddable":true,"href":"https:\/\/www.diarioimagen.net\/index.php?rest_route=\/wp\/v2\/users\/3"}],"replies":[{"embeddable":true,"href":"https:\/\/www.diarioimagen.net\/index.php?rest_route=%2Fwp%2Fv2%2Fcomments&post=460007"}],"version-history":[{"count":0,"href":"https:\/\/www.diarioimagen.net\/index.php?rest_route=\/wp\/v2\/posts\/460007\/revisions"}],"wp:featuredmedia":[{"embeddable":true,"href":"https:\/\/www.diarioimagen.net\/index.php?rest_route=\/wp\/v2\/media\/460052"}],"wp:attachment":[{"href":"https:\/\/www.diarioimagen.net\/index.php?rest_route=%2Fwp%2Fv2%2Fmedia&parent=460007"}],"wp:term":[{"taxonomy":"category","embeddable":true,"href":"https:\/\/www.diarioimagen.net\/index.php?rest_route=%2Fwp%2Fv2%2Fcategories&post=460007"},{"taxonomy":"post_tag","embeddable":true,"href":"https:\/\/www.diarioimagen.net\/index.php?rest_route=%2Fwp%2Fv2%2Ftags&post=460007"}],"curies":[{"name":"wp","href":"https:\/\/api.w.org\/{rel}","templated":true}]}}