{"id":460023,"date":"2020-02-14T00:02:21","date_gmt":"2020-02-14T06:02:21","guid":{"rendered":"https:\/\/www.diarioimagen.net\/?p=460023"},"modified":"2020-02-14T00:35:41","modified_gmt":"2020-02-14T06:35:41","slug":"tamaliza-en-palacio-nacional-show-sin-cover-colecta-de-caridad","status":"publish","type":"post","link":"https:\/\/www.diarioimagen.net\/?p=460023","title":{"rendered":"Tamaliza en Palacio Nacional:  <em>show<\/em> sin <em>cover<\/em>, colecta de caridad"},"content":{"rendered":"<h2>La Retaguardia<\/h2>\n<h5>Adriana Moreno Cordero<\/h5>\n<p>&nbsp;<\/p>\n<ul>\n<li><strong><em>Emilio Lozoya Austin no es \u201cchivo expiatorio\u201d: Monreal<\/em><\/strong><\/li>\n<\/ul>\n<p>&nbsp;<\/p>\n<p>El empresario <strong>Bosco de la Vega Valladolid<\/strong>, presidente del Consejo Nacional Agropecuario, reiter\u00f3 ayer que la convocatoria que hiciera el presidente <strong>Andr\u00e9s Manuel L\u00f3pez Obrador<\/strong> para \u201cpasar la charola\u201d a alrededor de cien empresarios en Palacio Nacional, hab\u00eda sido la cena m\u00e1s cara de su vida y eso que nada m\u00e1s fue un tamal de chipil\u00edn por cabeza, pero eso s\u00ed, la IP no puede quejarse tanto porque el \u201cshow\u201d ofrecido por el Ejecutivo fue sin <em>cover<\/em>. El tabasque\u00f1o e dio a la tarea, -durante el tiempo que dur\u00f3 el encuentro-, de \u201cdorarles la p\u00edldora\u201d a los hombres del dinero y aunque estuvieron presentes ni\u00f1os y ni\u00f1as gritones de la Loter\u00eda Nacional simulando la rifa del avi\u00f3n presidencial, la IP opt\u00f3 por intentar convencerse sobre que el Ejecutivo les hab\u00eda pedido su amable cooperaci\u00f3n para fondear la compra de instrumental y equipo m\u00e9dico.<\/p>\n<p>No obstante, a la salida, no faltaron aquellos empresarios que se retiraron sin mediar palabra alguna y con caras largas, ya que el fondo del asunto es que su amable cooperaci\u00f3n no ser\u00e1 deducible de impuestos en lo que sin duda implica una medida m\u00e1s de ese austericidio que es una de las principales ocurrencias del Ejecutivo.<\/p>\n<p>Y se subraya, ocurrencia, porque el presidente utiliza la forma m\u00e1s arcaica para recolectar dinero, esto es, un evento de caridad, porque L\u00f3pez Obrador, flanqueado en la mesa principal por la empresaria <strong>Mar\u00eda Asunci\u00f3n Aramburuzabala<\/strong>\u00a0 y <strong>Carlos Slim<\/strong>, desde luego que les \u201crecet\u00f3\u201d el respectivo serm\u00f3n a los hombres del dinero. Nada m\u00e1s falt\u00f3 que el tabasque\u00f1o les repartiera su tan ef\u00edmera e irrisoria Cartilla Moral, que en esta administraci\u00f3n, ha servido para nada y para nada.<\/p>\n<p>Sin duda lo que pas\u00f3 el mi\u00e9rcoles en Palacio Nacional, es muy grave porque estamos ante la manifestaci\u00f3n de un poder presidencial que rasa en el autoritarismo para algo muy ef\u00edmero, porque definitivamente, las cuentas no salen. Primero, <strong>Alejandro Gertz<\/strong> entrega un cheque al presidente por dos mil millones de pesos, un dinero que, aseguran los especialistas, no es de la presidencia de la Rep\u00fablica, sino del Infonavit, porque el titular de la FGR no tiene facultades para haber hecho lo que hizo.<\/p>\n<p>Pero bueno, en esta llamada cuarta transformaci\u00f3n, el jefe del Ejecutivo busca recursos afanosamente, cuyo destino final nunca se sabe. \u00bfPor qu\u00e9 ser\u00e1 que despu\u00e9s de la cena, el Banco de M\u00e9xico, recort\u00f3 25 puntos base a 7 por ciento su tasa de inter\u00e9s e inform\u00f3 que la inflaci\u00f3n general anual aument\u00f3 de 2.97% a 3.24 por ciento, entre noviembre de 2019 a enero de este a\u00f1o? Ambos son signos contundentes de que la econom\u00eda mexicana est\u00e1 estancada.<\/p>\n<p>Los propios empresarios que el pasado mi\u00e9rcoles se dieron cita en Palacio Nacional, reconocieron que su sector no la est\u00e1 pasando nada, entre otras razones, porque hay problemas en las cuotas del IMSS, mientras cada d\u00eda que pasa, son m\u00e1s evidentes las fallas del tan llevado y tra\u00eddo INSABI<\/p>\n<p style=\"text-align: center;\"><strong>MUNICIONES<\/strong><\/p>\n<p>*** Y por cierto, no se ha reparado en el delicioso chocolate tabasque\u00f1o que se sirvi\u00f3 en la tamaliza con los empresarios en Palacio Nacional. Pues obviamente fue marca \u201cRoc\u00edo\u201d, propiedad de los hijos del ciudadano presidente. Todo para el vencedor, \u00bfo no?<\/p>\n<p>*** La subcontrataci\u00f3n o sistema de <em>outsourcing<\/em> no es mala en s\u00ed, sino la operaci\u00f3n de m\u00e1s de 14 mil empresas, detectadas por el Instituto Mexicano del Seguro Social en este mecanismo que tan s\u00f3lo en 2019, da\u00f1aron a los trabajadores, a los empleadores y a las instituciones, al no pagar sus cuotas patronales y proporcionar seguridad social a sus empleados. Durante el Parlamento Abierto en materia de Subcontrataci\u00f3n o <em>Outsourcing<\/em>, celebrado en el Senado de la Rep\u00fablica, el acuerdo entre servidores p\u00fablicos, empresarios, trabajadores y organizaciones dedicadas a esta actividad, fue que no es necesario crear nueva legislaci\u00f3n, sino aplicar la ley existente y que haya coordinaci\u00f3n entre autoridades, que se genere un censo de empresas que no cumplen y que se proceda para regularlas o sancionarlas. De esto modo se evitar\u00e1n pr\u00e1cticas fraudulentas como la evasi\u00f3n que se detect\u00f3 en el IMSS en el 2019, del orden de 21 mil millones de pesos o la defraudaci\u00f3n fiscal al SAT por 324 mil millones anuales, a partir de las factureras u operaciones de lavado de dinero. Para algunos participantes en dicho Parlamento Abierto, la subcontrataci\u00f3n ilegal representa una competencia desleal para las empresas que s\u00ed cumplen con sus obligaciones y act\u00faan conforme a la legislaci\u00f3n laboral. Por esta raz\u00f3n se plantea no s\u00f3lo la revisi\u00f3n del marco legal, sino una coordinaci\u00f3n efectiva entre la Secretar\u00eda del Trabajo, el IMSS, la Procuradur\u00eda Fiscal, el SAT, la Unidad de Inteligencia Financiera y el INFONAVIT, esto con el objetivo de tener un registro de las empresas que no cumplen y se proceda contra ellas.<\/p>\n<p>*** Sobre el mismo tema, la larga jornada de ayer de Parlamento Abierto, en el Senado de la Rep\u00fablica, con el amplio y complejo tema del <em>outsourcing<\/em> o subcontrataci\u00f3n, no result\u00f3 en balde.\u00a0Las voces de trabajadores, empresarios y acad\u00e9micos fueron escuchadas de tal forma que muchas de las aportaciones han sido tomadas en cuenta para que el dictamen, anteriormente aprobado, se adecue a lo expresado en las cinco mesas abiertas. As\u00ed lo manifest\u00f3 <strong>Ricardo Monreal \u00c1vila<\/strong>, l\u00edder de la bancada de Morena, quien comprometi\u00f3 a su fracci\u00f3n parlamentaria a incorporar diversos conceptos y puntos de vista ayer externados.\u00a0 Monreal \u00c1vila explic\u00f3 que se ha hablado con los promotores de la iniciativa \u2013espec\u00edficamente, el senador <strong>Napole\u00f3n G\u00f3mez Urrutia<\/strong>\u2014y quienes votaron por el dictamen para que se recuperen propuestas y expresiones, externadas durante el Parlamento Abierto, para incluirlas en el dictamen final y sean aprobadas en el Pleno. Para el legislador zacatecano el ejercicio de ayer, en las diversas mesas, fue rico y debe ser considerado y reflejarse en el dictamen final. En otro tema, los reporteros de la fuente lo entrevistaron minutos antes de ingresar al sal\u00f3n del Pleno, sobre la detenci\u00f3n de Emilio Lozoya, en Espa\u00f1a, a lo que respondi\u00f3 el legislador zacatecano que no se trata ya de ninguna \u201ccortina de humo\u201d, ni de chivo expiatorio, \u201ces una demanda ciudadana de tres o cuatro a\u00f1os atr\u00e1s\u201d. Confi\u00f3 en que se d\u00e9 a conocer todo y que la caja de pandora \u201csea abierta\u201d.<\/p>\n<p><a href=\"mailto:morcora@gmail.com\" target=\"_blank\" rel=\"noopener noreferrer\"><em>morcora@gmail.com<\/em><\/a><\/p>\n","protected":false},"excerpt":{"rendered":"<p><span style=\"color: #005497;\"><strong>Adriana Moreno Cordero<\/strong><\/span><\/p>\n","protected":false},"author":3,"featured_media":0,"comment_status":"open","ping_status":"open","sticky":false,"template":"","format":"standard","meta":{"_monsterinsights_skip_tracking":false,"_monsterinsights_sitenote_active":false,"_monsterinsights_sitenote_note":"","_monsterinsights_sitenote_category":0,"footnotes":""},"categories":[69370],"tags":[69369,69368,43674],"class_list":["post-460023","post","type-post","status-publish","format-standard","hentry","category-adriana-moreno-cordero","tag-adriana-moreno-cordero","tag-la-retaguardia","tag-opinion"],"_links":{"self":[{"href":"https:\/\/www.diarioimagen.net\/index.php?rest_route=\/wp\/v2\/posts\/460023","targetHints":{"allow":["GET"]}}],"collection":[{"href":"https:\/\/www.diarioimagen.net\/index.php?rest_route=\/wp\/v2\/posts"}],"about":[{"href":"https:\/\/www.diarioimagen.net\/index.php?rest_route=\/wp\/v2\/types\/post"}],"author":[{"embeddable":true,"href":"https:\/\/www.diarioimagen.net\/index.php?rest_route=\/wp\/v2\/users\/3"}],"replies":[{"embeddable":true,"href":"https:\/\/www.diarioimagen.net\/index.php?rest_route=%2Fwp%2Fv2%2Fcomments&post=460023"}],"version-history":[{"count":0,"href":"https:\/\/www.diarioimagen.net\/index.php?rest_route=\/wp\/v2\/posts\/460023\/revisions"}],"wp:attachment":[{"href":"https:\/\/www.diarioimagen.net\/index.php?rest_route=%2Fwp%2Fv2%2Fmedia&parent=460023"}],"wp:term":[{"taxonomy":"category","embeddable":true,"href":"https:\/\/www.diarioimagen.net\/index.php?rest_route=%2Fwp%2Fv2%2Fcategories&post=460023"},{"taxonomy":"post_tag","embeddable":true,"href":"https:\/\/www.diarioimagen.net\/index.php?rest_route=%2Fwp%2Fv2%2Ftags&post=460023"}],"curies":[{"name":"wp","href":"https:\/\/api.w.org\/{rel}","templated":true}]}}