{"id":460116,"date":"2020-02-17T00:05:56","date_gmt":"2020-02-17T06:05:56","guid":{"rendered":"https:\/\/www.diarioimagen.net\/?p=460116"},"modified":"2020-02-16T23:19:08","modified_gmt":"2020-02-17T05:19:08","slug":"dinero-ilicito-no-decidira-vida-publica-advierte-lopez-obrador","status":"publish","type":"post","link":"https:\/\/www.diarioimagen.net\/?p=460116","title":{"rendered":"Dinero il\u00edcito no decidir\u00e1 vida p\u00fablica, advierte L\u00f3pez Obrador"},"content":{"rendered":"<ul>\n<li><em><strong>Mensaje al crimen organizado<\/strong><\/em><\/li>\n<li><em><strong>S\u00f3lo el trabajo conjunto puede garantizar seguridad: el Presidente<\/strong><\/em><\/li>\n<\/ul>\n<p>&nbsp;<\/p>\n<div id=\"attachment_460117\" style=\"width: 470px\" class=\"wp-caption aligncenter\"><img loading=\"lazy\" decoding=\"async\" aria-describedby=\"caption-attachment-460117\" class=\"size-large wp-image-460117\" src=\"https:\/\/www.diarioimagen.net\/wp-content\/uploads\/2020\/02\/DINERO17-portal-460x268.png\" alt=\"\" width=\"460\" height=\"268\" srcset=\"https:\/\/www.diarioimagen.net\/wp-content\/uploads\/2020\/02\/DINERO17-portal-460x268.png 460w, https:\/\/www.diarioimagen.net\/wp-content\/uploads\/2020\/02\/DINERO17-portal-240x140.png 240w, https:\/\/www.diarioimagen.net\/wp-content\/uploads\/2020\/02\/DINERO17-portal.png 480w\" sizes=\"auto, (max-width: 460px) 100vw, 460px\" \/><p id=\"caption-attachment-460117\" class=\"wp-caption-text\">Andr\u00e9s Manuel L\u00f3pez Obrador inaugur\u00f3 instalaciones de Guardia Nacional en P\u00e9njamo, Guanajuato.<\/p><\/div>\n<p>&nbsp;<\/p>\n<p>Al inaugurar instalaciones de Guardia Nacional en P\u00e9njamo, Guanajuato, este domingo, el presidente Andr\u00e9s Manuel L\u00f3pez Obrador dijo que ni con el uso del dinero los criminales se van a librar de la justicia.<\/p>\n<p>\u201cA los que se dedican a las actividades delictivas, que se escuche bien, que se escuche lejos, no se va a permitir la delincuencia, ya no es el tiempo de antes , ya no es de que yo puedo hacer y deshacer, porque tengo influencias y voy a comprar a Ministerio P\u00fablico, a comprar a jueces y me van a sacar de la c\u00e1rcel, ya no va a ser as\u00ed, vamos limpiando de corrupci\u00f3n al gobierno\u201d, expres\u00f3 el mandatario.<\/p>\n<p>El mandatario afirm\u00f3 que s\u00f3lo el trabajo conjunto de las Fuerzas Armadas podr\u00e1 hacer que se obtengan resultados en materia de combate a la inseguridad.<\/p>\n<p>\u201cNo vamos a perder de vista que lo principal para garantizar la paz y tranquilidad es la justicia, no se puede enfrentar la violencia con la violencia. Por eso tenemos que garantizar que haya oportunidades de trabajo para nuestro pueblo que no haya desempleo, que alcance el salario\u201d, dijo L\u00f3pez Obrador.<\/p>\n<p>Al inaugurar un cuartel de la Guardia Nacional en este municipio, el mandatario fue enf\u00e1tico en se\u00f1alar que a la par de que se est\u00e1 fortaleciendo a las fuerzas del orden, dot\u00e1ndolas de infraestructura y equipo para dignificar su trabajo, tambi\u00e9n se est\u00e1 consolidando el estado de bienestar.<\/p>\n<p>Afirm\u00f3 que s\u00f3lo atendiendo a los sectores vulnerables, como el de los j\u00f3venes, se podr\u00e1 arrebatar al crimen a un potencial ej\u00e9rcito.<\/p>\n<p>\u201cCon lo que estamos haciendo para trabajar juntos y garantizar la tranquilidad con la Guardia Nacional con el Ej\u00e9rcito, la Marina, vamos a enfrentar el flagelo de la violencia y cada vez vamos a tener mejores resultados y hay algo que considero b\u00e1sico, fundamental, esencial: terminar con la corrupci\u00f3n\u201d, dijo el presidente de la Rep\u00fablica.<\/p>\n<p>L\u00f3pez Obrador reiter\u00f3 que el combate frontal a la corrupci\u00f3n tambi\u00e9n ser\u00e1 factor para diminuir la incidencia delictiva. Se\u00f1al\u00f3 que en los tiempos de la llamada Cuarta Transformaci\u00f3n debe quedar muy clara la l\u00ednea entre las autoridades y las bandas del crimen organizado.<\/p>\n<p>Expuso que mientras no se mantenga la autonom\u00eda de las autoridades policiales respecto a los malhechores no se podr\u00e1 avanzar en la materia.<\/p>\n<p>Advirti\u00f3 que aquellos funcionarios que sigan pensando en que el dinero puede comprar a autoridades se equivoca de tiempo, ya que no se tolerar\u00e1 m\u00e1s impunidad. Afirm\u00f3 que el poder econ\u00f3mico nunca m\u00e1s va a volver a decidir el futuro del pa\u00eds.<\/p>\n<p>\u201cYa no es el tiempo de antes, ya no es de que \u2018yo puedo hacer y deshacer porque tengo influencias y voy a comprar a Ministerio P\u00fablico, voy a comprar a jueces y me van a sacar de la c\u00e1rcel\u2019, ya no voy a ser as\u00ed\u201d, dijo.<\/p>\n<p>\u201cEl dinero no es lo que rifa, el que est\u00e9 pensando que el dinero lo soluciona todo se equivoca, no es el poder econ\u00f3mico el que va a decir sobre la vida p\u00fablica de M\u00e9xico\u201d. Al inaugurar uno de los 18 cuarteles de la Guardia Nacional en Guanajuato, el presidente coment\u00f3 que son tiempos de unidad y dejar la confrontaci\u00f3n de lado.<\/p>\n","protected":false},"excerpt":{"rendered":"<p>Al inaugurar instalaciones de Guardia Nacional en P\u00e9njamo, Guanajuato, este domingo, el presidente Andr\u00e9s Manuel L\u00f3pez Obrador dijo que ni con el uso del dinero los criminales se van a librar de la justicia.<\/p>\n","protected":false},"author":5,"featured_media":460117,"comment_status":"open","ping_status":"open","sticky":false,"template":"","format":"standard","meta":{"_monsterinsights_skip_tracking":false,"_monsterinsights_sitenote_active":false,"_monsterinsights_sitenote_note":"","_monsterinsights_sitenote_category":0,"footnotes":""},"categories":[3],"tags":[2545,90101,4160,90127,81020,1399,43673,85613],"class_list":["post-460116","post","type-post","status-publish","format-standard","has-post-thumbnail","hentry","category-nacional","tag-amlo","tag-dinero-ilicito","tag-guardia-nacional","tag-ilicito","tag-lopez-obrador","tag-ministerio-publico","tag-nacional","tag-vida-publica"],"_links":{"self":[{"href":"https:\/\/www.diarioimagen.net\/index.php?rest_route=\/wp\/v2\/posts\/460116","targetHints":{"allow":["GET"]}}],"collection":[{"href":"https:\/\/www.diarioimagen.net\/index.php?rest_route=\/wp\/v2\/posts"}],"about":[{"href":"https:\/\/www.diarioimagen.net\/index.php?rest_route=\/wp\/v2\/types\/post"}],"author":[{"embeddable":true,"href":"https:\/\/www.diarioimagen.net\/index.php?rest_route=\/wp\/v2\/users\/5"}],"replies":[{"embeddable":true,"href":"https:\/\/www.diarioimagen.net\/index.php?rest_route=%2Fwp%2Fv2%2Fcomments&post=460116"}],"version-history":[{"count":0,"href":"https:\/\/www.diarioimagen.net\/index.php?rest_route=\/wp\/v2\/posts\/460116\/revisions"}],"wp:featuredmedia":[{"embeddable":true,"href":"https:\/\/www.diarioimagen.net\/index.php?rest_route=\/wp\/v2\/media\/460117"}],"wp:attachment":[{"href":"https:\/\/www.diarioimagen.net\/index.php?rest_route=%2Fwp%2Fv2%2Fmedia&parent=460116"}],"wp:term":[{"taxonomy":"category","embeddable":true,"href":"https:\/\/www.diarioimagen.net\/index.php?rest_route=%2Fwp%2Fv2%2Fcategories&post=460116"},{"taxonomy":"post_tag","embeddable":true,"href":"https:\/\/www.diarioimagen.net\/index.php?rest_route=%2Fwp%2Fv2%2Ftags&post=460116"}],"curies":[{"name":"wp","href":"https:\/\/api.w.org\/{rel}","templated":true}]}}