{"id":460175,"date":"2020-02-17T00:01:32","date_gmt":"2020-02-17T06:01:32","guid":{"rendered":"https:\/\/www.diarioimagen.net\/?p=460175"},"modified":"2020-02-17T00:45:49","modified_gmt":"2020-02-17T06:45:49","slug":"uaem-y-grupo-la-moderna-firman-convenio-de-colaboracion","status":"publish","type":"post","link":"https:\/\/www.diarioimagen.net\/?p=460175","title":{"rendered":"UAEM y Grupo La Moderna\u00a0 firman convenio de colaboraci\u00f3n"},"content":{"rendered":"<ul>\n<li><strong><em>Mejores bases para la capacitaci\u00f3n profesional<\/em><\/strong><\/li>\n<\/ul>\n<p>&nbsp;<\/p>\n<div id=\"attachment_460263\" style=\"width: 470px\" class=\"wp-caption aligncenter\"><a href=\"https:\/\/www.diarioimagen.net\/?attachment_id=460263\" rel=\"attachment wp-att-460263\"><img loading=\"lazy\" decoding=\"async\" aria-describedby=\"caption-attachment-460263\" class=\"size-large wp-image-460263\" src=\"https:\/\/www.diarioimagen.net\/wp-content\/uploads\/2020\/02\/UAEM-17-460x259.jpg\" alt=\"\" width=\"460\" height=\"259\" srcset=\"https:\/\/www.diarioimagen.net\/wp-content\/uploads\/2020\/02\/UAEM-17-460x259.jpg 460w, https:\/\/www.diarioimagen.net\/wp-content\/uploads\/2020\/02\/UAEM-17-240x135.jpg 240w, https:\/\/www.diarioimagen.net\/wp-content\/uploads\/2020\/02\/UAEM-17-235x132.jpg 235w, https:\/\/www.diarioimagen.net\/wp-content\/uploads\/2020\/02\/UAEM-17-202x114.jpg 202w, https:\/\/www.diarioimagen.net\/wp-content\/uploads\/2020\/02\/UAEM-17-350x196.jpg 350w, https:\/\/www.diarioimagen.net\/wp-content\/uploads\/2020\/02\/UAEM-17-220x123.jpg 220w, https:\/\/www.diarioimagen.net\/wp-content\/uploads\/2020\/02\/UAEM-17-237x132.jpg 237w, https:\/\/www.diarioimagen.net\/wp-content\/uploads\/2020\/02\/UAEM-17.jpg 480w\" sizes=\"auto, (max-width: 460px) 100vw, 460px\" \/><\/a><p id=\"caption-attachment-460263\" class=\"wp-caption-text\">El rector Alfredo Barrera y el accionista de Grupo La Moderna, Jos\u00e9 Antonio Monroy, encabezaron la firma de este acuerdo.<\/p><\/div>\n<p>&nbsp;<\/p>\n<p><strong>Toluca, Estado de M\u00e9xico<\/strong>.\u2013 La Universidad Aut\u00f3noma del Estado de M\u00e9xico y Grupo La Moderna firmaron un convenio de colaboraci\u00f3n, con el prop\u00f3sito de establecer las bases para la realizaci\u00f3n de actividades conjuntas encaminadas a la superaci\u00f3n acad\u00e9mica, formaci\u00f3n y capacitaci\u00f3n profesional, el desarrollo de la ciencia y la tecnolog\u00eda y, en particular, llevar a cabo acciones orientadas en programas espec\u00edficos de docencia, seminarios, cursos de actualizaci\u00f3n, formaci\u00f3n y estudios avanzados.<\/p>\n<p>En la Sala \u201cDr. Gustavo Baz\u201d del Edificio de Rector\u00eda, el rector de la UAEM, Alfredo Barrera Baca, y el consejero y accionista de Grupo La Moderna, Jos\u00e9 Antonio Monroy Carrillo, encabezaron la firma de este acuerdo, con el que se busca aportar el conocimiento y talento juvenil originado en las aulas y laboratorios de la UAEM a un modelo de emprendedurismo y liderazgo con reconocimiento nacional e internacional.<\/p>\n<p>Barrera Baca expres\u00f3 que esta colaboraci\u00f3n llena de gran satisfacci\u00f3n a la UAEM, por la confianza que le depositan l\u00edderes de envergadura nacional y planetaria, lo que a su vez repercute en la obtenci\u00f3n del respaldo de otras instituciones de vanguardia y, sobre todo, acrecienta la credibilidad de la sociedad en este proyecto de educaci\u00f3n superior.<\/p>\n<p>Con la firma de este instrumento de colaboraci\u00f3n, afirm\u00f3 el rector, se suman dos colectividades de amplio compromiso social y dos voluntades empe\u00f1adas en un mejor porvenir para todos.<\/p>\n<p>\u201cDesde nuestros respectivos campos de acci\u00f3n, ambas partes trabajamos en la b\u00fasqueda de soluciones para erradicar el hambre, la desnutrici\u00f3n y los efectos de la mala alimentaci\u00f3n en las enfermedades\u201d.<\/p>\n<p>Antonio Monroy Carrillo celebr\u00f3 el convenio signado con la UAEM, ante el crecimiento que prev\u00e9 Grupo La Moderna, que requerir\u00e1 profesionales capacitados en conocimiento y tecnolog\u00eda.<\/p>\n<p>\u201cEste convenio tiene particular importancia porque nos permitir\u00e1 crear y potenciar sinergias para generar talentos. Que mejor que sean los egresados de esta universidad quienes puedan seguir su carrera profesional y eventualmente, su plan de vida en nuestra empresa\u201d.<\/p>\n<p>Durante la firma de este acuerdo estuvieron presentes el secretario de Investigaci\u00f3n y Estudios Avanzados, Carlos Barrera D\u00edaz; el director de Gesti\u00f3n y Talento de Grupo La Moderna, Miguel \u00c1ngel Alarc\u00f3n Alvarado; el director de la Facultad de Qu\u00edmica de la UAEM, V\u00edctor Varela Guerrero, as\u00ed como estudiantes y directores de las facultades de Ciencias, Ciencias Agr\u00edcolas, Ingenier\u00eda, Medicina Veterinaria y Zootecnia y Turismo y Gastronom\u00eda.<\/p>\n","protected":false},"excerpt":{"rendered":"<p>La Universidad Aut\u00f3noma del Estado de M\u00e9xico y Grupo La Moderna firmaron un convenio de colaboraci\u00f3n, con el prop\u00f3sito de establecer las bases para la realizaci\u00f3n de actividades conjuntas encaminadas a la superaci\u00f3n acad\u00e9mica, formaci\u00f3n y capacitaci\u00f3n profesional, el desarrollo de la ciencia y la tecnolog\u00eda y, en particular, llevar a cabo acciones orientadas en programas espec\u00edficos de docencia, seminarios, cursos de actualizaci\u00f3n, formaci\u00f3n y estudios avanzados.<\/p>\n","protected":false},"author":3,"featured_media":460263,"comment_status":"open","ping_status":"open","sticky":false,"template":"","format":"standard","meta":{"_monsterinsights_skip_tracking":false,"_monsterinsights_sitenote_active":false,"_monsterinsights_sitenote_note":"","_monsterinsights_sitenote_category":0,"footnotes":""},"categories":[5],"tags":[46371,43675,90126,452,1491],"class_list":["post-460175","post","type-post","status-publish","format-standard","has-post-thumbnail","hentry","category-estado-de-mexico","tag-acuerdo","tag-estado-de-mexico","tag-grupo-la-moderna","tag-toluca","tag-uaem"],"_links":{"self":[{"href":"https:\/\/www.diarioimagen.net\/index.php?rest_route=\/wp\/v2\/posts\/460175","targetHints":{"allow":["GET"]}}],"collection":[{"href":"https:\/\/www.diarioimagen.net\/index.php?rest_route=\/wp\/v2\/posts"}],"about":[{"href":"https:\/\/www.diarioimagen.net\/index.php?rest_route=\/wp\/v2\/types\/post"}],"author":[{"embeddable":true,"href":"https:\/\/www.diarioimagen.net\/index.php?rest_route=\/wp\/v2\/users\/3"}],"replies":[{"embeddable":true,"href":"https:\/\/www.diarioimagen.net\/index.php?rest_route=%2Fwp%2Fv2%2Fcomments&post=460175"}],"version-history":[{"count":0,"href":"https:\/\/www.diarioimagen.net\/index.php?rest_route=\/wp\/v2\/posts\/460175\/revisions"}],"wp:featuredmedia":[{"embeddable":true,"href":"https:\/\/www.diarioimagen.net\/index.php?rest_route=\/wp\/v2\/media\/460263"}],"wp:attachment":[{"href":"https:\/\/www.diarioimagen.net\/index.php?rest_route=%2Fwp%2Fv2%2Fmedia&parent=460175"}],"wp:term":[{"taxonomy":"category","embeddable":true,"href":"https:\/\/www.diarioimagen.net\/index.php?rest_route=%2Fwp%2Fv2%2Fcategories&post=460175"},{"taxonomy":"post_tag","embeddable":true,"href":"https:\/\/www.diarioimagen.net\/index.php?rest_route=%2Fwp%2Fv2%2Ftags&post=460175"}],"curies":[{"name":"wp","href":"https:\/\/api.w.org\/{rel}","templated":true}]}}