{"id":460204,"date":"2020-02-17T00:04:44","date_gmt":"2020-02-17T06:04:44","guid":{"rendered":"https:\/\/www.diarioimagen.net\/?p=460204"},"modified":"2020-02-17T01:03:29","modified_gmt":"2020-02-17T07:03:29","slug":"realizan-en-naucalpan-operativo-contra-transporte-irregular","status":"publish","type":"post","link":"https:\/\/www.diarioimagen.net\/?p=460204","title":{"rendered":"Realizan en Naucalpan operativo contra transporte irregular"},"content":{"rendered":"<p><a href=\"https:\/\/www.diarioimagen.net\/?attachment_id=460281\" rel=\"attachment wp-att-460281\"><img loading=\"lazy\" decoding=\"async\" class=\"aligncenter size-large wp-image-460281\" src=\"https:\/\/www.diarioimagen.net\/wp-content\/uploads\/2020\/02\/NAUCALPAN-6-460x259.jpg\" alt=\"\" width=\"460\" height=\"259\" srcset=\"https:\/\/www.diarioimagen.net\/wp-content\/uploads\/2020\/02\/NAUCALPAN-6-460x259.jpg 460w, https:\/\/www.diarioimagen.net\/wp-content\/uploads\/2020\/02\/NAUCALPAN-6-240x135.jpg 240w, https:\/\/www.diarioimagen.net\/wp-content\/uploads\/2020\/02\/NAUCALPAN-6-235x132.jpg 235w, https:\/\/www.diarioimagen.net\/wp-content\/uploads\/2020\/02\/NAUCALPAN-6-202x114.jpg 202w, https:\/\/www.diarioimagen.net\/wp-content\/uploads\/2020\/02\/NAUCALPAN-6-350x196.jpg 350w, https:\/\/www.diarioimagen.net\/wp-content\/uploads\/2020\/02\/NAUCALPAN-6-220x123.jpg 220w, https:\/\/www.diarioimagen.net\/wp-content\/uploads\/2020\/02\/NAUCALPAN-6-237x132.jpg 237w, https:\/\/www.diarioimagen.net\/wp-content\/uploads\/2020\/02\/NAUCALPAN-6.jpg 480w\" sizes=\"auto, (max-width: 460px) 100vw, 460px\" \/><\/a><\/p>\n<p>&nbsp;<\/p>\n<p><strong>Naucalpan, Estado de M\u00e9xico<\/strong><strong>.-<\/strong> Autoridades de Naucalpan y del Gobierno del Estado de M\u00e9xico llevaron a cabo un operativo en la zona del Mexipuerto Cuatro Caminos.<\/p>\n<p>A fin de constatar la operaci\u00f3n adecuada de las unidades de transporte p\u00fablico, personal del Instituto de Verificaci\u00f3n Administrativa del Estado de M\u00e9xico (INVEA) realiz\u00f3 las inspecciones correspondientes sobre la Calzada Transmisiones Militares.<\/p>\n<p>La Secretar\u00eda de Movilidad del Estado de M\u00e9xico inspeccion\u00f3 que los conductores del servicio de transporte p\u00fablico contaran con los permisos correspondientes para su operaci\u00f3n, lo que deriv\u00f3 en cuatro unidades remitidas.<\/p>\n","protected":false},"excerpt":{"rendered":"<p>Autoridades de Naucalpan y del Gobierno del Estado de M\u00e9xico llevaron a cabo un operativo en la zona del Mexipuerto Cuatro Caminos.<\/p>\n","protected":false},"author":3,"featured_media":460281,"comment_status":"open","ping_status":"open","sticky":false,"template":"","format":"standard","meta":{"_monsterinsights_skip_tracking":false,"_monsterinsights_sitenote_active":false,"_monsterinsights_sitenote_note":"","_monsterinsights_sitenote_category":0,"footnotes":""},"categories":[5],"tags":[43675,970,90133],"class_list":["post-460204","post","type-post","status-publish","format-standard","has-post-thumbnail","hentry","category-estado-de-mexico","tag-estado-de-mexico","tag-naucalpan","tag-transporte-irregular"],"_links":{"self":[{"href":"https:\/\/www.diarioimagen.net\/index.php?rest_route=\/wp\/v2\/posts\/460204","targetHints":{"allow":["GET"]}}],"collection":[{"href":"https:\/\/www.diarioimagen.net\/index.php?rest_route=\/wp\/v2\/posts"}],"about":[{"href":"https:\/\/www.diarioimagen.net\/index.php?rest_route=\/wp\/v2\/types\/post"}],"author":[{"embeddable":true,"href":"https:\/\/www.diarioimagen.net\/index.php?rest_route=\/wp\/v2\/users\/3"}],"replies":[{"embeddable":true,"href":"https:\/\/www.diarioimagen.net\/index.php?rest_route=%2Fwp%2Fv2%2Fcomments&post=460204"}],"version-history":[{"count":0,"href":"https:\/\/www.diarioimagen.net\/index.php?rest_route=\/wp\/v2\/posts\/460204\/revisions"}],"wp:featuredmedia":[{"embeddable":true,"href":"https:\/\/www.diarioimagen.net\/index.php?rest_route=\/wp\/v2\/media\/460281"}],"wp:attachment":[{"href":"https:\/\/www.diarioimagen.net\/index.php?rest_route=%2Fwp%2Fv2%2Fmedia&parent=460204"}],"wp:term":[{"taxonomy":"category","embeddable":true,"href":"https:\/\/www.diarioimagen.net\/index.php?rest_route=%2Fwp%2Fv2%2Fcategories&post=460204"},{"taxonomy":"post_tag","embeddable":true,"href":"https:\/\/www.diarioimagen.net\/index.php?rest_route=%2Fwp%2Fv2%2Ftags&post=460204"}],"curies":[{"name":"wp","href":"https:\/\/api.w.org\/{rel}","templated":true}]}}