{"id":460300,"date":"2020-02-18T00:03:20","date_gmt":"2020-02-18T06:03:20","guid":{"rendered":"https:\/\/www.diarioimagen.net\/?p=460300"},"modified":"2020-02-18T00:07:59","modified_gmt":"2020-02-18T06:07:59","slug":"mujeres-le-piden-justicia-y-amlo-las-llama-a-no-pintar-puertas","status":"publish","type":"post","link":"https:\/\/www.diarioimagen.net\/?p=460300","title":{"rendered":"Mujeres le piden justicia y AMLO las llama a no pintar puertas"},"content":{"rendered":"<ul>\n<li><em><strong>Les reiter\u00f3 que se est\u00e1 trabajando para frenar feminicidios<\/strong><\/em><\/li>\n<\/ul>\n<p>&nbsp;<\/p>\n<div id=\"attachment_460301\" style=\"width: 470px\" class=\"wp-caption aligncenter\"><img loading=\"lazy\" decoding=\"async\" aria-describedby=\"caption-attachment-460301\" class=\"wp-image-460301 size-large\" src=\"https:\/\/www.diarioimagen.net\/wp-content\/uploads\/2020\/02\/VIOLENCIA18-PORTAL-460x268.png\" alt=\"\" width=\"460\" height=\"268\" srcset=\"https:\/\/www.diarioimagen.net\/wp-content\/uploads\/2020\/02\/VIOLENCIA18-PORTAL-460x268.png 460w, https:\/\/www.diarioimagen.net\/wp-content\/uploads\/2020\/02\/VIOLENCIA18-PORTAL-240x140.png 240w, https:\/\/www.diarioimagen.net\/wp-content\/uploads\/2020\/02\/VIOLENCIA18-PORTAL.png 480w\" sizes=\"auto, (max-width: 460px) 100vw, 460px\" \/><p id=\"caption-attachment-460301\" class=\"wp-caption-text\">Andr\u00e9s Manuel L\u00f3pez Obrador pidi\u00f3 a feministas manifestarse de manera pac\u00edfica y sin violencia, por lo que les solicit\u00f3 no pintar puertas ni paredes de Palacio.<\/p><\/div>\n<p>&nbsp;<\/p>\n<p>Tras las protestas del viernes pasado, donde mujeres exig\u00edan parar asesinatos de g\u00e9nero, el presidente Andr\u00e9s Manuel L\u00f3pez Obrador pidi\u00f3 este lunes a feministas manifestarse de manera pac\u00edfica y sin violencia; solicit\u00f3 \u201ccon todo respeto\u201d que\u00a0 no pinten puertas ni paredes, porque, reiter\u00f3, se est\u00e1 trabajando para frenar los feminicidios.<\/p>\n<p>\u201cRespetamos el derecho de todos a la manifestaci\u00f3n, pero ojala y se ejerza ese derecho de manera pac\u00edfica y sin violencia\u201d, dijo en su conferencia ma\u00f1anera al reiterar que no ser\u00e1n un gobierno represor y no caer\u00e1 en provocaciones.<\/p>\n<p>El viernes, mientras se llevaba a cabo la conferencia\u00a0 ma\u00f1anera del presidente L\u00f3pez Obrador en Palacio Nacional, afuera grupos de mujeres se congregaron la ma\u00f1ana viernes frente al recinto para protestar contra los feminicidios, a prop\u00f3sito del reciente asesinato de Ingrid Escamilla, cuya pareja perpetr\u00f3.<\/p>\n<p>En el contingente feminista, muchas de sus integrantes con el rostro tapado, corearon consignas contra la violencia y contra el gobierno de la 4T, por su inacci\u00f3n para frenar la violencia y muertes de mujeres, por lo que tambi\u00e9n realizaron pintas en la puerta principal y paredes del recinto.<\/p>\n<p style=\"text-align: center;\"><strong>Condena asesinato de F\u00e1tima<\/strong><\/p>\n<p>El asesinato de F\u00e1tima fue uno de los temas que abord\u00f3 tambi\u00e9n el presidente Andr\u00e9s Manuel L\u00f3pez Obrador durante su conferencia matutina.<\/p>\n<p>\u201cEs muy lamentable que esto suceda y desde luego estamos haciendo lo que corresponde para evitarlo. Lo m\u00e1s eficaz es aplicar una pol\u00edtica para tener una sociedad mejor, yo sostengo que se cay\u00f3 en una decadencia, en un proceso de degradaci\u00f3n\u201d, respondi\u00f3 Lopez Obrador al ser cuestionado sobre el crimen.<\/p>\n<p>Al mandatario se le pregunt\u00f3 si hac\u00edan falta leyes m\u00e1s severas para castigar los delitos como el que cometi\u00f3 contra la menor, a lo que el mandatario dijo: \u201cesto no se resuelve con polic\u00edas o con pol\u00edticas de mando dura, que se instaura hasta el cansancio que solo buenos, podemos ser felices. Esto es el fruto prohibido del ego\u00edsmo y de la acumulaci\u00f3n de bienes en algunas cuantas manos\u201d.<\/p>\n<p>Reiter\u00f3 que conf\u00eda en la jefa de Gobierno de la Ciudad de M\u00e9xico, Claudia Sheinbaum, y la titular de la Fiscal\u00eda General de la Rep\u00fablica, Ernestina Godoy, para que realicen una investigaci\u00f3n y se encuentre a los culpables.<\/p>\n","protected":false},"excerpt":{"rendered":"<p>Tras las protestas del viernes pasado, donde mujeres exig\u00edan parar asesinatos de g\u00e9nero, el presidente Andr\u00e9s Manuel L\u00f3pez Obrador pidi\u00f3 este lunes a feministas manifestarse de manera pac\u00edfica y sin violencia; solicit\u00f3 \u201ccon todo respeto\u201d que\u00a0 no pinten puertas ni paredes, porque, reiter\u00f3, se est\u00e1 trabajando para frenar los feminicidios.<\/p>\n","protected":false},"author":5,"featured_media":460301,"comment_status":"open","ping_status":"open","sticky":false,"template":"","format":"standard","meta":{"_monsterinsights_skip_tracking":false,"_monsterinsights_sitenote_active":false,"_monsterinsights_sitenote_note":"","_monsterinsights_sitenote_category":0,"footnotes":""},"categories":[3],"tags":[2545,1352,90140,1921,373,90139,90156],"class_list":["post-460300","post","type-post","status-publish","format-standard","has-post-thumbnail","hentry","category-nacional","tag-amlo","tag-andres-manuel-lopez-obrador","tag-frenar-feminicidios","tag-mujeres","tag-palacio-nacional","tag-pintar-puertas","tag-pintas"],"_links":{"self":[{"href":"https:\/\/www.diarioimagen.net\/index.php?rest_route=\/wp\/v2\/posts\/460300","targetHints":{"allow":["GET"]}}],"collection":[{"href":"https:\/\/www.diarioimagen.net\/index.php?rest_route=\/wp\/v2\/posts"}],"about":[{"href":"https:\/\/www.diarioimagen.net\/index.php?rest_route=\/wp\/v2\/types\/post"}],"author":[{"embeddable":true,"href":"https:\/\/www.diarioimagen.net\/index.php?rest_route=\/wp\/v2\/users\/5"}],"replies":[{"embeddable":true,"href":"https:\/\/www.diarioimagen.net\/index.php?rest_route=%2Fwp%2Fv2%2Fcomments&post=460300"}],"version-history":[{"count":0,"href":"https:\/\/www.diarioimagen.net\/index.php?rest_route=\/wp\/v2\/posts\/460300\/revisions"}],"wp:featuredmedia":[{"embeddable":true,"href":"https:\/\/www.diarioimagen.net\/index.php?rest_route=\/wp\/v2\/media\/460301"}],"wp:attachment":[{"href":"https:\/\/www.diarioimagen.net\/index.php?rest_route=%2Fwp%2Fv2%2Fmedia&parent=460300"}],"wp:term":[{"taxonomy":"category","embeddable":true,"href":"https:\/\/www.diarioimagen.net\/index.php?rest_route=%2Fwp%2Fv2%2Fcategories&post=460300"},{"taxonomy":"post_tag","embeddable":true,"href":"https:\/\/www.diarioimagen.net\/index.php?rest_route=%2Fwp%2Fv2%2Ftags&post=460300"}],"curies":[{"name":"wp","href":"https:\/\/api.w.org\/{rel}","templated":true}]}}