{"id":460346,"date":"2020-02-18T00:05:52","date_gmt":"2020-02-18T06:05:52","guid":{"rendered":"https:\/\/www.diarioimagen.net\/?p=460346"},"modified":"2020-02-18T01:28:12","modified_gmt":"2020-02-18T07:28:12","slug":"condena-lopez-obrador-represion-contra-padres-de-los-43-en%e2%80%88chiapas","status":"publish","type":"post","link":"https:\/\/www.diarioimagen.net\/?p=460346","title":{"rendered":"Condena L\u00f3pez Obrador represi\u00f3n contra padres de Los 43 en\u2008Chiapas"},"content":{"rendered":"<ul>\n<li><strong><em>Manifiesta su respaldo a los familiares de normalistas<\/em><\/strong><\/li>\n<li><strong><em>\u201cEste abuso debe ser investigado y castigado\u201d, afirma el mandatario federal<\/em><\/strong><\/li>\n<\/ul>\n<p>&nbsp;<\/p>\n<p><a href=\"https:\/\/www.diarioimagen.net\/?attachment_id=460425\" rel=\"attachment wp-att-460425\"><img loading=\"lazy\" decoding=\"async\" class=\"aligncenter size-large wp-image-460425\" src=\"https:\/\/www.diarioimagen.net\/wp-content\/uploads\/2020\/02\/CHIAPAS18ok-460x259.jpg\" alt=\"\" width=\"460\" height=\"259\" srcset=\"https:\/\/www.diarioimagen.net\/wp-content\/uploads\/2020\/02\/CHIAPAS18ok-460x259.jpg 460w, https:\/\/www.diarioimagen.net\/wp-content\/uploads\/2020\/02\/CHIAPAS18ok-240x135.jpg 240w, https:\/\/www.diarioimagen.net\/wp-content\/uploads\/2020\/02\/CHIAPAS18ok-235x132.jpg 235w, https:\/\/www.diarioimagen.net\/wp-content\/uploads\/2020\/02\/CHIAPAS18ok-202x114.jpg 202w, https:\/\/www.diarioimagen.net\/wp-content\/uploads\/2020\/02\/CHIAPAS18ok-350x196.jpg 350w, https:\/\/www.diarioimagen.net\/wp-content\/uploads\/2020\/02\/CHIAPAS18ok-220x123.jpg 220w, https:\/\/www.diarioimagen.net\/wp-content\/uploads\/2020\/02\/CHIAPAS18ok-237x132.jpg 237w, https:\/\/www.diarioimagen.net\/wp-content\/uploads\/2020\/02\/CHIAPAS18ok.jpg 480w\" sizes=\"auto, (max-width: 460px) 100vw, 460px\" \/><\/a><\/p>\n<p>&nbsp;<\/p>\n<p>El presidente Andr\u00e9s Manuel L\u00f3pez Obrador conden\u00f3 el abuso de autoridad del gobierno de Chiapas que reprimi\u00f3 con un operativo policiaco a estudiantes y a la caravana de madres y padres de los 43 alumnos normalistas desaparecidos de Ayotzinapa, quienes llegaron a una visita a la Normal Rural Mactumactz\u00e1, por lo que pidi\u00f3 se investigue y se castigue a los responsables.<\/p>\n<p>\u201cCondeno lo que sucedi\u00f3 en Chiapas, fue un abuso de autoridad, m\u00e1s que eso, que debe ser investigado y castigado\u201d, dijo el mandatario.<\/p>\n<p>Asegur\u00f3 que su gobierno no es simulador por lo cual rechaz\u00f3 la represi\u00f3n como medida.<\/p>\n<p>L\u00f3pez Obrador reprob\u00f3 lo ocurrido en Chiapas en la ma\u00f1ana del domingo, donde resultaron heridos dos estudiantes normalistas, una madre de los 43, adem\u00e1s de una ni\u00f1a que result\u00f3 con quemaduras y otros menores de edad afectados con gases lacrim\u00f3genos.<\/p>\n<p>La agresi\u00f3n cometida por m\u00e1s de un centenar de agentes de seguridad p\u00fablica contra estudiantes y los familiares de los 43 desaparecidos, ha desatado una serie de cr\u00edticas y peticiones de que esclarezcan los hechos y se castigue a los culpables.<\/p>\n<p>Uno de seis reclamos sali\u00f3 de la secretaria de Gobernaci\u00f3n, que de inmediato, a trav\u00e9s de sus redes sociales, solicit\u00f3 una exhaustiva investigaci\u00f3n sobre esos hechos.<\/p>\n<p>La responsable de la pol\u00edtica interna del pa\u00eds, Olga S\u00e1nchez Cordero, manifest\u00f3 su respaldo a los padres de los 43 normalistas desaparecidos y exigi\u00f3 al Gobierno de Chiapas tome todas las medidas necesarias para que esclarezca los hechos y castigue a los culpables.<\/p>\n<p>El Comit\u00e9 de padres y madres de los 43 normalistas desaparecidos de Ayotzinapa precis\u00f3 que el desalojo violento del que fueron objeto los estudiantes y los integrantes de la caravana ocurri\u00f3 mientras realizaban en un crucero acciones de volanteo para la invitaci\u00f3n a una marcha con la que en la tarde iniciar\u00eda la caminata de la lucha, al tiempo que se\u00f1al\u00f3 que los padres de la caravana buscaron el di\u00e1logo con los agentes antes de que fueran agredidos.<\/p>\n<p style=\"text-align: center;\"><strong>Critica a jueces que usan el \u201cdebido pretexto\u201d para liberar a delincuentes<\/strong><\/p>\n<p>El Presidente acus\u00f3 que los jueces est\u00e1n utilizando \u201cel debido pretexto\u201d para liberar a los delincuentes que hayan cometido un delito, aludiendo violaciones al debido proceso, luego de que el viernes un juez liber\u00f3 a \u00d3scar Andr\u00e9s Flores, El Lunares, presunto l\u00edder de La Uni\u00f3n de Tepito, quien al salir del penal fue reaprehendido.<\/p>\n<p>Durante la conferencia matutina, se le pregunt\u00f3 al jefe del Ejecutivo sobre los responsables de organizar la toma de casetas en Sonora, a lo que respondi\u00f3 que no pod\u00eda contestar para no violar el debido proceso y aprovech\u00f3 para lanzar una cr\u00edtica contra el Poder Judicial, el cual ha estado en la mira por la liberaci\u00f3n en dos ocasiones de El Lunares.<\/p>\n<p>\u201cHoy en la ma\u00f1ana cuando analizamos c\u00f3mo act\u00faan jueces y magistrados que utilizan pretextos de que est\u00e1n integradas mal las averiguaciones para dejar en libertad a presuntos delincuentes se acu\u00f1\u00f3 una frase, ya no es el debido proceso es el debido pretexto\u201d, se\u00f1al\u00f3.<\/p>\n<p>El Presidente reiter\u00f3 que se est\u00e1 buscando trabajar en conjunto con el Poder Judicial para impedir que las personas recluidas obtengan amparos para evitar su traslado a otros penales.<\/p>\n<p>\u201cAunque es un derecho para no mover de penales a delincuentes peligrosos, porque tambi\u00e9n es una constante el que tienen control de las c\u00e1rceles, en algunos casos porque tienen amparos para que no los puedan mover de un penal a otro. Esto tiene que ver con el Poder Judicial\u201d, agreg\u00f3.<\/p>\n","protected":false},"excerpt":{"rendered":"<p>El presidente Andr\u00e9s Manuel L\u00f3pez Obrador conden\u00f3 el abuso de autoridad del gobierno de Chiapas que reprimi\u00f3 con un operativo policiaco a estudiantes y a la caravana de madres y padres de los 43 alumnos normalistas desaparecidos de Ayotzinapa, quienes llegaron a una visita a la Normal Rural Mactumactz\u00e1, por lo que pidi\u00f3 se investigue y se castigue a los responsables.<\/p>\n","protected":false},"author":3,"featured_media":460425,"comment_status":"open","ping_status":"open","sticky":false,"template":"","format":"standard","meta":{"_monsterinsights_skip_tracking":false,"_monsterinsights_sitenote_active":false,"_monsterinsights_sitenote_note":"","_monsterinsights_sitenote_category":0,"footnotes":""},"categories":[3],"tags":[2545,2269,78513,43673,66118],"class_list":["post-460346","post","type-post","status-publish","format-standard","has-post-thumbnail","hentry","category-nacional","tag-amlo","tag-chiapas","tag-los-43","tag-nacional","tag-represeion"],"_links":{"self":[{"href":"https:\/\/www.diarioimagen.net\/index.php?rest_route=\/wp\/v2\/posts\/460346","targetHints":{"allow":["GET"]}}],"collection":[{"href":"https:\/\/www.diarioimagen.net\/index.php?rest_route=\/wp\/v2\/posts"}],"about":[{"href":"https:\/\/www.diarioimagen.net\/index.php?rest_route=\/wp\/v2\/types\/post"}],"author":[{"embeddable":true,"href":"https:\/\/www.diarioimagen.net\/index.php?rest_route=\/wp\/v2\/users\/3"}],"replies":[{"embeddable":true,"href":"https:\/\/www.diarioimagen.net\/index.php?rest_route=%2Fwp%2Fv2%2Fcomments&post=460346"}],"version-history":[{"count":0,"href":"https:\/\/www.diarioimagen.net\/index.php?rest_route=\/wp\/v2\/posts\/460346\/revisions"}],"wp:featuredmedia":[{"embeddable":true,"href":"https:\/\/www.diarioimagen.net\/index.php?rest_route=\/wp\/v2\/media\/460425"}],"wp:attachment":[{"href":"https:\/\/www.diarioimagen.net\/index.php?rest_route=%2Fwp%2Fv2%2Fmedia&parent=460346"}],"wp:term":[{"taxonomy":"category","embeddable":true,"href":"https:\/\/www.diarioimagen.net\/index.php?rest_route=%2Fwp%2Fv2%2Fcategories&post=460346"},{"taxonomy":"post_tag","embeddable":true,"href":"https:\/\/www.diarioimagen.net\/index.php?rest_route=%2Fwp%2Fv2%2Ftags&post=460346"}],"curies":[{"name":"wp","href":"https:\/\/api.w.org\/{rel}","templated":true}]}}