{"id":460353,"date":"2020-02-18T00:01:55","date_gmt":"2020-02-18T06:01:55","guid":{"rendered":"https:\/\/www.diarioimagen.net\/?p=460353"},"modified":"2020-02-18T01:32:42","modified_gmt":"2020-02-18T07:32:42","slug":"profesor-de-quimica-de-uaem-reconocido-con-el-premio-estatal-de-ciencia-y-tecnologia-2019","status":"publish","type":"post","link":"https:\/\/www.diarioimagen.net\/?p=460353","title":{"rendered":"Profesor de Qu\u00edmica de UAEM, reconocido con el Premio Estatal de Ciencia y Tecnolog\u00eda 2019"},"content":{"rendered":"<div id=\"attachment_460432\" style=\"width: 470px\" class=\"wp-caption aligncenter\"><a href=\"https:\/\/www.diarioimagen.net\/?attachment_id=460432\" rel=\"attachment wp-att-460432\"><img loading=\"lazy\" decoding=\"async\" aria-describedby=\"caption-attachment-460432\" class=\"size-large wp-image-460432\" src=\"https:\/\/www.diarioimagen.net\/wp-content\/uploads\/2020\/02\/UAEM-18-460x259.jpg\" alt=\"\" width=\"460\" height=\"259\" srcset=\"https:\/\/www.diarioimagen.net\/wp-content\/uploads\/2020\/02\/UAEM-18-460x259.jpg 460w, https:\/\/www.diarioimagen.net\/wp-content\/uploads\/2020\/02\/UAEM-18-240x135.jpg 240w, https:\/\/www.diarioimagen.net\/wp-content\/uploads\/2020\/02\/UAEM-18-235x132.jpg 235w, https:\/\/www.diarioimagen.net\/wp-content\/uploads\/2020\/02\/UAEM-18-202x114.jpg 202w, https:\/\/www.diarioimagen.net\/wp-content\/uploads\/2020\/02\/UAEM-18-350x196.jpg 350w, https:\/\/www.diarioimagen.net\/wp-content\/uploads\/2020\/02\/UAEM-18-220x123.jpg 220w, https:\/\/www.diarioimagen.net\/wp-content\/uploads\/2020\/02\/UAEM-18-237x132.jpg 237w, https:\/\/www.diarioimagen.net\/wp-content\/uploads\/2020\/02\/UAEM-18.jpg 480w\" sizes=\"auto, (max-width: 460px) 100vw, 460px\" \/><\/a><p id=\"caption-attachment-460432\" class=\"wp-caption-text\">El Consejo Mexiquense de Ciencia y Tecnolog\u00eda (COMECyT) reconoce el trabajo de alto impacto de Bernardo Antonio Frontana Uribe, tambi\u00e9n docente del Instituto de Qu\u00edmica de la UNAM.<\/p><\/div>\n<p>&nbsp;<\/p>\n<p>&nbsp;<\/p>\n<p><strong>Toluca, Estado de M\u00e9xico<\/strong>.\u2013 Por su ejemplar trayectoria cient\u00edfica, el profesor de la Facultad de Qu\u00edmica de la Universidad Aut\u00f3noma del Estado de M\u00e9xico e investigador del Centro Conjunto de Investigaci\u00f3n en Qu\u00edmica Sustentable UAEM-UNAM, Bernardo Antonio Frontana Uribe, fue reconocido con el Premio Estatal de Ciencia y Tecnolog\u00eda 2019, en la Categor\u00eda de Ciencias Naturales y Exactas.<\/p>\n<p>Dicha distinci\u00f3n, que otorga el Consejo Mexiquense de Ciencia y Tecnolog\u00eda (COMECyT), reconoce el trabajo de alto impacto del tambi\u00e9n docente del Instituto de Qu\u00edmica de la Universidad Nacional Aut\u00f3noma de M\u00e9xico, quien ha orientado su trabajo de investigaci\u00f3n al \u00e1rea de la electroqu\u00edmica org\u00e1nica sint\u00e9tica, cuyos m\u00e9todos convierten los residuos de la industria qu\u00edmica en electricidad.<\/p>\n<p>\u201cAunque son \u00fatiles para la vida humana, los f\u00e1rmacos, colorantes o mol\u00e9culas que tienen carb\u00f3n implican procesos de oxidaci\u00f3n y reducci\u00f3n que generan residuos contaminantes\u201d, se\u00f1al\u00f3 Frontana Uribe, quien sostuvo que ante este desaf\u00edo, la electros\u00edntesis ofrece la posibilidad de dise\u00f1ar m\u00e9todos m\u00e1s eficientes, ambientalmente compatibles y econ\u00f3micamente redituables.<\/p>\n<p>El integrante del Sistema Nacional de Investigadores (SNI) desarrolla la l\u00ednea de investigaci\u00f3n en pol\u00edmeros conductores, que como aplicaci\u00f3n de la electroqu\u00edmica org\u00e1nica, se enfoca en el \u00e1rea de materiales para la elaboraci\u00f3n de pel\u00edculas delgadas con aplicaciones en sensores, celdas solares y dispositivos electr\u00f3nicos.<\/p>\n<p>Bernardo Antonio Frontana Uribe ha colaborado con los principales referentes cient\u00edficos en el \u00e1rea de la electroqu\u00edmica sint\u00e9tica de la Universidad de Rennes I, Francia, y en la Universidad de Friburgo, Alemania, y ha desarrollado estancias de investigaci\u00f3n en instituciones de educaci\u00f3n e investigaci\u00f3n de Europa y Estados Unidos.<\/p>\n<p>Adem\u00e1s de formar a estudiantes de la UAEM y la UNAM, el Doctor en Ciencias Qu\u00edmicas Bernardo Antonio Frontana expres\u00f3 que la labor cient\u00edfica del CCIQS es ejemplar, pues representa un modelo nacional de colaboraci\u00f3n entre dos instituciones de educaci\u00f3n superior para generar investigaci\u00f3n de alta calidad.<\/p>\n","protected":false},"excerpt":{"rendered":"<p>Por su ejemplar trayectoria cient\u00edfica, el profesor de la Facultad de Qu\u00edmica de la Universidad Aut\u00f3noma del Estado de M\u00e9xico e investigador del Centro Conjunto de Investigaci\u00f3n en Qu\u00edmica Sustentable UAEM-UNAM, Bernardo Antonio Frontana Uribe, fue reconocido con el Premio Estatal de Ciencia y Tecnolog\u00eda 2019, en la Categor\u00eda de Ciencias Naturales y Exactas.<\/p>\n","protected":false},"author":3,"featured_media":460432,"comment_status":"open","ping_status":"open","sticky":false,"template":"","format":"standard","meta":{"_monsterinsights_skip_tracking":false,"_monsterinsights_sitenote_active":false,"_monsterinsights_sitenote_note":"","_monsterinsights_sitenote_category":0,"footnotes":""},"categories":[5],"tags":[43675,21454,452,1491],"class_list":["post-460353","post","type-post","status-publish","format-standard","has-post-thumbnail","hentry","category-estado-de-mexico","tag-estado-de-mexico","tag-premio-estatal-de-ciencia-y-tecnologia","tag-toluca","tag-uaem"],"_links":{"self":[{"href":"https:\/\/www.diarioimagen.net\/index.php?rest_route=\/wp\/v2\/posts\/460353","targetHints":{"allow":["GET"]}}],"collection":[{"href":"https:\/\/www.diarioimagen.net\/index.php?rest_route=\/wp\/v2\/posts"}],"about":[{"href":"https:\/\/www.diarioimagen.net\/index.php?rest_route=\/wp\/v2\/types\/post"}],"author":[{"embeddable":true,"href":"https:\/\/www.diarioimagen.net\/index.php?rest_route=\/wp\/v2\/users\/3"}],"replies":[{"embeddable":true,"href":"https:\/\/www.diarioimagen.net\/index.php?rest_route=%2Fwp%2Fv2%2Fcomments&post=460353"}],"version-history":[{"count":0,"href":"https:\/\/www.diarioimagen.net\/index.php?rest_route=\/wp\/v2\/posts\/460353\/revisions"}],"wp:featuredmedia":[{"embeddable":true,"href":"https:\/\/www.diarioimagen.net\/index.php?rest_route=\/wp\/v2\/media\/460432"}],"wp:attachment":[{"href":"https:\/\/www.diarioimagen.net\/index.php?rest_route=%2Fwp%2Fv2%2Fmedia&parent=460353"}],"wp:term":[{"taxonomy":"category","embeddable":true,"href":"https:\/\/www.diarioimagen.net\/index.php?rest_route=%2Fwp%2Fv2%2Fcategories&post=460353"},{"taxonomy":"post_tag","embeddable":true,"href":"https:\/\/www.diarioimagen.net\/index.php?rest_route=%2Fwp%2Fv2%2Ftags&post=460353"}],"curies":[{"name":"wp","href":"https:\/\/api.w.org\/{rel}","templated":true}]}}