{"id":460363,"date":"2020-02-18T00:04:58","date_gmt":"2020-02-18T06:04:58","guid":{"rendered":"https:\/\/www.diarioimagen.net\/?p=460363"},"modified":"2020-02-18T01:39:26","modified_gmt":"2020-02-18T07:39:26","slug":"huixquilucan-el-mejor-arranque-del-ano-en-materia-de-seguridad","status":"publish","type":"post","link":"https:\/\/www.diarioimagen.net\/?p=460363","title":{"rendered":"Huixquilucan: el mejor arranque del a\u00f1o en materia de seguridad"},"content":{"rendered":"<ul>\n<li><strong><em>Disminuci\u00f3n en incidencia en robo a casa habitaci\u00f3n<\/em><\/strong><\/li>\n<\/ul>\n<p>&nbsp;<\/p>\n<p><a href=\"https:\/\/www.diarioimagen.net\/?attachment_id=460435\" rel=\"attachment wp-att-460435\"><img loading=\"lazy\" decoding=\"async\" class=\"aligncenter wp-image-460435 size-large\" src=\"https:\/\/www.diarioimagen.net\/wp-content\/uploads\/2020\/02\/HUIXQUILUCAN-4-460x259.jpg\" alt=\"\" width=\"460\" height=\"259\" srcset=\"https:\/\/www.diarioimagen.net\/wp-content\/uploads\/2020\/02\/HUIXQUILUCAN-4-460x259.jpg 460w, https:\/\/www.diarioimagen.net\/wp-content\/uploads\/2020\/02\/HUIXQUILUCAN-4-240x135.jpg 240w, https:\/\/www.diarioimagen.net\/wp-content\/uploads\/2020\/02\/HUIXQUILUCAN-4-235x132.jpg 235w, https:\/\/www.diarioimagen.net\/wp-content\/uploads\/2020\/02\/HUIXQUILUCAN-4-202x114.jpg 202w, https:\/\/www.diarioimagen.net\/wp-content\/uploads\/2020\/02\/HUIXQUILUCAN-4-350x196.jpg 350w, https:\/\/www.diarioimagen.net\/wp-content\/uploads\/2020\/02\/HUIXQUILUCAN-4-220x123.jpg 220w, https:\/\/www.diarioimagen.net\/wp-content\/uploads\/2020\/02\/HUIXQUILUCAN-4-237x132.jpg 237w, https:\/\/www.diarioimagen.net\/wp-content\/uploads\/2020\/02\/HUIXQUILUCAN-4.jpg 480w\" sizes=\"auto, (max-width: 460px) 100vw, 460px\" \/><\/a><\/p>\n<p>&nbsp;<\/p>\n<p><strong>Huixquilucan, Estado de M\u00e9xico<\/strong>.- La prioridad del gobierno municipal es la seguridad, tema en el que los programas en la materia siguen dando resultados y han permitido una disminuci\u00f3n del 77 por ciento en la incidencia en robo a casa habitaci\u00f3n.<\/p>\n<p>De acuerdo con cifras de la Fiscal\u00eda de Justicia del Estado de M\u00e9xico, en comparaci\u00f3n con enero del 2019 que se registraron 26 robos, al inicio de este a\u00f1o se perpetraron 5, lo que pone de manifiesto la efectividad de los operativos implementados en todo Huixquilucan y hace que se tenga el mejor inicio de a\u00f1o en la historia de Huixquilucan.<\/p>\n<p>El presidente municipal Enrique Vargas del Villar, reiter\u00f3 que su gobierno seguir\u00e1 trabajando para llevar a Huixquilucan a ser cada vez m\u00e1s seguro.<\/p>\n<p>As\u00ed mismo llam\u00f3 a los ciudadanos a que si son v\u00edctimas de un delito lo denuncien ante las autoridades correspondientes, ya que su queja es muy importante para dar seguimiento a los responsables de los il\u00edcitos y detenerlos.<\/p>\n<p>Record\u00f3 que durante su gesti\u00f3n se ha invertido en equipamiento, capacitaci\u00f3n y parque vehicular, adem\u00e1s de otorgar est\u00edmulos a todos los integrantes de la Direcci\u00f3n de Seguridad P\u00fablica y Vialidad, porque ellos son los que cuidan las 24 horas del d\u00eda de las familias de Huixquilucan y de sus visitantes.<\/p>\n<p>Vargas del Villar reiter\u00f3 su compromiso de seguir trabajando para que los huixquiluquenses se sientan seguros en su casa y en las calles del municipio. Por lo que Edil insisti\u00f3 en que conf\u00eda en sus polic\u00edas y est\u00e1 orgulloso de su trabajo.<\/p>\n","protected":false},"excerpt":{"rendered":"<p>La prioridad del gobierno municipal es la seguridad, tema en el que los programas en la materia siguen dando resultados y han permitido una disminuci\u00f3n del 77 por ciento en la incidencia en robo a casa habitaci\u00f3n.<\/p>\n","protected":false},"author":3,"featured_media":460435,"comment_status":"open","ping_status":"open","sticky":false,"template":"","format":"standard","meta":{"_monsterinsights_skip_tracking":false,"_monsterinsights_sitenote_active":false,"_monsterinsights_sitenote_note":"","_monsterinsights_sitenote_category":0,"footnotes":""},"categories":[5],"tags":[47218,43675,1097,15693,43677],"class_list":["post-460363","post","type-post","status-publish","format-standard","has-post-thumbnail","hentry","category-estado-de-mexico","tag-enrique-vargas-del-villar","tag-estado-de-mexico","tag-huixquilucan","tag-materia","tag-seguridad"],"_links":{"self":[{"href":"https:\/\/www.diarioimagen.net\/index.php?rest_route=\/wp\/v2\/posts\/460363","targetHints":{"allow":["GET"]}}],"collection":[{"href":"https:\/\/www.diarioimagen.net\/index.php?rest_route=\/wp\/v2\/posts"}],"about":[{"href":"https:\/\/www.diarioimagen.net\/index.php?rest_route=\/wp\/v2\/types\/post"}],"author":[{"embeddable":true,"href":"https:\/\/www.diarioimagen.net\/index.php?rest_route=\/wp\/v2\/users\/3"}],"replies":[{"embeddable":true,"href":"https:\/\/www.diarioimagen.net\/index.php?rest_route=%2Fwp%2Fv2%2Fcomments&post=460363"}],"version-history":[{"count":0,"href":"https:\/\/www.diarioimagen.net\/index.php?rest_route=\/wp\/v2\/posts\/460363\/revisions"}],"wp:featuredmedia":[{"embeddable":true,"href":"https:\/\/www.diarioimagen.net\/index.php?rest_route=\/wp\/v2\/media\/460435"}],"wp:attachment":[{"href":"https:\/\/www.diarioimagen.net\/index.php?rest_route=%2Fwp%2Fv2%2Fmedia&parent=460363"}],"wp:term":[{"taxonomy":"category","embeddable":true,"href":"https:\/\/www.diarioimagen.net\/index.php?rest_route=%2Fwp%2Fv2%2Fcategories&post=460363"},{"taxonomy":"post_tag","embeddable":true,"href":"https:\/\/www.diarioimagen.net\/index.php?rest_route=%2Fwp%2Fv2%2Ftags&post=460363"}],"curies":[{"name":"wp","href":"https:\/\/api.w.org\/{rel}","templated":true}]}}