{"id":460366,"date":"2020-02-18T00:02:00","date_gmt":"2020-02-18T06:02:00","guid":{"rendered":"https:\/\/www.diarioimagen.net\/?p=460366"},"modified":"2020-02-18T01:43:08","modified_gmt":"2020-02-18T07:43:08","slug":"continuaran-comparecencias-de-la-administracion-municipal-en-c-izcalli","status":"publish","type":"post","link":"https:\/\/www.diarioimagen.net\/?p=460366","title":{"rendered":"Continuar\u00e1n comparecencias de la administraci\u00f3n municipal en C. Izcalli"},"content":{"rendered":"<p><a href=\"https:\/\/www.diarioimagen.net\/?attachment_id=460443\" rel=\"attachment wp-att-460443\"><img loading=\"lazy\" decoding=\"async\" class=\"aligncenter size-large wp-image-460443\" src=\"https:\/\/www.diarioimagen.net\/wp-content\/uploads\/2020\/02\/CUAUTITL\u00c1N-IZCALLI-1-460x259.jpg\" alt=\"\" width=\"460\" height=\"259\" srcset=\"https:\/\/www.diarioimagen.net\/wp-content\/uploads\/2020\/02\/CUAUTITL\u00c1N-IZCALLI-1-460x259.jpg 460w, https:\/\/www.diarioimagen.net\/wp-content\/uploads\/2020\/02\/CUAUTITL\u00c1N-IZCALLI-1-240x135.jpg 240w, https:\/\/www.diarioimagen.net\/wp-content\/uploads\/2020\/02\/CUAUTITL\u00c1N-IZCALLI-1-235x132.jpg 235w, https:\/\/www.diarioimagen.net\/wp-content\/uploads\/2020\/02\/CUAUTITL\u00c1N-IZCALLI-1-202x114.jpg 202w, https:\/\/www.diarioimagen.net\/wp-content\/uploads\/2020\/02\/CUAUTITL\u00c1N-IZCALLI-1-350x196.jpg 350w, https:\/\/www.diarioimagen.net\/wp-content\/uploads\/2020\/02\/CUAUTITL\u00c1N-IZCALLI-1-220x123.jpg 220w, https:\/\/www.diarioimagen.net\/wp-content\/uploads\/2020\/02\/CUAUTITL\u00c1N-IZCALLI-1-237x132.jpg 237w, https:\/\/www.diarioimagen.net\/wp-content\/uploads\/2020\/02\/CUAUTITL\u00c1N-IZCALLI-1.jpg 480w\" sizes=\"auto, (max-width: 460px) 100vw, 460px\" \/><\/a><\/p>\n<p>&nbsp;<\/p>\n<p><strong>Cuautitl\u00e1n Izcalli, Estado de M\u00e9xico<\/strong><strong>.-<\/strong> Para dar continuidad a la rendici\u00f3n de cuentas por parte de las \u00e1reas del Ayuntamiento que encabeza Ricardo N\u00fa\u00f1ez Ayala, las cuales se pausaron el pasado mes de diciembre, los ediles aprobaron en la quincuag\u00e9sima sexta sesi\u00f3n de Cabildo, el acuerdo para reactivar las comparecencias de los titulares de las dependencias, de sus direcciones, organismos desconcentrados y de las entidades de la administraci\u00f3n p\u00fablica municipal.<\/p>\n<p>La Direcci\u00f3n General de Desarrollo Humano ser\u00e1 la primera en reanudar dichas presentaciones de rendici\u00f3n de cuentas a partir del 9 de marzo. Por lo que cada lunes subsecuente las dependencias estar\u00e1n compareciendo.<\/p>\n","protected":false},"excerpt":{"rendered":"<p>Para dar continuidad a la rendici\u00f3n de cuentas por parte de las \u00e1reas del Ayuntamiento que encabeza Ricardo N\u00fa\u00f1ez Ayala, las cuales se pausaron el pasado mes de diciembre, los ediles aprobaron en la quincuag\u00e9sima sexta sesi\u00f3n de Cabildo, el acuerdo para reactivar las comparecencias de los titulares de las dependencias, de sus direcciones, organismos desconcentrados y de las entidades de la administraci\u00f3n p\u00fablica municipal.<\/p>\n","protected":false},"author":3,"featured_media":460443,"comment_status":"open","ping_status":"open","sticky":false,"template":"","format":"standard","meta":{"_monsterinsights_skip_tracking":false,"_monsterinsights_sitenote_active":false,"_monsterinsights_sitenote_note":"","_monsterinsights_sitenote_category":0,"footnotes":""},"categories":[5],"tags":[1304,23030,971,43675],"class_list":["post-460366","post","type-post","status-publish","format-standard","has-post-thumbnail","hentry","category-estado-de-mexico","tag-administracion","tag-cabildo","tag-cuautitlan-izcalli","tag-estado-de-mexico"],"_links":{"self":[{"href":"https:\/\/www.diarioimagen.net\/index.php?rest_route=\/wp\/v2\/posts\/460366","targetHints":{"allow":["GET"]}}],"collection":[{"href":"https:\/\/www.diarioimagen.net\/index.php?rest_route=\/wp\/v2\/posts"}],"about":[{"href":"https:\/\/www.diarioimagen.net\/index.php?rest_route=\/wp\/v2\/types\/post"}],"author":[{"embeddable":true,"href":"https:\/\/www.diarioimagen.net\/index.php?rest_route=\/wp\/v2\/users\/3"}],"replies":[{"embeddable":true,"href":"https:\/\/www.diarioimagen.net\/index.php?rest_route=%2Fwp%2Fv2%2Fcomments&post=460366"}],"version-history":[{"count":0,"href":"https:\/\/www.diarioimagen.net\/index.php?rest_route=\/wp\/v2\/posts\/460366\/revisions"}],"wp:featuredmedia":[{"embeddable":true,"href":"https:\/\/www.diarioimagen.net\/index.php?rest_route=\/wp\/v2\/media\/460443"}],"wp:attachment":[{"href":"https:\/\/www.diarioimagen.net\/index.php?rest_route=%2Fwp%2Fv2%2Fmedia&parent=460366"}],"wp:term":[{"taxonomy":"category","embeddable":true,"href":"https:\/\/www.diarioimagen.net\/index.php?rest_route=%2Fwp%2Fv2%2Fcategories&post=460366"},{"taxonomy":"post_tag","embeddable":true,"href":"https:\/\/www.diarioimagen.net\/index.php?rest_route=%2Fwp%2Fv2%2Ftags&post=460366"}],"curies":[{"name":"wp","href":"https:\/\/api.w.org\/{rel}","templated":true}]}}