{"id":460368,"date":"2020-02-18T00:03:06","date_gmt":"2020-02-18T06:03:06","guid":{"rendered":"https:\/\/www.diarioimagen.net\/?p=460368"},"modified":"2020-02-18T01:42:16","modified_gmt":"2020-02-18T07:42:16","slug":"cuautitlan-es-calificado-con-finanzas-sanas-y-de-los-mas-transparentes-del-pais","status":"publish","type":"post","link":"https:\/\/www.diarioimagen.net\/?p=460368","title":{"rendered":"Cuautitl\u00e1n es calificado con finanzas sanas y de los m\u00e1s transparentes del pa\u00eds"},"content":{"rendered":"<ul>\n<li><strong><em>Evaluaci\u00f3n final del OSFEM<\/em><\/strong><\/li>\n<\/ul>\n<p>&nbsp;<\/p>\n<div id=\"attachment_460437\" style=\"width: 470px\" class=\"wp-caption aligncenter\"><a href=\"https:\/\/www.diarioimagen.net\/?attachment_id=460437\" rel=\"attachment wp-att-460437\"><img loading=\"lazy\" decoding=\"async\" aria-describedby=\"caption-attachment-460437\" class=\"size-large wp-image-460437\" src=\"https:\/\/www.diarioimagen.net\/wp-content\/uploads\/2020\/02\/CUAUTITL\u00c1N-4-460x259.jpg\" alt=\"\" width=\"460\" height=\"259\" srcset=\"https:\/\/www.diarioimagen.net\/wp-content\/uploads\/2020\/02\/CUAUTITL\u00c1N-4-460x259.jpg 460w, https:\/\/www.diarioimagen.net\/wp-content\/uploads\/2020\/02\/CUAUTITL\u00c1N-4-240x135.jpg 240w, https:\/\/www.diarioimagen.net\/wp-content\/uploads\/2020\/02\/CUAUTITL\u00c1N-4-235x132.jpg 235w, https:\/\/www.diarioimagen.net\/wp-content\/uploads\/2020\/02\/CUAUTITL\u00c1N-4-202x114.jpg 202w, https:\/\/www.diarioimagen.net\/wp-content\/uploads\/2020\/02\/CUAUTITL\u00c1N-4-350x196.jpg 350w, https:\/\/www.diarioimagen.net\/wp-content\/uploads\/2020\/02\/CUAUTITL\u00c1N-4-220x123.jpg 220w, https:\/\/www.diarioimagen.net\/wp-content\/uploads\/2020\/02\/CUAUTITL\u00c1N-4-237x132.jpg 237w, https:\/\/www.diarioimagen.net\/wp-content\/uploads\/2020\/02\/CUAUTITL\u00c1N-4.jpg 480w\" sizes=\"auto, (max-width: 460px) 100vw, 460px\" \/><\/a><p id=\"caption-attachment-460437\" class=\"wp-caption-text\">La Unidad de Transparencia de Cuautitl\u00e1n se\u00f1al\u00f3 que, como resultado de las necesidades de informaci\u00f3n de los vecinos, en lo que va del a\u00f1o ha recibido 48 solicitudes de informaci\u00f3n.<\/p><\/div>\n<p>&nbsp;<\/p>\n<p><strong>Cuautitl\u00e1n, Estado de M\u00e9xico<\/strong>.- Al dar cumplimiento al requerimiento del Informe de Resultados de la Gu\u00eda de Evaluaci\u00f3n de Avances de la Armonizaci\u00f3n Contable Periodo 3 del a\u00f1o 2019, del Consejo Nacional de Armonizaci\u00f3n Contable (CONAC), el Ayuntamiento de Cuautitl\u00e1n obtuvo una calificaci\u00f3n final de 97.46.<\/p>\n<p>Esta es una\u00a0 evaluaci\u00f3n es trimestral y fue realizada a trav\u00e9s de la Plataforma del Sistema de Evaluaciones de Armonizaci\u00f3n Contable (SEvAC) integrado por cuatro etapas (Llenado Inicial, Validaci\u00f3n EFSL Inicial, en Proceso de Solventaci\u00f3n y Validaci\u00f3n ESFL Final) por lo que se concluy\u00f3 que obtuvo la calificaci\u00f3n final otorgada por el \u00d3rgano Superior de Fiscalizaci\u00f3n del Estado de M\u00e9xico OSFEM .<\/p>\n<p>De igual modo la Unidad de Transparencia de Cuautitl\u00e1n se\u00f1al\u00f3 que, como resultado de las necesidades de informaci\u00f3n de los vecinos, en lo que va del a\u00f1o ha recibido 48 solicitudes de informaci\u00f3n, increment\u00e1ndose el n\u00famero de peticiones en las \u00faltimas semanas.<\/p>\n<p>Durante el mes de enero de este a\u00f1o se recibieron 35 solicitudes y en el mismo periodo en 2018 se \u00fanicamente 15 y en 2019 la misma cifra, sin embargo el a\u00f1o 2019 se recibieron un total de 280 peticiones a comparaci\u00f3n de las 139 atendidas en el ejercicio del a\u00f1o 2018; dijo la titular de transparencia, al se\u00f1alar que algunas no fueron entregadas debido a que los solicitantes no incluyeron sus datos de contacto para hac\u00e9rselas llegar o avisarles sobre la contestaci\u00f3n a la petici\u00f3n.<\/p>\n<p>Como resultado de estas acciones que el gobierno de Cuautitl\u00e1n trabaja en materia de transparencia y rendici\u00f3n de cuentas, el Colectivo Ciudadano por Municipios Transparentes CIMTRA, lo sit\u00faa a Cuautitl\u00e1n en el lugar 26 dentro de la evaluaci\u00f3n de rankings nacional de los municipios m\u00e1s trasparentes.<\/p>\n<p>Esta evaluaci\u00f3n ubica al gobierno local dentro de los 110 municipios m\u00e1s transparentes a trav\u00e9s de diversos indicadores dentro de la administraci\u00f3n municipal y que se ve reflejada a trav\u00e9s de la informaci\u00f3n presupuestal, los servicios y programas municipales.<\/p>\n<p>Cabe se\u00f1alar que desde el a\u00f1o pasado se instal\u00f3 en la entrada principal del palacio municipal un m\u00f3dulo de acceso a la informaci\u00f3n p\u00fablica, en el cual se atienden todas las peticiones de la ciudadan\u00eda como parte integral de la transparencia que el gobierno de Cuautitl\u00e1n ha venido realizando desde el inicio de la presente administraci\u00f3n.<\/p>\n","protected":false},"excerpt":{"rendered":"<p>Al dar cumplimiento al requerimiento del Informe de Resultados de la Gu\u00eda de Evaluaci\u00f3n de Avances de la Armonizaci\u00f3n Contable Periodo 3 del a\u00f1o 2019, del Consejo Nacional de Armonizaci\u00f3n Contable (CONAC), el Ayuntamiento de Cuautitl\u00e1n obtuvo una calificaci\u00f3n final de 97.46.<\/p>\n","protected":false},"author":3,"featured_media":460437,"comment_status":"open","ping_status":"open","sticky":false,"template":"","format":"standard","meta":{"_monsterinsights_skip_tracking":false,"_monsterinsights_sitenote_active":false,"_monsterinsights_sitenote_note":"","_monsterinsights_sitenote_category":0,"footnotes":""},"categories":[5],"tags":[681,43675,43678,53476],"class_list":["post-460368","post","type-post","status-publish","format-standard","has-post-thumbnail","hentry","category-estado-de-mexico","tag-cuautitlan","tag-estado-de-mexico","tag-finanzas","tag-transparente"],"_links":{"self":[{"href":"https:\/\/www.diarioimagen.net\/index.php?rest_route=\/wp\/v2\/posts\/460368","targetHints":{"allow":["GET"]}}],"collection":[{"href":"https:\/\/www.diarioimagen.net\/index.php?rest_route=\/wp\/v2\/posts"}],"about":[{"href":"https:\/\/www.diarioimagen.net\/index.php?rest_route=\/wp\/v2\/types\/post"}],"author":[{"embeddable":true,"href":"https:\/\/www.diarioimagen.net\/index.php?rest_route=\/wp\/v2\/users\/3"}],"replies":[{"embeddable":true,"href":"https:\/\/www.diarioimagen.net\/index.php?rest_route=%2Fwp%2Fv2%2Fcomments&post=460368"}],"version-history":[{"count":0,"href":"https:\/\/www.diarioimagen.net\/index.php?rest_route=\/wp\/v2\/posts\/460368\/revisions"}],"wp:featuredmedia":[{"embeddable":true,"href":"https:\/\/www.diarioimagen.net\/index.php?rest_route=\/wp\/v2\/media\/460437"}],"wp:attachment":[{"href":"https:\/\/www.diarioimagen.net\/index.php?rest_route=%2Fwp%2Fv2%2Fmedia&parent=460368"}],"wp:term":[{"taxonomy":"category","embeddable":true,"href":"https:\/\/www.diarioimagen.net\/index.php?rest_route=%2Fwp%2Fv2%2Fcategories&post=460368"},{"taxonomy":"post_tag","embeddable":true,"href":"https:\/\/www.diarioimagen.net\/index.php?rest_route=%2Fwp%2Fv2%2Ftags&post=460368"}],"curies":[{"name":"wp","href":"https:\/\/api.w.org\/{rel}","templated":true}]}}