{"id":460387,"date":"2020-02-18T00:03:43","date_gmt":"2020-02-18T06:03:43","guid":{"rendered":"https:\/\/www.diarioimagen.net\/?p=460387"},"modified":"2020-02-17T23:51:07","modified_gmt":"2020-02-18T05:51:07","slug":"todo-por-los-conservadores","status":"publish","type":"post","link":"https:\/\/www.diarioimagen.net\/?p=460387","title":{"rendered":"Todo por los conservadores"},"content":{"rendered":"<h2>Espacio Electoral<\/h2>\n<h5>Eleazar Flores<\/h5>\n<p>&nbsp;<\/p>\n<p><strong>CANDENTE<\/strong>.- Lejos de disminuir va en aumento el malestar popular en contra de los feminicidios en nuestro pa\u00eds, eco que ha encontrado oportunamente la Iglesia cat\u00f3lica, a cuyos miembros cataloga de conservadores el presidente Andr\u00e9s Manuel L\u00f3pez Obrador, padre de la Cuarta Transformaci\u00f3n.<\/p>\n<p>La respuesta del mandatario vino pronto, en la ma\u00f1anera de ayer mismo, al enterarse de las cr\u00edticas de Salvador Gonz\u00e1lez Morales, obispo auxiliar de la Arquidi\u00f3cesis Primada de M\u00e9xico, pero todos creen que es el sentir del cardenal primado Carlos Aguiar Retes, cuyos puntos de vista han quedado asentados en el p\u00falpito y en su semanario \u201cDesde la fe\u201d.<\/p>\n<p>\u201cEl estado no hace nada o hace muy poco para frenar la violencia\u201d dijo el obispo auxiliar de la arquidi\u00f3cesis de M\u00e9xico Salvador Gonz\u00e1lez Morales durante la homil\u00eda dominical celebrada en la catedral metropolitana, punto de vista que seguramente compartieron no solo los cat\u00f3licos asistentes al oficio dominical, tambi\u00e9n muchos ausentes\u2026 como usted y yo comprenderemos.<\/p>\n<p>Y es que el cl\u00e9rigo abund\u00f3 en sus apreciaciones de inconformidad no solo contra los feminicidios, tambi\u00e9n por la forma en que se trata a los migrantes en nuestras fronteras, principalmente la del sur. Tambi\u00e9n el campo de la escasez, \u2014ficticia o real\u2014, de medicamentos para atender a las personas enfermas de c\u00e1ncer y de entre \u00e9stas por desgracia a menores de edad.<\/p>\n<p>Ante tantos se\u00f1alamientos del obispo auxiliar Salvador Gonz\u00e1lez Morales, el presidente Andr\u00e9s Manuel L\u00f3pez Obrador aclar\u00f3 no ser monedita de oro para caerle bien a todos pero obviamente, le fue f\u00e1cil encontrar al o a los culpables de todo lo anterior, los famosos conservadores o neoliberales que para tal o cual efecto resultan ser los mismos.<\/p>\n<p>El colmo fue cuando el padre de la cuarta transformaci\u00f3n dijo que hasta la muerte de F\u00e1tima, la ni\u00f1a de escasos seis a\u00f1os de edad desaparecida el fin de semana y encontrado su cad\u00e1ver el d\u00eda de ayer, \u201ces culpa de los conservadores que dejaron una gran descomposici\u00f3n social en todo el territorio nacional. Ante tal aseveraci\u00f3n saque sus propias conclusiones.<\/p>\n<p>Dar por cierta la declaraci\u00f3n del tabasque\u00f1o significa que tanto el gobierno federal que\u00a0 encabeza como el de la ciudad de M\u00e9xico a cargo de la se\u00f1ora Claudia Sheinbaum no tienen la m\u00ednima responsabilidad de todos los n\u00fameros rojos del \u00faltimo a\u00f1o, cuyos \u00edndices de violencia han rebasado todo lo que se ven\u00eda registrando hasta diciembre de 2018.<\/p>\n<p>Si el gobierno federal y el de la Ciudad de M\u00e9xico no tienen nada qu\u00e9 ver, forzosamente tendr\u00edamos que llegar a la conclusi\u00f3n de que ambas instancias de gobierno est\u00e1n convertidas en aut\u00e9nticos candeleros \u00bfo no?<\/p>\n<p><a href=\"mailto:elefa44@gmail.com\" target=\"_blank\" rel=\"noopener noreferrer\"><em>elefa44@gmail.com<\/em><\/a><\/p>\n","protected":false},"excerpt":{"rendered":"<p><span style=\"color: #005497;\"><strong>Eleazar Flores<\/strong><\/span><\/p>\n","protected":false},"author":3,"featured_media":0,"comment_status":"open","ping_status":"open","sticky":false,"template":"","format":"standard","meta":{"_monsterinsights_skip_tracking":false,"_monsterinsights_sitenote_active":false,"_monsterinsights_sitenote_note":"","_monsterinsights_sitenote_category":0,"footnotes":""},"categories":[81743],"tags":[81744,81776,43674],"class_list":["post-460387","post","type-post","status-publish","format-standard","hentry","category-eleazar-flores","tag-eleazar-flores","tag-espacio-electoral","tag-opinion"],"_links":{"self":[{"href":"https:\/\/www.diarioimagen.net\/index.php?rest_route=\/wp\/v2\/posts\/460387","targetHints":{"allow":["GET"]}}],"collection":[{"href":"https:\/\/www.diarioimagen.net\/index.php?rest_route=\/wp\/v2\/posts"}],"about":[{"href":"https:\/\/www.diarioimagen.net\/index.php?rest_route=\/wp\/v2\/types\/post"}],"author":[{"embeddable":true,"href":"https:\/\/www.diarioimagen.net\/index.php?rest_route=\/wp\/v2\/users\/3"}],"replies":[{"embeddable":true,"href":"https:\/\/www.diarioimagen.net\/index.php?rest_route=%2Fwp%2Fv2%2Fcomments&post=460387"}],"version-history":[{"count":0,"href":"https:\/\/www.diarioimagen.net\/index.php?rest_route=\/wp\/v2\/posts\/460387\/revisions"}],"wp:attachment":[{"href":"https:\/\/www.diarioimagen.net\/index.php?rest_route=%2Fwp%2Fv2%2Fmedia&parent=460387"}],"wp:term":[{"taxonomy":"category","embeddable":true,"href":"https:\/\/www.diarioimagen.net\/index.php?rest_route=%2Fwp%2Fv2%2Fcategories&post=460387"},{"taxonomy":"post_tag","embeddable":true,"href":"https:\/\/www.diarioimagen.net\/index.php?rest_route=%2Fwp%2Fv2%2Ftags&post=460387"}],"curies":[{"name":"wp","href":"https:\/\/api.w.org\/{rel}","templated":true}]}}