{"id":460391,"date":"2020-02-18T00:17:20","date_gmt":"2020-02-18T06:17:20","guid":{"rendered":"https:\/\/www.diarioimagen.net\/?p=460391"},"modified":"2020-02-25T02:10:53","modified_gmt":"2020-02-25T08:10:53","slug":"queremosvivirsinmiedo","status":"publish","type":"post","link":"https:\/\/www.diarioimagen.net\/?p=460391","title":{"rendered":"<em>#QueremosVivirSinMiedo<\/em>"},"content":{"rendered":"<h2>Caleidoscopio<\/h2>\n<h5>Guillermina G\u00f3mora Ord\u00f3\u00f1ez<\/h5>\n<p>&nbsp;<\/p>\n<p>La violencia de g\u00e9nero se convirti\u00f3 en una emergencia nacional. El feminicidio en M\u00e9xico se dispar\u00f3 de manera preocupante, aument\u00f3 138% de 2015 a la fecha; cada cuatro minutos una mujer sufre una violaci\u00f3n; diario, 9 mujeres son asesinadas y el 99% de los casos queda impune. \u00bfQu\u00e9 deben hacer gobierno y sociedad?<\/p>\n<p>El hartazgo ante el clima generalizado de violencia y la falta de acci\u00f3n de las autoridades mexicanas registra niveles alarmantes en las movilizaciones de mujeres de los \u00faltimos d\u00edas. No es una lucha de mujeres contra hombres, es una lucha por la seguridad y la vida.<\/p>\n<p>Miles en todo el pa\u00eds salen a las calles y exigen: <strong>\u201c\u00a1Ni una m\u00e1s, ni una m\u00e1s, ni una asesinada m\u00e1s!\u201d<\/strong><\/p>\n<p>Protestas que visibilizan un M\u00e9xico dominado por el machismo, por el terror, por el miedo de ser mujer. Para muestra lo que sucede en Veracruz, Estado de M\u00e9xico y la Ciudad de M\u00e9xico, que concentran 35% de los casos de feminicidio en el pa\u00eds, de acuerdo con el <strong>Secretariado Ejecutivo del Sistema Nacional de Seguridad P\u00fablica. <\/strong><\/p>\n<p>Movilizaciones que exhiben y denuncian una orfandad que en muchas ocasiones tiene origen en el hogar y alcanza al gobierno. S\u00ed, las v\u00edctimas no encuentran un respaldo confiable por parte de las instituciones de impartici\u00f3n de justicia; prueba de ello es que de 2 mil 833 mujeres que fueron asesinadas en M\u00e9xico en 2019, solo 726\u00a0 (25.6%) son investigados como feminicidios, mientras que los otros 2,107 asesinatos, como homicidios dolosos de acuerdo con datos del <strong>Observatorio Ciudadano Nacional del Feminicidio<\/strong>.<\/p>\n<p>Adem\u00e1s, el acoso y hostigamiento hacia la mujer se increment\u00f3 m\u00e1s de 200% de 2015 a 2019 sin que haya un castigo severo a esta deleznable conducta. Una lastimosa realidad que agobia d\u00eda a d\u00eda al 51% de la poblaci\u00f3n: las mujeres de M\u00e9xico, las que aportan el 37% del Producto Interno Bruto (Inegi).<\/p>\n<p>Mexicanas emprendedoras; 3 de cada 5 PYMES en el pa\u00eds son lideradas por ellas (SHCP), un motor de cambio en los sectores en los que se desarrollan. Sin embargo, las mujeres ganan 34 % menos que los hombres aun cuando empleo y educaci\u00f3n son similares.<\/p>\n<p>Un a\u00f1ejo problema que nadie o muy pocos han querido atender: la desigualdad, la falta de equidad en el hogar y en el trabajo. \u00c9ste podr\u00eda ser un primer paso de sociedad y gobierno para cerrar brechas y sanar agravios.<\/p>\n<p>Hoy, el grito feminista <strong>#QueremosVivirSinMiedo, <\/strong>retumba en M\u00e9xico. Ignorarlo &#8211; <strong>#AhoritaNo<\/strong>-, (<strong>Claudia Sheinbaum<\/strong>) o hablar de manipulaci\u00f3n de los medios como afirma el presidente Andr\u00e9s Manuel L\u00f3pez Obrador, ofende a las v\u00edctimas y a sus familias.<\/p>\n<p>Un dec\u00e1logo pol\u00edtico no sirve y la demagogia menos. Exhortos presidenciales como el de \u201cLe pido a las #Feministas con todo respeto que no nos pinten las puertas las paredes, que estamos trabajando para que no haya feminicidios, que no somos simuladores y que no esperen que nosotros actuemos como represores\u201d, s\u00f3lo confirma que no entienden el problema.<\/p>\n<p>El movimiento feminista que inici\u00f3 en 2016 se transform\u00f3 en una movilizaci\u00f3n social. Cada feminicidio es un ataque a toda la sociedad. Mujeres y hombres est\u00e1n en las calles, en los medios y en las redes. Una nueva generaci\u00f3n que exige di\u00e1logo y acciones efectivas en materia de seguridad.<\/p>\n<p>Bien har\u00edan gobierno y sociedad en desarrollar una alianza estrat\u00e9gica para prevenir, combatir y eliminar todas las formas de violencia contra las mujeres. Las secuelas f\u00edsicas y psicol\u00f3gicas de las v\u00edctimas: dolor, verg\u00fcenza, baja autoestima, miedo, rechazo social, nunca podr\u00e1n ser reparadas. Claro, si antes no las matan.<\/p>\n<p>El mapa de los feminicidios abarca toda la Rep\u00fablica Mexicana, <strong>#BastaYa<\/strong> de los gobernantes c\u00f3mplices, de la impunidad y de la violencia contra las mujeres. El feminicidio es un crimen, no un acto de provocaci\u00f3n como dicen los pol\u00edticos.<\/p>\n<p>&nbsp;<\/p>\n<p style=\"text-align: center;\"><strong>VERICUENTOS<\/strong><\/p>\n<p style=\"text-align: center;\"><strong>Rev\u00e9s a<em> \u201cNapito\u201d<\/em> &#8211; <em>Outsourcing<\/em> <\/strong><\/p>\n<p>Una vez m\u00e1s, le dieron su dosis de ubicatex al legislador m\u00e9xico-canadiense, Napole\u00f3n G\u00f3mez Urrutia. El <strong>presidente de la Junta de Coordinaci\u00f3n Pol\u00edtica del Senado, Ricardo Monreal,<\/strong> regres\u00f3 el dictamen en materia de outsourcing a comisiones para que se incorporen las propuestas presentadas en el Parlamento Abierto. La iniciativa del l\u00edder del sindicato minero fue rechazada por los empresarios, dicen que ataca al empleo y la libertad laboral, pues busca imponer controles del corporativismo sindical. <strong>\u00a1Sopas!<\/strong><\/p>\n<p style=\"text-align: center;\"><strong>Foro: Infancia sin violencia<\/strong><\/p>\n<p>Desesperanza, indignaci\u00f3n y dolor provoca el caso de F\u00e1tima, la peque\u00f1a asesinada y abandonada dentro de una bolsa en Tl\u00e1huac. Ojal\u00e1 que en el Foro \u00bfSabemos c\u00f3mo heredarle a nuestra ni\u00f1ez una naci\u00f3n sin violencia?, al que convocaron las senadoras <strong>Margarita Valdez, Eva Galaz y Guadalupe Covarrubias<\/strong>, encuentren soluciones y se acuerden acciones para prevenir hechos como \u00e9ste, el de Coahuila, los ni\u00f1os milicianos de Guerrero, los halcones del narco y el alarmante incremento de suicidios de menores. <strong>\u00a1Vamos!<\/strong><\/p>\n<p><em><a href=\"mailto:guillegomora@hotmail.com\" target=\"_blank\" rel=\"noopener noreferrer\">guillegomora@hotmail.com<\/a><br \/>\n<i><\/i><a href=\"https:\/\/twitter.com\/guillegomora?lang=es\" target=\"_blank\" rel=\"noopener noreferrer\"><i>@guillegomora<\/i><\/a><\/em><\/p>\n","protected":false},"excerpt":{"rendered":"<p><span style=\"color: #005497;\"><strong>Guillermina G\u00f3mora Ord\u00f3\u00f1ez<\/strong><\/span><\/p>\n","protected":false},"author":3,"featured_media":0,"comment_status":"open","ping_status":"open","sticky":false,"template":"","format":"standard","meta":{"_monsterinsights_skip_tracking":false,"_monsterinsights_sitenote_active":false,"_monsterinsights_sitenote_note":"","_monsterinsights_sitenote_category":0,"footnotes":""},"categories":[58361],"tags":[58362,58363,43674],"class_list":["post-460391","post","type-post","status-publish","format-standard","hentry","category-guillermina-gomora-ordonez","tag-caleidoscopio","tag-guillermina-gomora-ordonez","tag-opinion"],"_links":{"self":[{"href":"https:\/\/www.diarioimagen.net\/index.php?rest_route=\/wp\/v2\/posts\/460391","targetHints":{"allow":["GET"]}}],"collection":[{"href":"https:\/\/www.diarioimagen.net\/index.php?rest_route=\/wp\/v2\/posts"}],"about":[{"href":"https:\/\/www.diarioimagen.net\/index.php?rest_route=\/wp\/v2\/types\/post"}],"author":[{"embeddable":true,"href":"https:\/\/www.diarioimagen.net\/index.php?rest_route=\/wp\/v2\/users\/3"}],"replies":[{"embeddable":true,"href":"https:\/\/www.diarioimagen.net\/index.php?rest_route=%2Fwp%2Fv2%2Fcomments&post=460391"}],"version-history":[{"count":0,"href":"https:\/\/www.diarioimagen.net\/index.php?rest_route=\/wp\/v2\/posts\/460391\/revisions"}],"wp:attachment":[{"href":"https:\/\/www.diarioimagen.net\/index.php?rest_route=%2Fwp%2Fv2%2Fmedia&parent=460391"}],"wp:term":[{"taxonomy":"category","embeddable":true,"href":"https:\/\/www.diarioimagen.net\/index.php?rest_route=%2Fwp%2Fv2%2Fcategories&post=460391"},{"taxonomy":"post_tag","embeddable":true,"href":"https:\/\/www.diarioimagen.net\/index.php?rest_route=%2Fwp%2Fv2%2Ftags&post=460391"}],"curies":[{"name":"wp","href":"https:\/\/api.w.org\/{rel}","templated":true}]}}