{"id":460460,"date":"2020-02-19T00:03:55","date_gmt":"2020-02-19T06:03:55","guid":{"rendered":"https:\/\/www.diarioimagen.net\/?p=460460"},"modified":"2020-06-29T23:39:10","modified_gmt":"2020-06-30T04:39:10","slug":"mujeres-regresan-a-palacio-nacional-para-protestar-por-feminicidios","status":"publish","type":"post","link":"https:\/\/www.diarioimagen.net\/?p=460460","title":{"rendered":"Mujeres regresan a Palacio Nacional para protestar por feminicidios"},"content":{"rendered":"<ul>\n<li><em><strong>Realizaron pintas en paredes y puertas <\/strong><\/em><\/li>\n<\/ul>\n<p>&nbsp;<\/p>\n<div id=\"attachment_460461\" style=\"width: 470px\" class=\"wp-caption aligncenter\"><img loading=\"lazy\" decoding=\"async\" aria-describedby=\"caption-attachment-460461\" class=\"size-large wp-image-460461\" src=\"https:\/\/www.diarioimagen.net\/wp-content\/uploads\/2020\/02\/MUJERES19-portal-460x268.png\" alt=\"\" width=\"460\" height=\"268\" srcset=\"https:\/\/www.diarioimagen.net\/wp-content\/uploads\/2020\/02\/MUJERES19-portal-460x268.png 460w, https:\/\/www.diarioimagen.net\/wp-content\/uploads\/2020\/02\/MUJERES19-portal-240x140.png 240w, https:\/\/www.diarioimagen.net\/wp-content\/uploads\/2020\/02\/MUJERES19-portal.png 480w\" sizes=\"auto, (max-width: 460px) 100vw, 460px\" \/><p id=\"caption-attachment-460461\" class=\"wp-caption-text\">Feministas regresaron a protestar a Palacio Nacional y realizaron pintas en paredes y puertas del recinto.<\/p><\/div>\n<p>&nbsp;<\/p>\n<p>La ma\u00f1ana de este martes, un grupo de mujeres y diversos colectivos feministas protestaron afuera de Palacio Nacional en contra de los feminicidios y la violencia de g\u00e9nero.<\/p>\n<p>Las manifestantes exigen justicia en los casos de Ingrid Escamilla, asesinada por su pareja en la alcald\u00eda Gustavo A. Madero, y de la ni\u00f1a F\u00e1tima, quien fue robada y hallada sin vida en Tl\u00e1huac.<\/p>\n<p>En tanto, mujeres polic\u00edas de la Secretar\u00eda de Seguridad capitalina resguardan las inmediaciones del Palacio Nacional, en la calle Moneda y Plaza de la Constituci\u00f3n, en la colonia Centro.<\/p>\n<p>Al igual que el viernes pasado, las inconformes, varias con el rostro cubierto, realizaron pintas en paredes y puertas del recinto donde se lleva a cabo la conferencia de prensa del presidente Andr\u00e9s Manuel L\u00f3pez Obrador.<\/p>\n","protected":false},"excerpt":{"rendered":"<p>La ma\u00f1ana de este martes, un grupo de mujeres y diversos colectivos feministas protestaron afuera de Palacio Nacional en contra de los feminicidios y la violencia de g\u00e9nero.<\/p>\n","protected":false},"author":5,"featured_media":460461,"comment_status":"open","ping_status":"open","sticky":false,"template":"","format":"standard","meta":{"_monsterinsights_skip_tracking":false,"_monsterinsights_sitenote_active":false,"_monsterinsights_sitenote_note":"","_monsterinsights_sitenote_category":0,"footnotes":""},"categories":[3],"tags":[1352,13143,90159,43673,373],"class_list":["post-460460","post","type-post","status-publish","format-standard","has-post-thumbnail","hentry","category-nacional","tag-andres-manuel-lopez-obrador","tag-feminicidios","tag-mujeres-regresan","tag-nacional","tag-palacio-nacional"],"_links":{"self":[{"href":"https:\/\/www.diarioimagen.net\/index.php?rest_route=\/wp\/v2\/posts\/460460","targetHints":{"allow":["GET"]}}],"collection":[{"href":"https:\/\/www.diarioimagen.net\/index.php?rest_route=\/wp\/v2\/posts"}],"about":[{"href":"https:\/\/www.diarioimagen.net\/index.php?rest_route=\/wp\/v2\/types\/post"}],"author":[{"embeddable":true,"href":"https:\/\/www.diarioimagen.net\/index.php?rest_route=\/wp\/v2\/users\/5"}],"replies":[{"embeddable":true,"href":"https:\/\/www.diarioimagen.net\/index.php?rest_route=%2Fwp%2Fv2%2Fcomments&post=460460"}],"version-history":[{"count":0,"href":"https:\/\/www.diarioimagen.net\/index.php?rest_route=\/wp\/v2\/posts\/460460\/revisions"}],"wp:featuredmedia":[{"embeddable":true,"href":"https:\/\/www.diarioimagen.net\/index.php?rest_route=\/wp\/v2\/media\/460461"}],"wp:attachment":[{"href":"https:\/\/www.diarioimagen.net\/index.php?rest_route=%2Fwp%2Fv2%2Fmedia&parent=460460"}],"wp:term":[{"taxonomy":"category","embeddable":true,"href":"https:\/\/www.diarioimagen.net\/index.php?rest_route=%2Fwp%2Fv2%2Fcategories&post=460460"},{"taxonomy":"post_tag","embeddable":true,"href":"https:\/\/www.diarioimagen.net\/index.php?rest_route=%2Fwp%2Fv2%2Ftags&post=460460"}],"curies":[{"name":"wp","href":"https:\/\/api.w.org\/{rel}","templated":true}]}}