{"id":460498,"date":"2020-02-19T00:01:56","date_gmt":"2020-02-19T06:01:56","guid":{"rendered":"https:\/\/www.diarioimagen.net\/?p=460498"},"modified":"2020-02-19T04:24:57","modified_gmt":"2020-02-19T10:24:57","slug":"presidenta-municipal-de-tultitlan-hace-entrega-de-constancias-de-diplomado","status":"publish","type":"post","link":"https:\/\/www.diarioimagen.net\/?p=460498","title":{"rendered":"Presidenta municipal de Tultitl\u00e1n hace entrega de constancias de diplomado"},"content":{"rendered":"<p><a href=\"https:\/\/www.diarioimagen.net\/?attachment_id=460618\" rel=\"attachment wp-att-460618\"><img loading=\"lazy\" decoding=\"async\" class=\"aligncenter size-large wp-image-460618\" src=\"https:\/\/www.diarioimagen.net\/wp-content\/uploads\/2020\/02\/TULTITL\u00c1N-1-460x259.jpg\" alt=\"\" width=\"460\" height=\"259\" srcset=\"https:\/\/www.diarioimagen.net\/wp-content\/uploads\/2020\/02\/TULTITL\u00c1N-1-460x259.jpg 460w, https:\/\/www.diarioimagen.net\/wp-content\/uploads\/2020\/02\/TULTITL\u00c1N-1-240x135.jpg 240w, https:\/\/www.diarioimagen.net\/wp-content\/uploads\/2020\/02\/TULTITL\u00c1N-1-235x132.jpg 235w, https:\/\/www.diarioimagen.net\/wp-content\/uploads\/2020\/02\/TULTITL\u00c1N-1-202x114.jpg 202w, https:\/\/www.diarioimagen.net\/wp-content\/uploads\/2020\/02\/TULTITL\u00c1N-1-350x196.jpg 350w, https:\/\/www.diarioimagen.net\/wp-content\/uploads\/2020\/02\/TULTITL\u00c1N-1-220x123.jpg 220w, https:\/\/www.diarioimagen.net\/wp-content\/uploads\/2020\/02\/TULTITL\u00c1N-1-237x132.jpg 237w, https:\/\/www.diarioimagen.net\/wp-content\/uploads\/2020\/02\/TULTITL\u00c1N-1.jpg 480w\" sizes=\"auto, (max-width: 460px) 100vw, 460px\" \/><\/a><\/p>\n<p>&nbsp;<\/p>\n<p><strong>Tultitl\u00e1n, Estado de M\u00e9xico<\/strong><strong>.-<\/strong> La alcaldesa Elena Garc\u00eda Mart\u00ednez, en coordinaci\u00f3n con la Contralor\u00eda Municipal, hacen entrega de m\u00e1s de 40 constancias y diplomas por haber concluido satisfactoriamente el curso denominado \u201cEjecutar las atribuciones de \u00f3rganos internos de control en la administraci\u00f3n p\u00fablica municipal\u201d, impartido por el Instituto Hacendario del Estado de M\u00e9xico, siendo Tultitl\u00e1n sede para recibir a diferentes municipios y contralores.<\/p>\n<p>El diplomado tuvo una duraci\u00f3n de dos meses, impartido dos d\u00edas a la semana con un desarrollo de 5 m\u00f3dulos; con el \u00fanico objetivo de modernizar la hacienda p\u00fablica a trav\u00e9s de la certificaci\u00f3n a servidores p\u00fablicos.<\/p>\n<p>&nbsp;<\/p>\n<p>&nbsp;<\/p>\n<p>&nbsp;<\/p>\n","protected":false},"excerpt":{"rendered":"<p>La alcaldesa Elena Garc\u00eda Mart\u00ednez, en coordinaci\u00f3n con la Contralor\u00eda Municipal, hacen entrega de m\u00e1s de 40 constancias y diplomas por haber concluido satisfactoriamente el curso denominado \u201cEjecutar las atribuciones de \u00f3rganos internos de control en la administraci\u00f3n p\u00fablica municipal\u201d, impartido por el Instituto Hacendario del Estado de M\u00e9xico, siendo Tultitl\u00e1n sede para recibir a diferentes municipios y contralores.<\/p>\n","protected":false},"author":3,"featured_media":460618,"comment_status":"open","ping_status":"open","sticky":false,"template":"","format":"standard","meta":{"_monsterinsights_skip_tracking":false,"_monsterinsights_sitenote_active":false,"_monsterinsights_sitenote_note":"","_monsterinsights_sitenote_category":0,"footnotes":""},"categories":[5],"tags":[89530,43675,578],"class_list":["post-460498","post","type-post","status-publish","format-standard","has-post-thumbnail","hentry","category-estado-de-mexico","tag-contraloria-municipal","tag-estado-de-mexico","tag-tultitlan"],"_links":{"self":[{"href":"https:\/\/www.diarioimagen.net\/index.php?rest_route=\/wp\/v2\/posts\/460498","targetHints":{"allow":["GET"]}}],"collection":[{"href":"https:\/\/www.diarioimagen.net\/index.php?rest_route=\/wp\/v2\/posts"}],"about":[{"href":"https:\/\/www.diarioimagen.net\/index.php?rest_route=\/wp\/v2\/types\/post"}],"author":[{"embeddable":true,"href":"https:\/\/www.diarioimagen.net\/index.php?rest_route=\/wp\/v2\/users\/3"}],"replies":[{"embeddable":true,"href":"https:\/\/www.diarioimagen.net\/index.php?rest_route=%2Fwp%2Fv2%2Fcomments&post=460498"}],"version-history":[{"count":0,"href":"https:\/\/www.diarioimagen.net\/index.php?rest_route=\/wp\/v2\/posts\/460498\/revisions"}],"wp:featuredmedia":[{"embeddable":true,"href":"https:\/\/www.diarioimagen.net\/index.php?rest_route=\/wp\/v2\/media\/460618"}],"wp:attachment":[{"href":"https:\/\/www.diarioimagen.net\/index.php?rest_route=%2Fwp%2Fv2%2Fmedia&parent=460498"}],"wp:term":[{"taxonomy":"category","embeddable":true,"href":"https:\/\/www.diarioimagen.net\/index.php?rest_route=%2Fwp%2Fv2%2Fcategories&post=460498"},{"taxonomy":"post_tag","embeddable":true,"href":"https:\/\/www.diarioimagen.net\/index.php?rest_route=%2Fwp%2Fv2%2Ftags&post=460498"}],"curies":[{"name":"wp","href":"https:\/\/api.w.org\/{rel}","templated":true}]}}