{"id":460500,"date":"2020-02-19T00:03:59","date_gmt":"2020-02-19T06:03:59","guid":{"rendered":"https:\/\/www.diarioimagen.net\/?p=460500"},"modified":"2020-02-19T04:32:37","modified_gmt":"2020-02-19T10:32:37","slug":"enrique-vargas-del-villar-se-mantiene-como-el-alcalde-con-mayor-aprobacion-ciudadana","status":"publish","type":"post","link":"https:\/\/www.diarioimagen.net\/?p=460500","title":{"rendered":"Enrique Vargas del Villar se mantiene como el alcalde con mayor aprobaci\u00f3n ciudadana"},"content":{"rendered":"<ul>\n<li><strong><em>Encuesta en zona metropolitana del Valle de M\u00e9xico<\/em><\/strong><\/li>\n<\/ul>\n<p>&nbsp;<\/p>\n<div id=\"attachment_460621\" style=\"width: 470px\" class=\"wp-caption aligncenter\"><a href=\"https:\/\/www.diarioimagen.net\/?attachment_id=460621\" rel=\"attachment wp-att-460621\"><img loading=\"lazy\" decoding=\"async\" aria-describedby=\"caption-attachment-460621\" class=\"size-large wp-image-460621\" src=\"https:\/\/www.diarioimagen.net\/wp-content\/uploads\/2020\/02\/HUIXQUILUCAN-5-460x259.jpg\" alt=\"\" width=\"460\" height=\"259\" srcset=\"https:\/\/www.diarioimagen.net\/wp-content\/uploads\/2020\/02\/HUIXQUILUCAN-5-460x259.jpg 460w, https:\/\/www.diarioimagen.net\/wp-content\/uploads\/2020\/02\/HUIXQUILUCAN-5-240x135.jpg 240w, https:\/\/www.diarioimagen.net\/wp-content\/uploads\/2020\/02\/HUIXQUILUCAN-5-235x132.jpg 235w, https:\/\/www.diarioimagen.net\/wp-content\/uploads\/2020\/02\/HUIXQUILUCAN-5-202x114.jpg 202w, https:\/\/www.diarioimagen.net\/wp-content\/uploads\/2020\/02\/HUIXQUILUCAN-5-350x196.jpg 350w, https:\/\/www.diarioimagen.net\/wp-content\/uploads\/2020\/02\/HUIXQUILUCAN-5-220x123.jpg 220w, https:\/\/www.diarioimagen.net\/wp-content\/uploads\/2020\/02\/HUIXQUILUCAN-5-237x132.jpg 237w, https:\/\/www.diarioimagen.net\/wp-content\/uploads\/2020\/02\/HUIXQUILUCAN-5.jpg 480w\" sizes=\"auto, (max-width: 460px) 100vw, 460px\" \/><\/a><p id=\"caption-attachment-460621\" class=\"wp-caption-text\">El presidente municipal de Huixquilucan, Enrique Vargas del Villar, se mantiene como el de mayor aprobaci\u00f3n en el estado de M\u00e9xico y cuarto a nivel nacional.<\/p><\/div>\n<p>&nbsp;<\/p>\n<p><strong>Huixquilucan, Estado de M\u00e9xico<\/strong>.- Una nueva encuesta realizada entre habitantes de la zona metropolitana del Valle de M\u00e9xico, coloca al presidente municipal de Huixquilucan, Enrique Vargas del Villar, como el de mayor aprobaci\u00f3n en el estado de M\u00e9xico y cuarto a nivel nacional, hecho que sin duda obliga a redoblar el trabajo para que las familias del municipio eleven su calidad de vida.<\/p>\n<p>De acuerdo a la casa encuestadora Massive Caller, Huixquilucan y su Alcalde se ubican en la cuarta posici\u00f3n con el 52.7 por ciento en el pa\u00eds, y contin\u00faa en primer sitio en el estado de M\u00e9xico, donde se ha mantenido por varios meses, tal y como se confirma con sondeos de opini\u00f3n realizados por diferentes empresas.<\/p>\n<p>Estos resultados reconocidos por los ciudadanos de la zona metropolitana del Valle de M\u00e9xico, sin lugar a dudas es muestra de que en Huixquilucan se va por el camino correcto y el trabajo ya es reconocido m\u00e1s all\u00e1 de la frontera municipal. \u201cEs un trabajo que se hace en equipo, servidores p\u00fablicos y autoridades, coordinados laboramos todos los d\u00edas para hacer que Huixquilucan siga creciendo\u201d. \u00a0Agreg\u00f3, que en este quinto a\u00f1o de gobierno, se tendr\u00e1 inversi\u00f3n en obra p\u00fablica, salud, seguridad y desarrollo social, por lo que el municipio seguir\u00e1 siendo referente a nivel estatal y nacional, ya que todos los d\u00edas se realizan acciones que transforman la vida de las familias huixquiluquenses.<\/p>\n","protected":false},"excerpt":{"rendered":"<p>Una nueva encuesta realizada entre habitantes de la zona metropolitana del Valle de M\u00e9xico, coloca al presidente municipal de Huixquilucan, Enrique Vargas del Villar, como el de mayor aprobaci\u00f3n en el estado de M\u00e9xico y cuarto a nivel nacional, hecho que sin duda obliga a redoblar el trabajo para que las familias del municipio eleven su calidad de vida.<\/p>\n","protected":false},"author":3,"featured_media":460621,"comment_status":"open","ping_status":"open","sticky":false,"template":"","format":"standard","meta":{"_monsterinsights_skip_tracking":false,"_monsterinsights_sitenote_active":false,"_monsterinsights_sitenote_note":"","_monsterinsights_sitenote_category":0,"footnotes":""},"categories":[5],"tags":[12040,64617,47218,43675,1097],"class_list":["post-460500","post","type-post","status-publish","format-standard","has-post-thumbnail","hentry","category-estado-de-mexico","tag-alcalde","tag-aprobacion","tag-enrique-vargas-del-villar","tag-estado-de-mexico","tag-huixquilucan"],"_links":{"self":[{"href":"https:\/\/www.diarioimagen.net\/index.php?rest_route=\/wp\/v2\/posts\/460500","targetHints":{"allow":["GET"]}}],"collection":[{"href":"https:\/\/www.diarioimagen.net\/index.php?rest_route=\/wp\/v2\/posts"}],"about":[{"href":"https:\/\/www.diarioimagen.net\/index.php?rest_route=\/wp\/v2\/types\/post"}],"author":[{"embeddable":true,"href":"https:\/\/www.diarioimagen.net\/index.php?rest_route=\/wp\/v2\/users\/3"}],"replies":[{"embeddable":true,"href":"https:\/\/www.diarioimagen.net\/index.php?rest_route=%2Fwp%2Fv2%2Fcomments&post=460500"}],"version-history":[{"count":0,"href":"https:\/\/www.diarioimagen.net\/index.php?rest_route=\/wp\/v2\/posts\/460500\/revisions"}],"wp:featuredmedia":[{"embeddable":true,"href":"https:\/\/www.diarioimagen.net\/index.php?rest_route=\/wp\/v2\/media\/460621"}],"wp:attachment":[{"href":"https:\/\/www.diarioimagen.net\/index.php?rest_route=%2Fwp%2Fv2%2Fmedia&parent=460500"}],"wp:term":[{"taxonomy":"category","embeddable":true,"href":"https:\/\/www.diarioimagen.net\/index.php?rest_route=%2Fwp%2Fv2%2Fcategories&post=460500"},{"taxonomy":"post_tag","embeddable":true,"href":"https:\/\/www.diarioimagen.net\/index.php?rest_route=%2Fwp%2Fv2%2Ftags&post=460500"}],"curies":[{"name":"wp","href":"https:\/\/api.w.org\/{rel}","templated":true}]}}