{"id":460502,"date":"2020-02-19T00:04:22","date_gmt":"2020-02-19T06:04:22","guid":{"rendered":"https:\/\/www.diarioimagen.net\/?p=460502"},"modified":"2020-02-19T04:35:07","modified_gmt":"2020-02-19T10:35:07","slug":"atizapan-celebra-el-campeonato-estatal-de-lima-lama-tamaiti-2020","status":"publish","type":"post","link":"https:\/\/www.diarioimagen.net\/?p=460502","title":{"rendered":"Atizap\u00e1n celebra el \u201cCampeonato Estatal de Lima Lama Tamaiti 2020\u201d"},"content":{"rendered":"<ul>\n<li><strong><em>Participaron 550 atletas de 25 municipios<\/em><\/strong><\/li>\n<\/ul>\n<p>&nbsp;<\/p>\n<div id=\"attachment_460627\" style=\"width: 470px\" class=\"wp-caption aligncenter\"><a href=\"https:\/\/www.diarioimagen.net\/?attachment_id=460627\" rel=\"attachment wp-att-460627\"><img loading=\"lazy\" decoding=\"async\" aria-describedby=\"caption-attachment-460627\" class=\"size-large wp-image-460627\" src=\"https:\/\/www.diarioimagen.net\/wp-content\/uploads\/2020\/02\/ATIZAPAN-OK-460x259.jpg\" alt=\"\" width=\"460\" height=\"259\" srcset=\"https:\/\/www.diarioimagen.net\/wp-content\/uploads\/2020\/02\/ATIZAPAN-OK-460x259.jpg 460w, https:\/\/www.diarioimagen.net\/wp-content\/uploads\/2020\/02\/ATIZAPAN-OK-240x135.jpg 240w, https:\/\/www.diarioimagen.net\/wp-content\/uploads\/2020\/02\/ATIZAPAN-OK-235x132.jpg 235w, https:\/\/www.diarioimagen.net\/wp-content\/uploads\/2020\/02\/ATIZAPAN-OK-202x114.jpg 202w, https:\/\/www.diarioimagen.net\/wp-content\/uploads\/2020\/02\/ATIZAPAN-OK-350x196.jpg 350w, https:\/\/www.diarioimagen.net\/wp-content\/uploads\/2020\/02\/ATIZAPAN-OK-220x123.jpg 220w, https:\/\/www.diarioimagen.net\/wp-content\/uploads\/2020\/02\/ATIZAPAN-OK-237x132.jpg 237w, https:\/\/www.diarioimagen.net\/wp-content\/uploads\/2020\/02\/ATIZAPAN-OK.jpg 480w\" sizes=\"auto, (max-width: 460px) 100vw, 460px\" \/><\/a><p id=\"caption-attachment-460627\" class=\"wp-caption-text\">Participaron 550 atletas de 25 municipios mexiquenses en el \u201cCampeonato Estatal de Lima Lama Tamaiti 2020\u201d, celebrado\u00a0en Atizap\u00e1n.<\/p><\/div>\n<p>&nbsp;<\/p>\n<p><strong>Atizap\u00e1n, Estado de M\u00e9xico<\/strong>.- Alrededor de 550 atletas de 25 municipios mexiquenses participaron en el \u201cCampeonato Estatal de Lima Lama Tamaiti 2020\u201d, disciplina marcial que sirve de entrenamiento y defensa ante situaciones vulnerables.<\/p>\n<p>El gobierno de Atizap\u00e1n de Zaragoza y la Asociaci\u00f3n de Lima Lama del Estado de M\u00e9xico encabezaron la justa deportiva donde peque\u00f1os y adultos mostraron sus habilidades en las pruebas de combate.<\/p>\n<p>Las competiciones se llevaron a cabo en el Gimnasio Soraya Jim\u00e9nez del Deportivo Ana G. Guevara, en las categor\u00edas individual y por equipos, y fueron selectivas para el Campeonato Nacional de Lima Lama que se celebrar\u00e1 en mayo pr\u00f3ximo en Tamaulipas.<\/p>\n<p>En nombre de la alcaldesa Ruth Olvera Nieto, el director de Bienestar, Miguel \u00c1ngel Vel\u00e1zquez, felicit\u00f3 a los asistentes por el entusiasmo y disciplina en la pr\u00e1ctica del lima lama, que adem\u00e1s de ense\u00f1ar diversas formas de autoprotecci\u00f3n, fomenta la honestidad y el respeto.<\/p>\n<p>Apunt\u00f3 que la administraci\u00f3n municipal seguir\u00e1 trabajando en el fomento de la cultura, el deporte y las artes, pues son herramienta esencial para disminuir la violencia. Por ello, el funcionario destac\u00f3 que esta acci\u00f3n responde al Programa Municipal de Prevenci\u00f3n Social de la Violencia y la Delincuencia (PROPREV) que emprende el gobierno de Ruth Olvera.<\/p>\n<p>Las premiaciones estuvieron presididas por el S\u00edndico Municipal Isaac S\u00e1nchez; el regidor Celso Dom\u00ednguez; el presidente de la Asociaci\u00f3n de Lima Lama; el Subdirector del Deporte municipal Alfredo D\u00e1vila; y el Jefe del Departamento de Formaci\u00f3n y Capacitaci\u00f3n de la Direcci\u00f3n General de Cultura F\u00edsica y Deporte del Estado de M\u00e9xico, Abel L\u00f3pez D\u00edaz.<\/p>\n","protected":false},"excerpt":{"rendered":"<p>Alrededor de 550 atletas de 25 municipios mexiquenses participaron en el \u201cCampeonato Estatal de Lima Lama Tamaiti 2020\u201d, disciplina marcial que sirve de entrenamiento y defensa ante situaciones vulnerables.<\/p>\n","protected":false},"author":3,"featured_media":460627,"comment_status":"open","ping_status":"open","sticky":false,"template":"","format":"standard","meta":{"_monsterinsights_skip_tracking":false,"_monsterinsights_sitenote_active":false,"_monsterinsights_sitenote_note":"","_monsterinsights_sitenote_category":0,"footnotes":""},"categories":[5],"tags":[969,74893,43675,90186],"class_list":["post-460502","post","type-post","status-publish","format-standard","has-post-thumbnail","hentry","category-estado-de-mexico","tag-atizapan","tag-campeonato","tag-estado-de-mexico","tag-lima-lama"],"_links":{"self":[{"href":"https:\/\/www.diarioimagen.net\/index.php?rest_route=\/wp\/v2\/posts\/460502","targetHints":{"allow":["GET"]}}],"collection":[{"href":"https:\/\/www.diarioimagen.net\/index.php?rest_route=\/wp\/v2\/posts"}],"about":[{"href":"https:\/\/www.diarioimagen.net\/index.php?rest_route=\/wp\/v2\/types\/post"}],"author":[{"embeddable":true,"href":"https:\/\/www.diarioimagen.net\/index.php?rest_route=\/wp\/v2\/users\/3"}],"replies":[{"embeddable":true,"href":"https:\/\/www.diarioimagen.net\/index.php?rest_route=%2Fwp%2Fv2%2Fcomments&post=460502"}],"version-history":[{"count":0,"href":"https:\/\/www.diarioimagen.net\/index.php?rest_route=\/wp\/v2\/posts\/460502\/revisions"}],"wp:featuredmedia":[{"embeddable":true,"href":"https:\/\/www.diarioimagen.net\/index.php?rest_route=\/wp\/v2\/media\/460627"}],"wp:attachment":[{"href":"https:\/\/www.diarioimagen.net\/index.php?rest_route=%2Fwp%2Fv2%2Fmedia&parent=460502"}],"wp:term":[{"taxonomy":"category","embeddable":true,"href":"https:\/\/www.diarioimagen.net\/index.php?rest_route=%2Fwp%2Fv2%2Fcategories&post=460502"},{"taxonomy":"post_tag","embeddable":true,"href":"https:\/\/www.diarioimagen.net\/index.php?rest_route=%2Fwp%2Fv2%2Ftags&post=460502"}],"curies":[{"name":"wp","href":"https:\/\/api.w.org\/{rel}","templated":true}]}}