{"id":460519,"date":"2020-02-19T00:03:46","date_gmt":"2020-02-19T06:03:46","guid":{"rendered":"https:\/\/www.diarioimagen.net\/?p=460519"},"modified":"2020-02-19T03:39:48","modified_gmt":"2020-02-19T09:39:48","slug":"sepultan-a-la-menor-tras-misa-de-cuerpo-presente","status":"publish","type":"post","link":"https:\/\/www.diarioimagen.net\/?p=460519","title":{"rendered":"Sepultan a la menor, tras misa de cuerpo presente"},"content":{"rendered":"<p><a href=\"https:\/\/www.diarioimagen.net\/?attachment_id=460588\" rel=\"attachment wp-att-460588\"><img loading=\"lazy\" decoding=\"async\" class=\"aligncenter size-large wp-image-460588\" src=\"https:\/\/www.diarioimagen.net\/wp-content\/uploads\/2020\/02\/SEPELIO19-460x259.jpg\" alt=\"\" width=\"460\" height=\"259\" srcset=\"https:\/\/www.diarioimagen.net\/wp-content\/uploads\/2020\/02\/SEPELIO19-460x259.jpg 460w, https:\/\/www.diarioimagen.net\/wp-content\/uploads\/2020\/02\/SEPELIO19-240x135.jpg 240w, https:\/\/www.diarioimagen.net\/wp-content\/uploads\/2020\/02\/SEPELIO19-235x132.jpg 235w, https:\/\/www.diarioimagen.net\/wp-content\/uploads\/2020\/02\/SEPELIO19-202x114.jpg 202w, https:\/\/www.diarioimagen.net\/wp-content\/uploads\/2020\/02\/SEPELIO19-350x196.jpg 350w, https:\/\/www.diarioimagen.net\/wp-content\/uploads\/2020\/02\/SEPELIO19-220x123.jpg 220w, https:\/\/www.diarioimagen.net\/wp-content\/uploads\/2020\/02\/SEPELIO19-237x132.jpg 237w, https:\/\/www.diarioimagen.net\/wp-content\/uploads\/2020\/02\/SEPELIO19.jpg 480w\" sizes=\"auto, (max-width: 460px) 100vw, 460px\" \/><\/a><\/p>\n<p>&nbsp;<\/p>\n<p>Alrededor de las 13:00 horas del martes inici\u00f3 la ceremonia de cuerpo presente de la ni\u00f1a de siete a\u00f1os de edad, F\u00e1tima Cecilia, quien fue reportada como desaparecida el pasado 11 de febrero y luego su cuerpo fue hallado en los l\u00edmites de las alcald\u00edas Tl\u00e1huac y Xochimilco.<\/p>\n<p>Entre l\u00e1grimas y cantos religiosos, m\u00e1s de un centenar de vecinos, amigos y familiares de la menor, acudieron a la misa. Despu\u00e9s de la celebraci\u00f3n religiosa, se llev\u00f3 acabo el sepelio de la peque\u00f1a en el pante\u00f3n de San Sebasti\u00e1n Tulyehualco.<\/p>\n","protected":false},"excerpt":{"rendered":"<p>Alrededor de las 13:00 horas del martes inici\u00f3 la ceremonia de cuerpo presente de la ni\u00f1a de siete a\u00f1os de edad, F\u00e1tima Cecilia, quien fue reportada como desaparecida el pasado 11 de febrero y luego su cuerpo fue hallado en los l\u00edmites de las alcald\u00edas Tl\u00e1huac y Xochimilco.<\/p>\n","protected":false},"author":3,"featured_media":460588,"comment_status":"open","ping_status":"open","sticky":false,"template":"","format":"standard","meta":{"_monsterinsights_skip_tracking":false,"_monsterinsights_sitenote_active":false,"_monsterinsights_sitenote_note":"","_monsterinsights_sitenote_category":0,"footnotes":""},"categories":[7],"tags":[90190,43677,84680,17520],"class_list":["post-460519","post","type-post","status-publish","format-standard","has-post-thumbnail","hentry","category-seguridad","tag-fatiima","tag-seguridad","tag-sepultan","tag-tragedia"],"_links":{"self":[{"href":"https:\/\/www.diarioimagen.net\/index.php?rest_route=\/wp\/v2\/posts\/460519","targetHints":{"allow":["GET"]}}],"collection":[{"href":"https:\/\/www.diarioimagen.net\/index.php?rest_route=\/wp\/v2\/posts"}],"about":[{"href":"https:\/\/www.diarioimagen.net\/index.php?rest_route=\/wp\/v2\/types\/post"}],"author":[{"embeddable":true,"href":"https:\/\/www.diarioimagen.net\/index.php?rest_route=\/wp\/v2\/users\/3"}],"replies":[{"embeddable":true,"href":"https:\/\/www.diarioimagen.net\/index.php?rest_route=%2Fwp%2Fv2%2Fcomments&post=460519"}],"version-history":[{"count":0,"href":"https:\/\/www.diarioimagen.net\/index.php?rest_route=\/wp\/v2\/posts\/460519\/revisions"}],"wp:featuredmedia":[{"embeddable":true,"href":"https:\/\/www.diarioimagen.net\/index.php?rest_route=\/wp\/v2\/media\/460588"}],"wp:attachment":[{"href":"https:\/\/www.diarioimagen.net\/index.php?rest_route=%2Fwp%2Fv2%2Fmedia&parent=460519"}],"wp:term":[{"taxonomy":"category","embeddable":true,"href":"https:\/\/www.diarioimagen.net\/index.php?rest_route=%2Fwp%2Fv2%2Fcategories&post=460519"},{"taxonomy":"post_tag","embeddable":true,"href":"https:\/\/www.diarioimagen.net\/index.php?rest_route=%2Fwp%2Fv2%2Ftags&post=460519"}],"curies":[{"name":"wp","href":"https:\/\/api.w.org\/{rel}","templated":true}]}}