{"id":460524,"date":"2020-02-19T00:05:22","date_gmt":"2020-02-19T06:05:22","guid":{"rendered":"https:\/\/www.diarioimagen.net\/?p=460524"},"modified":"2020-02-19T04:18:02","modified_gmt":"2020-02-19T10:18:02","slug":"lopez-obrador-a-favor-de-crear-fiscalia-para-atender-feminicidios","status":"publish","type":"post","link":"https:\/\/www.diarioimagen.net\/?p=460524","title":{"rendered":"L\u00f3pez Obrador, a favor de crear fiscal\u00eda para atender feminicidios"},"content":{"rendered":"<ul>\n<li><em><strong>Reitera el Presidente que ya no hay impunidad<\/strong><\/em><\/li>\n<li><em><strong>El asesinato de mujeres, reflejo de un \u201cr\u00e9gimen de injusticias y privilegios\u201d<\/strong><\/em><\/li>\n<\/ul>\n<p>&nbsp;<\/p>\n<p><a href=\"https:\/\/www.diarioimagen.net\/?attachment_id=460609\" rel=\"attachment wp-att-460609\"><img loading=\"lazy\" decoding=\"async\" class=\"aligncenter size-large wp-image-460609\" src=\"https:\/\/www.diarioimagen.net\/wp-content\/uploads\/2020\/02\/MUJERES19-460x259.jpg\" alt=\"\" width=\"460\" height=\"259\" srcset=\"https:\/\/www.diarioimagen.net\/wp-content\/uploads\/2020\/02\/MUJERES19-460x259.jpg 460w, https:\/\/www.diarioimagen.net\/wp-content\/uploads\/2020\/02\/MUJERES19-240x135.jpg 240w, https:\/\/www.diarioimagen.net\/wp-content\/uploads\/2020\/02\/MUJERES19-235x132.jpg 235w, https:\/\/www.diarioimagen.net\/wp-content\/uploads\/2020\/02\/MUJERES19-202x114.jpg 202w, https:\/\/www.diarioimagen.net\/wp-content\/uploads\/2020\/02\/MUJERES19-350x196.jpg 350w, https:\/\/www.diarioimagen.net\/wp-content\/uploads\/2020\/02\/MUJERES19-220x123.jpg 220w, https:\/\/www.diarioimagen.net\/wp-content\/uploads\/2020\/02\/MUJERES19-237x132.jpg 237w, https:\/\/www.diarioimagen.net\/wp-content\/uploads\/2020\/02\/MUJERES19.jpg 480w\" sizes=\"auto, (max-width: 460px) 100vw, 460px\" \/><\/a><\/p>\n<p>&nbsp;<\/p>\n<p>El presidente Andr\u00e9s Manuel L\u00f3pez Obrador asegur\u00f3 que s\u00ed ayuda a resolver el tema de los asesinatos de mujeres en el pa\u00eds y que, \u00e9l est\u00e1 a favor de que se cree una fiscal\u00eda especializada para atender los feminicidios.<\/p>\n<p>Al ser cuestionado sobre este tema en su conferencia de prensa, el mandatario federal indic\u00f3 que s\u00ed apoyar\u00eda una de las demandas en las que han insistido diversas organizaciones de mujeres. Mientras, afuera de Palacio Nacional, colectivas feministas se manifestaban en contra de la violencia de g\u00e9nero y los feminicidios.<\/p>\n<p>\u201c\u00bfEstar\u00eda usted por la creaci\u00f3n de una fiscal\u00eda especializada para atender el feminicidio?\u201d, se le pregunt\u00f3 y \u00e9l respondi\u00f3: \u201cS\u00ed, tambi\u00e9n, todo lo que haga falta, claro que s\u00ed. Eso corresponde a los congresos estatales, el Congreso federal, corresponde a los gobiernos de los estados, a la Fiscal\u00eda General de la Rep\u00fablica. Yo lo veo muy bien y todo lo que se haga para conseguir la paz y la tranquilidad, lo vemos bien. Vamos a seguir ayudando en todo\u201d.<\/p>\n<p>L\u00f3pez Obrador dijo que actualmente ya no hay impunidad pues quien comete un delito es castigado; adem\u00e1s de que quienes realizan protestas tienen todas las garant\u00edas para hacerlo. Asegur\u00f3 que en su administraci\u00f3n se atienden las causas que generan los feminicidios, por lo que consider\u00f3 que en la medida que haya una sociedad m\u00e1s justa, igualitaria, fraterna y con valores se enfrentar\u00e1n los retos.<\/p>\n<p>\u201cQue haya amor al pr\u00f3jimo, que haya mucho cari\u00f1o, que no haya odios; as\u00ed vamos a ir enfrentando todos los desaf\u00edos, todos los retos. Es que tenemos que ir cambiando y ya inici\u00f3 la transformaci\u00f3n, y todos estamos haciendo un esfuerzo, nada m\u00e1s que se solap\u00f3 por mucho tiempo la corrupci\u00f3n y problema que se soslaya, estalla\u201d, refiri\u00f3. Para el titular del Ejecutivo Federal el problema de los delitos, entre ellos el asesinato de mujeres, es el reflejo, de un pasado \u201cr\u00e9gimen corrupto de injusticias y privilegios\u201d.<\/p>\n<p>Ante las manifestaciones y exigencias de mujeres, el mandatario llam\u00f3 a que realicen sus movilizaciones de manera pac\u00edfica.<\/p>\n<p>\u201cYo entiendo que son cuestiones muy graves, nosotros enfrentamos un r\u00e9gimen que desaparec\u00eda a personas, un r\u00e9gimen que desgraci\u00f3 a muchos y nunca rompimos un vidrio; o sea, es posible protestar sin violencia, la no violencia es una opci\u00f3n (\u2026) creo que no se puede enfrentar la violencia con la violencia\u201d, dijo.<\/p>\n<p>Tambi\u00e9n indic\u00f3 que, desde el Gobierno de la Ciudad de M\u00e9xico, su titular Claudia Sheinbaum, atiende de manera personal el caso de la menor asesinada de nombre F\u00e1tima, cuyo cuerpo fue encontrado el fin de semana en los l\u00edmites de las alcald\u00edas de Tl\u00e1huac y Xochimilco. \u201cClaudia Sheinbaum est\u00e1 atendiendo esto de manera personal, lo mismo la fiscal, Ernestina Godoy, y son casos muy lamentables, no lo deseamos y estamos trabajando para que esto no suceda. Estamos atendiendo las causas para tener una sociedad mejor, para que se fortalezcan los valores, para que haya bienestar material y bienestar del alma. Entonces s\u00ed estamos trabajando\u201d, sostuvo.<\/p>\n","protected":false},"excerpt":{"rendered":"<p>El presidente Andr\u00e9s Manuel L\u00f3pez Obrador asegur\u00f3 que s\u00ed ayuda a resolver el tema de los asesinatos de mujeres en el pa\u00eds y que, \u00e9l est\u00e1 a favor de que se cree una fiscal\u00eda especializada para atender los feminicidios.<\/p>\n","protected":false},"author":3,"featured_media":460609,"comment_status":"open","ping_status":"open","sticky":false,"template":"","format":"standard","meta":{"_monsterinsights_skip_tracking":false,"_monsterinsights_sitenote_active":false,"_monsterinsights_sitenote_note":"","_monsterinsights_sitenote_category":0,"footnotes":""},"categories":[3],"tags":[2545,83612,13143,66320],"class_list":["post-460524","post","type-post","status-publish","format-standard","has-post-thumbnail","hentry","category-nacional","tag-amlo","tag-crear","tag-feminicidios","tag-fiscalia"],"_links":{"self":[{"href":"https:\/\/www.diarioimagen.net\/index.php?rest_route=\/wp\/v2\/posts\/460524","targetHints":{"allow":["GET"]}}],"collection":[{"href":"https:\/\/www.diarioimagen.net\/index.php?rest_route=\/wp\/v2\/posts"}],"about":[{"href":"https:\/\/www.diarioimagen.net\/index.php?rest_route=\/wp\/v2\/types\/post"}],"author":[{"embeddable":true,"href":"https:\/\/www.diarioimagen.net\/index.php?rest_route=\/wp\/v2\/users\/3"}],"replies":[{"embeddable":true,"href":"https:\/\/www.diarioimagen.net\/index.php?rest_route=%2Fwp%2Fv2%2Fcomments&post=460524"}],"version-history":[{"count":0,"href":"https:\/\/www.diarioimagen.net\/index.php?rest_route=\/wp\/v2\/posts\/460524\/revisions"}],"wp:featuredmedia":[{"embeddable":true,"href":"https:\/\/www.diarioimagen.net\/index.php?rest_route=\/wp\/v2\/media\/460609"}],"wp:attachment":[{"href":"https:\/\/www.diarioimagen.net\/index.php?rest_route=%2Fwp%2Fv2%2Fmedia&parent=460524"}],"wp:term":[{"taxonomy":"category","embeddable":true,"href":"https:\/\/www.diarioimagen.net\/index.php?rest_route=%2Fwp%2Fv2%2Fcategories&post=460524"},{"taxonomy":"post_tag","embeddable":true,"href":"https:\/\/www.diarioimagen.net\/index.php?rest_route=%2Fwp%2Fv2%2Ftags&post=460524"}],"curies":[{"name":"wp","href":"https:\/\/api.w.org\/{rel}","templated":true}]}}