{"id":460629,"date":"2020-02-20T00:03:43","date_gmt":"2020-02-20T06:03:43","guid":{"rendered":"https:\/\/www.diarioimagen.net\/?p=460629"},"modified":"2020-02-20T00:28:40","modified_gmt":"2020-02-20T06:28:40","slug":"agradece-amlo-a-militares-apoyo-a-la-cuarta-transformacion","status":"publish","type":"post","link":"https:\/\/www.diarioimagen.net\/?p=460629","title":{"rendered":"Agradece a militares apoyo a la Cuarta Transformaci\u00f3n"},"content":{"rendered":"<ul>\n<li><em><strong>Ceremonia conmemorativa por el D\u00eda del Ej\u00e9rcito Mexicano<\/strong><\/em><\/li>\n<\/ul>\n<p>&nbsp;<\/p>\n<div id=\"attachment_460631\" style=\"width: 470px\" class=\"wp-caption aligncenter\"><img loading=\"lazy\" decoding=\"async\" aria-describedby=\"caption-attachment-460631\" class=\"wp-image-460631 size-large\" src=\"https:\/\/www.diarioimagen.net\/wp-content\/uploads\/2020\/02\/EJERCITO20ok-PORTAL-460x268.png\" alt=\"\" width=\"460\" height=\"268\" srcset=\"https:\/\/www.diarioimagen.net\/wp-content\/uploads\/2020\/02\/EJERCITO20ok-PORTAL-460x268.png 460w, https:\/\/www.diarioimagen.net\/wp-content\/uploads\/2020\/02\/EJERCITO20ok-PORTAL-240x140.png 240w, https:\/\/www.diarioimagen.net\/wp-content\/uploads\/2020\/02\/EJERCITO20ok-PORTAL.png 480w\" sizes=\"auto, (max-width: 460px) 100vw, 460px\" \/><p id=\"caption-attachment-460631\" class=\"wp-caption-text\">Andr\u00e9s Manuel L\u00f3pez Obrador agradeci\u00f3 al Ej\u00e9rcito Mexicano por estar con la Cuarta Transformaci\u00f3n.<\/p><\/div>\n<p>&nbsp;<\/p>\n<p>El presidente Andr\u00e9s Manuel L\u00f3pez Obrador agradeci\u00f3 al Ej\u00e9rcito Mexicano por estar con la Cuarta Transformaci\u00f3n, pues afirm\u00f3 que su gobieno ha recibido entrega plena para acabar con el c\u00e1ncer de la corrupci\u00f3n y garantizar la paz en el pa\u00eds.<\/p>\n<p>Durante la ceremonia conmemorativa por el D\u00eda del Ej\u00e9rcito Mexicano, el mandatario federal tambi\u00e9n dio las gracias a las Fuerzas Armadas del pa\u00eds \u201cpor no escuchar el canto de las sirenas y dar la espalda a la traici\u00f3n y el golpismo\u201d.<\/p>\n<p>\u201cManifiesto en este Z\u00f3calo las gracias a los integrantes de la Guardia Nacional por su gran apoyo a las tareas de seguridad p\u00fablica con respeto a los derechos humanos\u201d, expres\u00f3 el mandatario federal.<\/p>\n<p>Tambi\u00e9n agradeci\u00f3 \u201ca los ingenieros militares por la construcci\u00f3n de cuarteles y del aeropuerto Felipe \u00c1ngeles. A soldados y oficiales que han producido nueve millones de plantas en Viveros para el programa Sembrando Vida\u201d.<\/p>\n<p>Adem\u00e1s, L\u00f3pez Obrador reconoci\u00f3 a los m\u00e9dicos y enfermeras, a los militares de la representaciones art\u00edsticas y dem\u00e1s integrantes de las Fuerzas Armadas por no olvidar su origen revolucionario y defender la Constituci\u00f3n y la democracia.<\/p>\n<p>\u201cDoy gracias al general Luis Crescencio Sandoval (titular de la Secretar\u00eda de la Defensa Nacional) por leal e incorruptible, y al secretario de la Marina, Jos\u00e9 Rafael Ojeda Dur\u00e1n\u201d, dijo.<\/p>\n<p>El jefe del Ejecutivo afirm\u00f3 que el Ej\u00e9rcito es confiable y sirve a la Patria, \u201cno es una corporaci\u00f3n elitista ha conservado su car\u00e1cter popular. Los de mayor rango no son millonarios ni forman parte de la oligarqu\u00eda como en otros pa\u00edses\u201d.<\/p>\n<p>Como \u00fanico orador tambi\u00e9n mencion\u00f3 los programas de auxilio a la poblaci\u00f3n, \u201csus oficiales supieron vincular a la tropa a\u00fan m\u00e1s al pueblo de donde provienen con los programas de auxilio a la poblaci\u00f3n como el Plan DN-III E, que el pueblo respeta, quiere, admira al Ej\u00e9rcito Mexicano\u201d, asegur\u00f3.<\/p>\n<p style=\"text-align: center;\"><strong>Llegar\u00e1 el juicio hist\u00f3rico<\/strong><\/p>\n<p>En su alocuci\u00f3n en la Plaza de la Constituci\u00f3n, el jefe del Ejecutivo federal habl\u00f3 del juicio hist\u00f3rico que habr\u00e1n de enfrentar las figuras del gobierno y el Ej\u00e9rcito.<\/p>\n<p>\u201cEn el juicio hist\u00f3rico que llegar\u00e1 a cada instituci\u00f3n, el Ej\u00e9rcito lleva las de ganar con todos sus tropiezos muchos de los cuales fueron originados por sus comandantes. Su historia est\u00e1 llena de claroscuros, fundado por Carranza, y otros defensores de la legalidad democr\u00e1tica, es el Ej\u00e9rcito de L\u00e1zaro C\u00e1rdenas, de Heriberto Jara, del 68 y de la fallida guerra contra el narcotr\u00e1fico\u201d, rememor\u00f3.<\/p>\n<p>Record\u00f3 el pasaje hist\u00f3rico con el cual se le concedi\u00f3 a Venustiano Carranza poderes plenos para crear un Ej\u00e9rcito que restituyera el orden constitucional, desconociendo a Victoriano Huerta.<\/p>\n<p>\u201cAs\u00ed naci\u00f3 el Ej\u00e9rcito Mexicano, el primero en rebelarse contra el cuartelazo fue Venustiano Carranza, mientras que gobernadores y muchos maderistas optaron por el silencio y la traici\u00f3n\u201d, expuso el Presidente.<\/p>\n<p>Asever\u00f3 que el Ej\u00e9rcito surgi\u00f3 en circunstancias excepcionales que definieron su apego a la verdad, su civilismo y al pueblo de M\u00e9xico. Antes del mensaje presidencial se proyect\u00f3 un video con un mensaje al Ej\u00e9rcito de parte del pueblo de M\u00e9xico, que cierra con una felicitaci\u00f3n del presidente.<\/p>\n","protected":false},"excerpt":{"rendered":"<p>El presidente Andr\u00e9s Manuel L\u00f3pez Obrador agradeci\u00f3 al Ej\u00e9rcito Mexicano por estar con la Cuarta Transformaci\u00f3n, pues afirm\u00f3 que su gobieno ha recibido entrega plena para acabar con el c\u00e1ncer de la corrupci\u00f3n y garantizar la paz en el pa\u00eds.<\/p>\n","protected":false},"author":5,"featured_media":460631,"comment_status":"open","ping_status":"open","sticky":false,"template":"","format":"standard","meta":{"_monsterinsights_skip_tracking":false,"_monsterinsights_sitenote_active":false,"_monsterinsights_sitenote_note":"","_monsterinsights_sitenote_category":0,"footnotes":""},"categories":[3],"tags":[2545,1352,2701,83593,90192,11288,43673],"class_list":["post-460629","post","type-post","status-publish","format-standard","has-post-thumbnail","hentry","category-nacional","tag-amlo","tag-andres-manuel-lopez-obrador","tag-apoyo","tag-cuarta-transformacion","tag-dia-del-ejercito-mexicano","tag-militares","tag-nacional"],"_links":{"self":[{"href":"https:\/\/www.diarioimagen.net\/index.php?rest_route=\/wp\/v2\/posts\/460629","targetHints":{"allow":["GET"]}}],"collection":[{"href":"https:\/\/www.diarioimagen.net\/index.php?rest_route=\/wp\/v2\/posts"}],"about":[{"href":"https:\/\/www.diarioimagen.net\/index.php?rest_route=\/wp\/v2\/types\/post"}],"author":[{"embeddable":true,"href":"https:\/\/www.diarioimagen.net\/index.php?rest_route=\/wp\/v2\/users\/5"}],"replies":[{"embeddable":true,"href":"https:\/\/www.diarioimagen.net\/index.php?rest_route=%2Fwp%2Fv2%2Fcomments&post=460629"}],"version-history":[{"count":0,"href":"https:\/\/www.diarioimagen.net\/index.php?rest_route=\/wp\/v2\/posts\/460629\/revisions"}],"wp:featuredmedia":[{"embeddable":true,"href":"https:\/\/www.diarioimagen.net\/index.php?rest_route=\/wp\/v2\/media\/460631"}],"wp:attachment":[{"href":"https:\/\/www.diarioimagen.net\/index.php?rest_route=%2Fwp%2Fv2%2Fmedia&parent=460629"}],"wp:term":[{"taxonomy":"category","embeddable":true,"href":"https:\/\/www.diarioimagen.net\/index.php?rest_route=%2Fwp%2Fv2%2Fcategories&post=460629"},{"taxonomy":"post_tag","embeddable":true,"href":"https:\/\/www.diarioimagen.net\/index.php?rest_route=%2Fwp%2Fv2%2Ftags&post=460629"}],"curies":[{"name":"wp","href":"https:\/\/api.w.org\/{rel}","templated":true}]}}