{"id":460706,"date":"2020-02-20T00:01:45","date_gmt":"2020-02-20T06:01:45","guid":{"rendered":"https:\/\/www.diarioimagen.net\/?p=460706"},"modified":"2020-02-20T04:42:37","modified_gmt":"2020-02-20T10:42:37","slug":"en-cuautitlan-deportistas-llevaran-sonrisas-a-ninos-en-su-dia","status":"publish","type":"post","link":"https:\/\/www.diarioimagen.net\/?p=460706","title":{"rendered":"En Cuautitl\u00e1n,\u00a0deportistas llevar\u00e1n sonrisas a ni\u00f1os en su d\u00eda"},"content":{"rendered":"<p><a href=\"https:\/\/www.diarioimagen.net\/?attachment_id=460761\" rel=\"attachment wp-att-460761\"><img loading=\"lazy\" decoding=\"async\" class=\"aligncenter size-large wp-image-460761\" src=\"https:\/\/www.diarioimagen.net\/wp-content\/uploads\/2020\/02\/CUAUTITL\u00c1N-5-460x259.jpg\" alt=\"\" width=\"460\" height=\"259\" srcset=\"https:\/\/www.diarioimagen.net\/wp-content\/uploads\/2020\/02\/CUAUTITL\u00c1N-5-460x259.jpg 460w, https:\/\/www.diarioimagen.net\/wp-content\/uploads\/2020\/02\/CUAUTITL\u00c1N-5-240x135.jpg 240w, https:\/\/www.diarioimagen.net\/wp-content\/uploads\/2020\/02\/CUAUTITL\u00c1N-5-235x132.jpg 235w, https:\/\/www.diarioimagen.net\/wp-content\/uploads\/2020\/02\/CUAUTITL\u00c1N-5-202x114.jpg 202w, https:\/\/www.diarioimagen.net\/wp-content\/uploads\/2020\/02\/CUAUTITL\u00c1N-5-350x196.jpg 350w, https:\/\/www.diarioimagen.net\/wp-content\/uploads\/2020\/02\/CUAUTITL\u00c1N-5-220x123.jpg 220w, https:\/\/www.diarioimagen.net\/wp-content\/uploads\/2020\/02\/CUAUTITL\u00c1N-5-237x132.jpg 237w, https:\/\/www.diarioimagen.net\/wp-content\/uploads\/2020\/02\/CUAUTITL\u00c1N-5.jpg 480w\" sizes=\"auto, (max-width: 460px) 100vw, 460px\" \/><\/a><\/p>\n<p>&nbsp;<\/p>\n<p><strong>Cuautitl\u00e1n, Estado de M\u00e9xico.<\/strong><strong>&#8211;<\/strong> Llevar una felicidad a los ni\u00f1os de Cuautitl\u00e1n es el mejor motivo que para que deportistas y p\u00fablico en general contribuyan a la 1er Campa\u00f1a \u201cDeporte Regalando una Sonrisa\u201d para ni\u00f1os en condici\u00f3n vulnerable, destac\u00f3 el presidente municipal Ariel Ju\u00e1rez Rodr\u00edguez, durante el corte inaugural del programa.<\/p>\n<p>Esta es la primera campa\u00f1a de recolecci\u00f3n de juguetes que se realiza en el municipio entre la comunidad deportiva y el gobierno local, que tiene el firme objetivo de recaudar 500 juguetes y entregarlos el D\u00eda del Ni\u00f1o, en la comunidad de La Tabla y como invitados los peque\u00f1os de La Laguna y El Machero, agreg\u00f3 Ju\u00e1rez Rodr\u00edguez.<\/p>\n","protected":false},"excerpt":{"rendered":"<p>Llevar una felicidad a los ni\u00f1os de Cuautitl\u00e1n es el mejor motivo que para que deportistas y p\u00fablico en general contribuyan a la 1er Campa\u00f1a \u201cDeporte Regalando una Sonrisa\u201d para ni\u00f1os en condici\u00f3n vulnerable, destac\u00f3 el presidente municipal Ariel Ju\u00e1rez Rodr\u00edguez, durante el corte inaugural del programa.<\/p>\n","protected":false},"author":3,"featured_media":460761,"comment_status":"open","ping_status":"open","sticky":false,"template":"","format":"standard","meta":{"_monsterinsights_skip_tracking":false,"_monsterinsights_sitenote_active":false,"_monsterinsights_sitenote_note":"","_monsterinsights_sitenote_category":0,"footnotes":""},"categories":[5],"tags":[681,5817,43675],"class_list":["post-460706","post","type-post","status-publish","format-standard","has-post-thumbnail","hentry","category-estado-de-mexico","tag-cuautitlan","tag-dia-del-nino","tag-estado-de-mexico"],"_links":{"self":[{"href":"https:\/\/www.diarioimagen.net\/index.php?rest_route=\/wp\/v2\/posts\/460706","targetHints":{"allow":["GET"]}}],"collection":[{"href":"https:\/\/www.diarioimagen.net\/index.php?rest_route=\/wp\/v2\/posts"}],"about":[{"href":"https:\/\/www.diarioimagen.net\/index.php?rest_route=\/wp\/v2\/types\/post"}],"author":[{"embeddable":true,"href":"https:\/\/www.diarioimagen.net\/index.php?rest_route=\/wp\/v2\/users\/3"}],"replies":[{"embeddable":true,"href":"https:\/\/www.diarioimagen.net\/index.php?rest_route=%2Fwp%2Fv2%2Fcomments&post=460706"}],"version-history":[{"count":0,"href":"https:\/\/www.diarioimagen.net\/index.php?rest_route=\/wp\/v2\/posts\/460706\/revisions"}],"wp:featuredmedia":[{"embeddable":true,"href":"https:\/\/www.diarioimagen.net\/index.php?rest_route=\/wp\/v2\/media\/460761"}],"wp:attachment":[{"href":"https:\/\/www.diarioimagen.net\/index.php?rest_route=%2Fwp%2Fv2%2Fmedia&parent=460706"}],"wp:term":[{"taxonomy":"category","embeddable":true,"href":"https:\/\/www.diarioimagen.net\/index.php?rest_route=%2Fwp%2Fv2%2Fcategories&post=460706"},{"taxonomy":"post_tag","embeddable":true,"href":"https:\/\/www.diarioimagen.net\/index.php?rest_route=%2Fwp%2Fv2%2Ftags&post=460706"}],"curies":[{"name":"wp","href":"https:\/\/api.w.org\/{rel}","templated":true}]}}