{"id":460709,"date":"2020-02-20T00:03:53","date_gmt":"2020-02-20T06:03:53","guid":{"rendered":"https:\/\/www.diarioimagen.net\/?p=460709"},"modified":"2020-02-20T04:44:25","modified_gmt":"2020-02-20T10:44:25","slug":"es-necesario-seguir-apoyando-a-los-que-menos-tienen-david-parra-sanchez","status":"publish","type":"post","link":"https:\/\/www.diarioimagen.net\/?p=460709","title":{"rendered":"Es necesario seguir apoyando a los que menos tienen: David Parra S\u00e1nchez"},"content":{"rendered":"<ul>\n<li><strong><em>Llamado del l\u00edder social en Naucalpan<\/em><\/strong><\/li>\n<\/ul>\n<p>&nbsp;<\/p>\n<div id=\"attachment_460764\" style=\"width: 470px\" class=\"wp-caption aligncenter\"><a href=\"https:\/\/www.diarioimagen.net\/?attachment_id=460764\" rel=\"attachment wp-att-460764\"><img loading=\"lazy\" decoding=\"async\" aria-describedby=\"caption-attachment-460764\" class=\"size-large wp-image-460764\" src=\"https:\/\/www.diarioimagen.net\/wp-content\/uploads\/2020\/02\/NAUCALPAN--460x259.jpg\" alt=\"\" width=\"460\" height=\"259\" srcset=\"https:\/\/www.diarioimagen.net\/wp-content\/uploads\/2020\/02\/NAUCALPAN--460x259.jpg 460w, https:\/\/www.diarioimagen.net\/wp-content\/uploads\/2020\/02\/NAUCALPAN--240x135.jpg 240w, https:\/\/www.diarioimagen.net\/wp-content\/uploads\/2020\/02\/NAUCALPAN--235x132.jpg 235w, https:\/\/www.diarioimagen.net\/wp-content\/uploads\/2020\/02\/NAUCALPAN--202x114.jpg 202w, https:\/\/www.diarioimagen.net\/wp-content\/uploads\/2020\/02\/NAUCALPAN--350x196.jpg 350w, https:\/\/www.diarioimagen.net\/wp-content\/uploads\/2020\/02\/NAUCALPAN--220x123.jpg 220w, https:\/\/www.diarioimagen.net\/wp-content\/uploads\/2020\/02\/NAUCALPAN--237x132.jpg 237w, https:\/\/www.diarioimagen.net\/wp-content\/uploads\/2020\/02\/NAUCALPAN-.jpg 480w\" sizes=\"auto, (max-width: 460px) 100vw, 460px\" \/><\/a><p id=\"caption-attachment-460764\" class=\"wp-caption-text\">David Parra S\u00e1nchez asisti\u00f3 como invitado de honor a una reuni\u00f3n con diversos empresarios de la entidad mexiquense, en d\u00f3nde hizo un llamado a seguir apoyando a los que menos tienen.<\/p><\/div>\n<p>&nbsp;<\/p>\n<p><strong>Naucalpan, Estado de M\u00e9xico<\/strong>. &#8211; Como sociedad debemos de trabajar todos los d\u00edas para garantizar paz, armon\u00eda y tranquilidad al pueblo de M\u00e9xico y en ello tienen mucho que ver los empresarios, pues al garantizar empleo, habr\u00e1 estabilidad econ\u00f3mica en las familias no s\u00f3lo del estado de M\u00e9xico, si no del pa\u00eds entero.<\/p>\n<p>Destac\u00f3 lo anterior el l\u00edder social, David Parra S\u00e1nchez al asistir como invitado de honor a una reuni\u00f3n con diversos empresarios de la entidad mexiquense, en d\u00f3nde hizo un llamado a seguir apoyando a los que menos tienen.<\/p>\n<p>El tambi\u00e9n asesor del Sindicato \u00danico de Trabajadores del Estado y sus Municipios (SUTEyM), expres\u00f3 que \u201ctrabajando juntos y en equipo vamos a construir el M\u00e9xico de todos queremos\u201d.<\/p>\n<p>Por otra parte, el tambi\u00e9n asesor de la CONFEPIDER, afirm\u00f3 que en el PRI \u201ctenemos orgullo, tenemos car\u00e1cter, pero tambi\u00e9n exigimos que se se regrese a ver a la militancia de verdad, pues son ellos la fortaleza qu\u00e9 nos llevar\u00e1 a recuperar lo perdido en los pr\u00f3ximos procesos electorales del 2021\u201d, dijo.<\/p>\n<p>David Parra, record\u00f3 que el Revolucionario Institucional del Siglo 20 construy\u00f3 las instituciones en M\u00e9xico, y fortaleci\u00f3 el respeto a los derechos humanos, la divisi\u00f3n de poderes y la democracia. Por eso, convoc\u00f3 a trabajar juntos y en equipo para defender las instituciones de aquellos que las vulneran.<\/p>\n<p>El pol\u00edtico mexiquense, fue claro al destacar que \u201ccomo siempre lo he mencionado, es necesario regresar el tejido social que tanto necesitamos. Hoy los tres \u00f3rdenes de gobierno deben de voltear a ver a las familias m\u00e1s vulnerables no s\u00f3lo del Estado de M\u00e9xico, si no del pa\u00eds entero\u201d.<\/p>\n<p>Finalmente, Parra S\u00e1nchez, reiter\u00f3 que \u201c si trabajamos todos juntos sociedad y gobiernos, no me queda la menor duda que saldremos adelante\u201d, concluy\u00f3.<\/p>\n","protected":false},"excerpt":{"rendered":"<p>Como sociedad debemos de trabajar todos los d\u00edas para garantizar paz, armon\u00eda y tranquilidad al pueblo de M\u00e9xico y en ello tienen mucho que ver los empresarios, pues al garantizar empleo, habr\u00e1 estabilidad econ\u00f3mica en las familias no s\u00f3lo del estado de M\u00e9xico, si no del pa\u00eds entero.<\/p>\n","protected":false},"author":3,"featured_media":460764,"comment_status":"open","ping_status":"open","sticky":false,"template":"","format":"standard","meta":{"_monsterinsights_skip_tracking":false,"_monsterinsights_sitenote_active":false,"_monsterinsights_sitenote_note":"","_monsterinsights_sitenote_category":0,"footnotes":""},"categories":[5],"tags":[90212,29035,43675,970],"class_list":["post-460709","post","type-post","status-publish","format-standard","has-post-thumbnail","hentry","category-estado-de-mexico","tag-apoyando","tag-david-parra-sanchez","tag-estado-de-mexico","tag-naucalpan"],"_links":{"self":[{"href":"https:\/\/www.diarioimagen.net\/index.php?rest_route=\/wp\/v2\/posts\/460709","targetHints":{"allow":["GET"]}}],"collection":[{"href":"https:\/\/www.diarioimagen.net\/index.php?rest_route=\/wp\/v2\/posts"}],"about":[{"href":"https:\/\/www.diarioimagen.net\/index.php?rest_route=\/wp\/v2\/types\/post"}],"author":[{"embeddable":true,"href":"https:\/\/www.diarioimagen.net\/index.php?rest_route=\/wp\/v2\/users\/3"}],"replies":[{"embeddable":true,"href":"https:\/\/www.diarioimagen.net\/index.php?rest_route=%2Fwp%2Fv2%2Fcomments&post=460709"}],"version-history":[{"count":0,"href":"https:\/\/www.diarioimagen.net\/index.php?rest_route=\/wp\/v2\/posts\/460709\/revisions"}],"wp:featuredmedia":[{"embeddable":true,"href":"https:\/\/www.diarioimagen.net\/index.php?rest_route=\/wp\/v2\/media\/460764"}],"wp:attachment":[{"href":"https:\/\/www.diarioimagen.net\/index.php?rest_route=%2Fwp%2Fv2%2Fmedia&parent=460709"}],"wp:term":[{"taxonomy":"category","embeddable":true,"href":"https:\/\/www.diarioimagen.net\/index.php?rest_route=%2Fwp%2Fv2%2Fcategories&post=460709"},{"taxonomy":"post_tag","embeddable":true,"href":"https:\/\/www.diarioimagen.net\/index.php?rest_route=%2Fwp%2Fv2%2Ftags&post=460709"}],"curies":[{"name":"wp","href":"https:\/\/api.w.org\/{rel}","templated":true}]}}