{"id":460711,"date":"2020-02-20T00:02:11","date_gmt":"2020-02-20T06:02:11","guid":{"rendered":"https:\/\/www.diarioimagen.net\/?p=460711"},"modified":"2020-02-20T05:06:46","modified_gmt":"2020-02-20T11:06:46","slug":"tultepec-reitera-su-compromiso-con-la-educacion-continua-mejora-de-planteles","status":"publish","type":"post","link":"https:\/\/www.diarioimagen.net\/?p=460711","title":{"rendered":"Tultepec reitera su compromiso con la educaci\u00f3n; contin\u00faa mejora de planteles"},"content":{"rendered":"<ul>\n<li><strong><em>De todos los niveles<\/em><\/strong><\/li>\n<\/ul>\n<p>&nbsp;<\/p>\n<div id=\"attachment_460786\" style=\"width: 470px\" class=\"wp-caption aligncenter\"><a href=\"https:\/\/www.diarioimagen.net\/?attachment_id=460786\" rel=\"attachment wp-att-460786\"><img loading=\"lazy\" decoding=\"async\" aria-describedby=\"caption-attachment-460786\" class=\"size-large wp-image-460786\" src=\"https:\/\/www.diarioimagen.net\/wp-content\/uploads\/2020\/02\/TULTEPEC-2-460x259.jpg\" alt=\"\" width=\"460\" height=\"259\" srcset=\"https:\/\/www.diarioimagen.net\/wp-content\/uploads\/2020\/02\/TULTEPEC-2-460x259.jpg 460w, https:\/\/www.diarioimagen.net\/wp-content\/uploads\/2020\/02\/TULTEPEC-2-240x135.jpg 240w, https:\/\/www.diarioimagen.net\/wp-content\/uploads\/2020\/02\/TULTEPEC-2-235x132.jpg 235w, https:\/\/www.diarioimagen.net\/wp-content\/uploads\/2020\/02\/TULTEPEC-2-202x114.jpg 202w, https:\/\/www.diarioimagen.net\/wp-content\/uploads\/2020\/02\/TULTEPEC-2-350x196.jpg 350w, https:\/\/www.diarioimagen.net\/wp-content\/uploads\/2020\/02\/TULTEPEC-2-220x123.jpg 220w, https:\/\/www.diarioimagen.net\/wp-content\/uploads\/2020\/02\/TULTEPEC-2-237x132.jpg 237w, https:\/\/www.diarioimagen.net\/wp-content\/uploads\/2020\/02\/TULTEPEC-2.jpg 480w\" sizes=\"auto, (max-width: 460px) 100vw, 460px\" \/><\/a><p id=\"caption-attachment-460786\" class=\"wp-caption-text\">Oscar Ram\u00edrez Peralta, director de Obras P\u00fablicas, se\u00f1al\u00f3 que por instrucciones del alcalde Armando Portuguez Fuentes, se contin\u00faa trabajando para realizar mejoras en planteles educativos.<\/p><\/div>\n<p>&nbsp;<\/p>\n<p><strong>Tultepec, Estado de M\u00e9xico<\/strong>.- \u00a0El H. Ayuntamiento 2019-2021 reitera su compromiso con la educaci\u00f3n al invertir m\u00e1s de 4.5 millones de pesos en diversas acciones para mejorar las condiciones en los planteles educativos de todos los niveles a lo largo y ancho del territorio municipal.<\/p>\n<p>As\u00ed lo inform\u00f3 Oscar Ram\u00edrez Peralta, director de Obras P\u00fablicas, quien se\u00f1al\u00f3 que en cumplimiento a uno m\u00e1s de los compromisos del alcalde Armando Portuguez Fuentes, se contin\u00faa trabajando arduamente para realizar mejoras en planteles de todos los niveles acad\u00e9micos.<\/p>\n<p>\u201cConvencidos de que mejorar la infraestructura educativa es un factor indispensable para la implementaci\u00f3n de pol\u00edticas p\u00fablicas encaminadas a reducir las condiciones de marginalidad, cada uno de los integrantes del Cabildo emitieron su voto a favor para destinar los recursos necesarios en la realizaci\u00f3n de estas obras\u201d, dijo.<\/p>\n<p>Tal es el caso de la Escuela Secundaria Oficial Bicentenario de la Independencia de M\u00e9xico, ubicada en el fraccionamiento Hacienda del Jard\u00edn II, donde se construyen palapas y jardineras; el jard\u00edn de ni\u00f1os, Ni\u00f1os H\u00e9roes, en San Antonio Xahuento, donde se impermeabilizaron aulas; en tanto que en la escuela Secundaria Pablo Latap\u00ed Sarre, en el fraccionamiento Real de Tultepec, se contribuye para la construcci\u00f3n de m\u00f3dulos de sanitarios.<\/p>\n<p>De igual forma en el Jard\u00edn de Ni\u00f1os Agripin Garc\u00eda Estrada, en Real de Tultepec, se impermeabilizaron un par de edificios; en la Escuela Primaria Antonio Caso, en el mismo fraccionamiento, se construye un m\u00f3dulo de escaleras; en la Escuela Secundaria Juan Rulfo, de CTM, se construyeron palapas y un m\u00f3dulo de escaleras; en la Escuela Primaria Nezahualc\u00f3yotl, de la colonia Xacopinca, se construye un aula de medios y en la Escuela Preparatoria Oficial (EPO) 31, se apoy\u00f3 con la terminaci\u00f3n de la techumbre del auditorio.<\/p>\n<p>En la Escuela Primaria Jaime Torres Bodet, del fraccionamiento Hacienda del Jard\u00edn II, se construye un m\u00f3dulo de ba\u00f1os; en el Jard\u00edn de Ni\u00f1os Gilberto Fabila, de colonia El Mirador, se construye un Sal\u00f3n de Usos M\u00faltiples; en el Jard\u00edn de Ni\u00f1os Diego Rivera, en la 10 de Junio, se aplic\u00f3 pintura en la barda perimetral y en la Escuela Primaria Paulo Freire, de la colonia San Pablito, se reconstruye la explanada c\u00edvica.<\/p>\n<p>En tanto que en la Escuela Preparatoria Oficial (EPO)181, se realiz\u00f3 la impermeabilizaci\u00f3n de un edificio; en la Escuela Primaria Ignacio Manuel Altamirano, se realiza el reforzamiento e impermeabilizaci\u00f3n de un par de aulas; en la escuela camilo Jos\u00e9 Cela, se aplic\u00f3 pintura en un par de aulas y se corrigieron detalles de impermeabilizaci\u00f3n; entre otras obras en m\u00e1s planteles.<\/p>\n<p>Oscar Ram\u00edrez Peralta, director de Obras P\u00fablicas, afirm\u00f3 que esta es clara muestra de que se sigue coadyuvando para mantener los planteles educativos en \u00f3ptimas condiciones en todo el municipio. \u201cEste a\u00f1o no ser\u00e1 la excepci\u00f3n, ya se proyectan m\u00e1s trabajos para garantizar las condiciones de funcionalidad dentro de las escuelas a las posibilidades actuales, refrendando as\u00ed el compromiso con la educaci\u00f3n\u201d.<\/p>\n","protected":false},"excerpt":{"rendered":"<p>El H. Ayuntamiento 2019-2021 reitera su compromiso con la educaci\u00f3n al invertir m\u00e1s de 4.5 millones de pesos en diversas acciones para mejorar las condiciones en los planteles educativos de todos los niveles a lo largo y ancho del territorio municipal.<\/p>\n","protected":false},"author":3,"featured_media":460786,"comment_status":"open","ping_status":"open","sticky":false,"template":"","format":"standard","meta":{"_monsterinsights_skip_tracking":false,"_monsterinsights_sitenote_active":false,"_monsterinsights_sitenote_note":"","_monsterinsights_sitenote_category":0,"footnotes":""},"categories":[5],"tags":[90213,43694,43675,50014,3802],"class_list":["post-460711","post","type-post","status-publish","format-standard","has-post-thumbnail","hentry","category-estado-de-mexico","tag-compromsio","tag-educacion","tag-estado-de-mexico","tag-planteles","tag-tultepec"],"_links":{"self":[{"href":"https:\/\/www.diarioimagen.net\/index.php?rest_route=\/wp\/v2\/posts\/460711","targetHints":{"allow":["GET"]}}],"collection":[{"href":"https:\/\/www.diarioimagen.net\/index.php?rest_route=\/wp\/v2\/posts"}],"about":[{"href":"https:\/\/www.diarioimagen.net\/index.php?rest_route=\/wp\/v2\/types\/post"}],"author":[{"embeddable":true,"href":"https:\/\/www.diarioimagen.net\/index.php?rest_route=\/wp\/v2\/users\/3"}],"replies":[{"embeddable":true,"href":"https:\/\/www.diarioimagen.net\/index.php?rest_route=%2Fwp%2Fv2%2Fcomments&post=460711"}],"version-history":[{"count":0,"href":"https:\/\/www.diarioimagen.net\/index.php?rest_route=\/wp\/v2\/posts\/460711\/revisions"}],"wp:featuredmedia":[{"embeddable":true,"href":"https:\/\/www.diarioimagen.net\/index.php?rest_route=\/wp\/v2\/media\/460786"}],"wp:attachment":[{"href":"https:\/\/www.diarioimagen.net\/index.php?rest_route=%2Fwp%2Fv2%2Fmedia&parent=460711"}],"wp:term":[{"taxonomy":"category","embeddable":true,"href":"https:\/\/www.diarioimagen.net\/index.php?rest_route=%2Fwp%2Fv2%2Fcategories&post=460711"},{"taxonomy":"post_tag","embeddable":true,"href":"https:\/\/www.diarioimagen.net\/index.php?rest_route=%2Fwp%2Fv2%2Ftags&post=460711"}],"curies":[{"name":"wp","href":"https:\/\/api.w.org\/{rel}","templated":true}]}}