{"id":460717,"date":"2020-02-20T00:05:12","date_gmt":"2020-02-20T06:05:12","guid":{"rendered":"https:\/\/www.diarioimagen.net\/?p=460717"},"modified":"2020-02-20T04:48:31","modified_gmt":"2020-02-20T10:48:31","slug":"giovana-y-mario-salian-poco-el-tomaba-y-fumaba-mariguana","status":"publish","type":"post","link":"https:\/\/www.diarioimagen.net\/?p=460717","title":{"rendered":"Giovana y Mario sal\u00edan poco; \u00e9l tomaba y fumaba mariguana"},"content":{"rendered":"<p><a href=\"https:\/\/www.diarioimagen.net\/?attachment_id=460770\" rel=\"attachment wp-att-460770\"><img loading=\"lazy\" decoding=\"async\" class=\"aligncenter size-large wp-image-460770\" src=\"https:\/\/www.diarioimagen.net\/wp-content\/uploads\/2020\/02\/PAREJA20-460x259.jpg\" alt=\"\" width=\"460\" height=\"259\" srcset=\"https:\/\/www.diarioimagen.net\/wp-content\/uploads\/2020\/02\/PAREJA20-460x259.jpg 460w, https:\/\/www.diarioimagen.net\/wp-content\/uploads\/2020\/02\/PAREJA20-240x135.jpg 240w, https:\/\/www.diarioimagen.net\/wp-content\/uploads\/2020\/02\/PAREJA20-235x132.jpg 235w, https:\/\/www.diarioimagen.net\/wp-content\/uploads\/2020\/02\/PAREJA20-202x114.jpg 202w, https:\/\/www.diarioimagen.net\/wp-content\/uploads\/2020\/02\/PAREJA20-350x196.jpg 350w, https:\/\/www.diarioimagen.net\/wp-content\/uploads\/2020\/02\/PAREJA20-220x123.jpg 220w, https:\/\/www.diarioimagen.net\/wp-content\/uploads\/2020\/02\/PAREJA20-237x132.jpg 237w, https:\/\/www.diarioimagen.net\/wp-content\/uploads\/2020\/02\/PAREJA20.jpg 480w\" sizes=\"auto, (max-width: 460px) 100vw, 460px\" \/><\/a><\/p>\n<p>&nbsp;<\/p>\n<p>Giovana y Mario viv\u00edan desde hace m\u00e1s de un a\u00f1o en la calle de San Felipe de Jes\u00fas de la misma colonia en Tulyehualco, en la llamada \u201cRinconada de los Michoacanos\u201d.<\/p>\n<p>Ella es ama de casa que poco se le ve\u00eda en la calle y \u00e9l mototaxista del barrio de San Sebasti\u00e1n, que frecuentemente tomaba cerveza y fumaba mariguana a las afueras de su casa, seg\u00fan testimonios de sus vecinos.<\/p>\n<p>\u201cEl chavo era muy tranquilo, si le gustaba tomar, pero no ofend\u00eda a nadie. Rara la vez que sal\u00eda a la tienda, no eran de calle\u201d, relat\u00f3 Ismael Herrej\u00f3n Herrej\u00f3n, quien es primo del casero donde viv\u00eda la pareja.Otro de los vecinos de la pareja, de nombre Federico, asegura que la se\u00f1ora tiene alrededor de 35 a\u00f1os de edad y que tiene dos ni\u00f1os peque\u00f1os, que incluso iban al k\u00ednder donde van sus nietos.<\/p>\n<p>Mario es nativo del pueblo de Tulyehualco, creci\u00f3 a cuadra y media de donde estuvo secuestrada F\u00e1tima, ah\u00ed se encuentra la casa de su madre y su abuela.<\/p>\n<p>Petra, la abuela de Mario, se dice sorprendida y dice que su nieto es \u201cindependiente\u201d y que casi nunca lo ve\u00eda.<\/p>\n<p>Pienso que estuvo mal (lo que hizo) porque todos tenemos hijos e hijas, por lo tanto, deber\u00edamos haber pensado antes de hacer las cosas, en eso en que tenemos familiares.<\/p>\n<p>Como abuela me duele mucho, porque de alguna manera lleva tambi\u00e9n mi sangre, si me preocupa much\u00edsimo porque andamos expuestos en la calle a todo\u201d, coment\u00f3 esta mujer que se dedica a la costura y quien tambi\u00e9n desconoce los motivos del porqu\u00e9 su nieto y su pareja participaron en el crimen.<\/p>\n","protected":false},"excerpt":{"rendered":"<p>Giovana y Mario viv\u00edan desde hace m\u00e1s de un a\u00f1o en la calle de San Felipe de Jes\u00fas de la misma colonia en Tulyehualco, en la llamada \u201cRinconada de los Michoacanos\u201d.<\/p>\n","protected":false},"author":3,"featured_media":460770,"comment_status":"open","ping_status":"open","sticky":false,"template":"","format":"standard","meta":{"_monsterinsights_skip_tracking":false,"_monsterinsights_sitenote_active":false,"_monsterinsights_sitenote_note":"","_monsterinsights_sitenote_category":0,"footnotes":""},"categories":[7],"tags":[204,6465,43673,90217,43677],"class_list":["post-460717","post","type-post","status-publish","format-standard","has-post-thumbnail","hentry","category-seguridad","tag-ciudad-de-mexico","tag-crimen","tag-nacional","tag-rinconada-de-los-michoacanos","tag-seguridad"],"_links":{"self":[{"href":"https:\/\/www.diarioimagen.net\/index.php?rest_route=\/wp\/v2\/posts\/460717","targetHints":{"allow":["GET"]}}],"collection":[{"href":"https:\/\/www.diarioimagen.net\/index.php?rest_route=\/wp\/v2\/posts"}],"about":[{"href":"https:\/\/www.diarioimagen.net\/index.php?rest_route=\/wp\/v2\/types\/post"}],"author":[{"embeddable":true,"href":"https:\/\/www.diarioimagen.net\/index.php?rest_route=\/wp\/v2\/users\/3"}],"replies":[{"embeddable":true,"href":"https:\/\/www.diarioimagen.net\/index.php?rest_route=%2Fwp%2Fv2%2Fcomments&post=460717"}],"version-history":[{"count":0,"href":"https:\/\/www.diarioimagen.net\/index.php?rest_route=\/wp\/v2\/posts\/460717\/revisions"}],"wp:featuredmedia":[{"embeddable":true,"href":"https:\/\/www.diarioimagen.net\/index.php?rest_route=\/wp\/v2\/media\/460770"}],"wp:attachment":[{"href":"https:\/\/www.diarioimagen.net\/index.php?rest_route=%2Fwp%2Fv2%2Fmedia&parent=460717"}],"wp:term":[{"taxonomy":"category","embeddable":true,"href":"https:\/\/www.diarioimagen.net\/index.php?rest_route=%2Fwp%2Fv2%2Fcategories&post=460717"},{"taxonomy":"post_tag","embeddable":true,"href":"https:\/\/www.diarioimagen.net\/index.php?rest_route=%2Fwp%2Fv2%2Ftags&post=460717"}],"curies":[{"name":"wp","href":"https:\/\/api.w.org\/{rel}","templated":true}]}}