{"id":460725,"date":"2020-02-20T00:05:57","date_gmt":"2020-02-20T06:05:57","guid":{"rendered":"https:\/\/www.diarioimagen.net\/?p=460725"},"modified":"2020-02-20T05:00:29","modified_gmt":"2020-02-20T11:00:29","slug":"no-habra-mas-desalojos-por-adeudos-al-infonavit-amlo","status":"publish","type":"post","link":"https:\/\/www.diarioimagen.net\/?p=460725","title":{"rendered":"No habr\u00e1 m\u00e1s desalojos por adeudos al Infonavit: AMLO"},"content":{"rendered":"<ul>\n<li><em><strong>\u201cSe cancelaron todos los procesos\u201d<\/strong><\/em><\/li>\n<li><em><strong>Garantiza nuevamente abasto de medicamentos en hospitales del pa\u00eds<\/strong><\/em><\/li>\n<\/ul>\n<p>&nbsp;<\/p>\n<p><a href=\"https:\/\/www.diarioimagen.net\/?attachment_id=460772\" rel=\"attachment wp-att-460772\"><img loading=\"lazy\" decoding=\"async\" class=\"aligncenter size-large wp-image-460772\" src=\"https:\/\/www.diarioimagen.net\/wp-content\/uploads\/2020\/02\/INFONAVIT20-460x259.jpg\" alt=\"\" width=\"460\" height=\"259\" srcset=\"https:\/\/www.diarioimagen.net\/wp-content\/uploads\/2020\/02\/INFONAVIT20-460x259.jpg 460w, https:\/\/www.diarioimagen.net\/wp-content\/uploads\/2020\/02\/INFONAVIT20-240x135.jpg 240w, https:\/\/www.diarioimagen.net\/wp-content\/uploads\/2020\/02\/INFONAVIT20-235x132.jpg 235w, https:\/\/www.diarioimagen.net\/wp-content\/uploads\/2020\/02\/INFONAVIT20-202x114.jpg 202w, https:\/\/www.diarioimagen.net\/wp-content\/uploads\/2020\/02\/INFONAVIT20-350x196.jpg 350w, https:\/\/www.diarioimagen.net\/wp-content\/uploads\/2020\/02\/INFONAVIT20-220x123.jpg 220w, https:\/\/www.diarioimagen.net\/wp-content\/uploads\/2020\/02\/INFONAVIT20-237x132.jpg 237w, https:\/\/www.diarioimagen.net\/wp-content\/uploads\/2020\/02\/INFONAVIT20.jpg 480w\" sizes=\"auto, (max-width: 460px) 100vw, 460px\" \/><\/a><\/p>\n<p>&nbsp;<\/p>\n<p>El presidente Andr\u00e9s Manuel L\u00f3pez Obrador indic\u00f3 que el Instituto del Fondo Nacional de la Vivienda para los Trabajadores (Infonavit) cancel\u00f3 el proceso de desalojo de los trabajadores que tengan adeudos en el pago de su cr\u00e9dito.<\/p>\n<p>Incluso, durante su conferencia de prensa de este mi\u00e9rcoles, el mandatario federal sugiri\u00f3: \u201cLa gente que escuche por el tel\u00e9fono: \u2018si no paga los van a desalojar\u2019, pues que cuelgue\u201d, y asever\u00f3 que \u201cse cancel\u00f3 todo el proceso de desalojo, vamos a que se termine\u201d.<\/p>\n<p>\u201cDecirles que sobre esto \u00faltimo se est\u00e1 actuando porque despojaron a miles de trabajadores en el gobierno anterior, por despachos que manejaban la cartera del Infonavit, incluso hay investigaciones abiertas, hay gente detenida por esos abusos, vamos a limpiar\u201d, dijo.<\/p>\n<p>Asimismo, L\u00f3pez Obrador record\u00f3 que el Instituto cuenta con tres programas: uno sobre la reestructuraci\u00f3n de los cr\u00e9ditos, otro sobre el derecho de los trabajadores que hayan pagado el 90 por ciento de su cr\u00e9dito y finalmente la cancelaci\u00f3n de desalojos.<\/p>\n<p style=\"text-align: center;\"><strong>Garantiza abasto de medicamentos en el pa\u00eds<\/strong><\/p>\n<p>El Presidente garantiz\u00f3 el abasto de medicamentos en los diferentes hospitales del pa\u00eds y asever\u00f3 que los f\u00e1rmacos se han comprado tanto en el pa\u00eds como en el extranjero.<\/p>\n<p>\u201cNo van a faltar los medicamentos, hab\u00eda una situaci\u00f3n anormal en el abasto, monopolios de empresas que eran las que abastec\u00edan a precios elevados y por corrupci\u00f3n, entonces ya se est\u00e1 atendiendo este asunto que es importante, nosotros vamos a mejorar todo el sistema de salud p\u00fablica\u201d, reafirm\u00f3. L\u00f3pez Obrador indic\u00f3 que existe una resistencia pol\u00edtica al cambio, en la que participan algunos l\u00edderes de partidos pol\u00edticos, sin embargo, \u201cya hay abasto y no va a faltar, vamos a resolver por completo el problema\u201d, sostuvo.<\/p>\n<p>El mandatario federal asegur\u00f3 que tras la reuni\u00f3n entre el gabinete de Salud y el gabinete de Seguridad, constat\u00f3 que hubo compra de medicinas. \u201cNos hemos dado de plazo para mejorar el d\u00eda 1 de diciembre\u201d.<\/p>\n<p>Respecto a las protestas realizadas por padres de ni\u00f1os con c\u00e1ncer, el presidente indic\u00f3 que los medicamentos no van a faltar y menos para menores de edad con este padecimiento.<\/p>\n<p>El martes, despu\u00e9s de cuatro reuniones con autoridades federales para encontrar soluci\u00f3n al desabasto de medicamentos, padres de ni\u00f1os con c\u00e1ncer rompieron la mesa de trabajo que sosten\u00edan con funcionarios de la Secretar\u00eda de Gobernaci\u00f3n, del Insabi y del IMSS.<\/p>\n<p style=\"text-align: center;\"><strong>\u201cDar\u00e1 cuatro informes de gobierno este a\u00f1o\u201d<\/strong><\/p>\n<p>El presidente L\u00f3pez Obrador anunci\u00f3 que realizar\u00e1 cuatro informes de gobierno a lo largo de este a\u00f1o; el primero ser\u00e1 el 5 de abril pr\u00f3ximo para dar a conocer el avance de los programas sociales.<\/p>\n<p>Durante su conferencia de prensa en Palacio Nacional, el jefe del Ejecutivo federal inform\u00f3 que los otros informes al pueblo los dar\u00e1 el 1 de julio, el 1 de septiembre y el 1 de diciembre, repitiendo el esquema de 2019. \u201cEl 5 de abril voy a informar; el primero de julio, voy a informar; el 1 de septiembre y el 1 de diciembre, como fue el a\u00f1o pasado, y ah\u00ed les doy a conocer cifras de todos estos programas\u201d, indic\u00f3 L\u00f3pez Obrador.<\/p>\n<p>Este mi\u00e9rcoles, L\u00f3pez Obrador conmemorar\u00e1 el D\u00eda del Ej\u00e9rcito Nacional en un evento en el Z\u00f3calo de la Ciudad de M\u00e9xico, y por la tarde en la Ciudadela donde se le rendir\u00e1 homenaje a Gustavo A. Madero.<\/p>\n","protected":false},"excerpt":{"rendered":"<p>El presidente Andr\u00e9s Manuel L\u00f3pez Obrador indic\u00f3 que el Instituto del Fondo Nacional de la Vivienda para los Trabajadores (Infonavit) cancel\u00f3 el proceso de desalojo de los trabajadores que tengan adeudos en el pago de su cr\u00e9dito.<\/p>\n","protected":false},"author":3,"featured_media":460772,"comment_status":"open","ping_status":"open","sticky":false,"template":"","format":"standard","meta":{"_monsterinsights_skip_tracking":false,"_monsterinsights_sitenote_active":false,"_monsterinsights_sitenote_note":"","_monsterinsights_sitenote_category":0,"footnotes":""},"categories":[3],"tags":[90218,2545,90219,2851,43673],"class_list":["post-460725","post","type-post","status-publish","format-standard","has-post-thumbnail","hentry","category-nacional","tag-adeudos","tag-amlo","tag-desalojos","tag-infonavit","tag-nacional"],"_links":{"self":[{"href":"https:\/\/www.diarioimagen.net\/index.php?rest_route=\/wp\/v2\/posts\/460725","targetHints":{"allow":["GET"]}}],"collection":[{"href":"https:\/\/www.diarioimagen.net\/index.php?rest_route=\/wp\/v2\/posts"}],"about":[{"href":"https:\/\/www.diarioimagen.net\/index.php?rest_route=\/wp\/v2\/types\/post"}],"author":[{"embeddable":true,"href":"https:\/\/www.diarioimagen.net\/index.php?rest_route=\/wp\/v2\/users\/3"}],"replies":[{"embeddable":true,"href":"https:\/\/www.diarioimagen.net\/index.php?rest_route=%2Fwp%2Fv2%2Fcomments&post=460725"}],"version-history":[{"count":0,"href":"https:\/\/www.diarioimagen.net\/index.php?rest_route=\/wp\/v2\/posts\/460725\/revisions"}],"wp:featuredmedia":[{"embeddable":true,"href":"https:\/\/www.diarioimagen.net\/index.php?rest_route=\/wp\/v2\/media\/460772"}],"wp:attachment":[{"href":"https:\/\/www.diarioimagen.net\/index.php?rest_route=%2Fwp%2Fv2%2Fmedia&parent=460725"}],"wp:term":[{"taxonomy":"category","embeddable":true,"href":"https:\/\/www.diarioimagen.net\/index.php?rest_route=%2Fwp%2Fv2%2Fcategories&post=460725"},{"taxonomy":"post_tag","embeddable":true,"href":"https:\/\/www.diarioimagen.net\/index.php?rest_route=%2Fwp%2Fv2%2Ftags&post=460725"}],"curies":[{"name":"wp","href":"https:\/\/api.w.org\/{rel}","templated":true}]}}