{"id":460727,"date":"2020-02-20T00:06:33","date_gmt":"2020-02-20T06:06:33","guid":{"rendered":"https:\/\/www.diarioimagen.net\/?p=460727"},"modified":"2020-02-20T04:59:08","modified_gmt":"2020-02-20T10:59:08","slug":"invita-difem-a-personas-con-discapacidad-a-pruebas-valpar","status":"publish","type":"post","link":"https:\/\/www.diarioimagen.net\/?p=460727","title":{"rendered":"Invita DIFEM a personas con discapacidad a pruebas Valpar\u00a0"},"content":{"rendered":"<ul>\n<li><em><strong>Para integrarse al campo laboral<\/strong><\/em><\/li>\n<li><em><strong>Realiza en colaboraci\u00f3n con la Secretar\u00eda de Trabajo-Edomex, pruebas de habilidades laborales<\/strong><\/em><\/li>\n<\/ul>\n<p>&nbsp;<\/p>\n<div id=\"attachment_460776\" style=\"width: 470px\" class=\"wp-caption aligncenter\"><a href=\"https:\/\/www.diarioimagen.net\/?attachment_id=460776\" rel=\"attachment wp-att-460776\"><img loading=\"lazy\" decoding=\"async\" aria-describedby=\"caption-attachment-460776\" class=\"size-large wp-image-460776\" src=\"https:\/\/www.diarioimagen.net\/wp-content\/uploads\/2020\/02\/DIFEM-20-460x259.jpg\" alt=\"\" width=\"460\" height=\"259\" srcset=\"https:\/\/www.diarioimagen.net\/wp-content\/uploads\/2020\/02\/DIFEM-20-460x259.jpg 460w, https:\/\/www.diarioimagen.net\/wp-content\/uploads\/2020\/02\/DIFEM-20-240x135.jpg 240w, https:\/\/www.diarioimagen.net\/wp-content\/uploads\/2020\/02\/DIFEM-20-235x132.jpg 235w, https:\/\/www.diarioimagen.net\/wp-content\/uploads\/2020\/02\/DIFEM-20-202x114.jpg 202w, https:\/\/www.diarioimagen.net\/wp-content\/uploads\/2020\/02\/DIFEM-20-350x196.jpg 350w, https:\/\/www.diarioimagen.net\/wp-content\/uploads\/2020\/02\/DIFEM-20-220x123.jpg 220w, https:\/\/www.diarioimagen.net\/wp-content\/uploads\/2020\/02\/DIFEM-20-237x132.jpg 237w, https:\/\/www.diarioimagen.net\/wp-content\/uploads\/2020\/02\/DIFEM-20.jpg 480w\" sizes=\"auto, (max-width: 460px) 100vw, 460px\" \/><\/a><p id=\"caption-attachment-460776\" class=\"wp-caption-text\">Silvia Fern\u00e1ndez Mart\u00ednez, Directora de Atenci\u00f3n a la Discapacidad del DIF Estatal, explic\u00f3 que el Sistema Valpar es un m\u00e9todo para identificar aptitudes, necesidades, habilidades funcionales, logros e intereses de las personas con discapacidad.<\/p><\/div>\n<p>&nbsp;<\/p>\n<p><strong>Toluca<\/strong>.- A fin de promover e impulsar la integraci\u00f3n social de la poblaci\u00f3n con discapacidad, el DIF Estado de M\u00e9xico, presidido por Fernanda Castillo de Del Mazo, en colaboraci\u00f3n con la Secretar\u00eda del Trabajo del Estado de M\u00e9xico, convoca a la poblaci\u00f3n con discapacidad interesada en integrarse al mercado laboral, a realizar las pruebas de aptitudes y habilidades laborales utilizando el Sistema Valpar.<\/p>\n<p>Al respecto, Silvia Fern\u00e1ndez Mart\u00ednez, Directora de Atenci\u00f3n a la Discapacidad del DIF Estatal, explic\u00f3 que el Sistema Valpar es un m\u00e9todo para identificar aptitudes, necesidades, habilidades funcionales, logros e intereses de las personas con discapacidad, a trav\u00e9s de una serie de mecanismos que simulan la ejecuci\u00f3n de actividades laborales en situaciones reales.<\/p>\n<p>Se\u00f1al\u00f3 que, con este motivo, las evaluaciones a trav\u00e9s de este sistema son tomadas en cuenta por empresas y empleadores para la contrataci\u00f3n de personas con discapacidad, que previamente han recibido cursos y capacitaciones para integrarse a un empleo formal.<\/p>\n<p>Asimismo, destac\u00f3 que para Fernanda Castillo de Del Mazo, promover el respeto, la ayuda e integraci\u00f3n de la poblaci\u00f3n con discapacidad, es un tema de vital importancia dentro de la administraci\u00f3n estatal, por lo cual, se generan las alianzas y mecanismos para lograr su inclusi\u00f3n.<\/p>\n<p>La poblaci\u00f3n interesada en realizar dicha evaluaci\u00f3n deber\u00e1 contar con los siguientes requisitos: credencial expedida por el Instituto Nacional Electoral (INE), constancia m\u00e1xima de estudios, comprobante de domicilio, certificado de discapacidad o credencial nacional.<\/p>\n<p>Adem\u00e1s, deber\u00e1 registrarse, previo a la evaluaci\u00f3n, en la Subdirecci\u00f3n de Integraci\u00f3n Social de Personas con Discapacidad, al n\u00famero telef\u00f3nico 722-219-3572 en la extensi\u00f3n 8303.<\/p>\n<p>La evaluaci\u00f3n se realizar\u00e1 los pr\u00f3ximos 20 y 21 de febrero, en el m\u00f3dulo m\u00f3vil que ser\u00e1 instalado en el Centro de Rehabilitaci\u00f3n y Educaci\u00f3n Especial (CREE) Toluca, ubicado en la calle General Felipe \u00c1ngeles S\/N, Colonia Villa Hogar, Toluca, Estado de M\u00e9xico.<\/p>\n","protected":false},"excerpt":{"rendered":"<p>A fin de promover e impulsar la integraci\u00f3n social de la poblaci\u00f3n con discapacidad, el DIF Estado de M\u00e9xico, presidido por Fernanda Castillo de Del Mazo, en colaboraci\u00f3n con la Secretar\u00eda del Trabajo del Estado de M\u00e9xico, convoca a la poblaci\u00f3n con discapacidad interesada en integrarse al mercado laboral, a realizar las pruebas de aptitudes y habilidades laborales utilizando el Sistema Valpar.<\/p>\n","protected":false},"author":3,"featured_media":460776,"comment_status":"open","ping_status":"open","sticky":false,"template":"","format":"standard","meta":{"_monsterinsights_skip_tracking":false,"_monsterinsights_sitenote_active":false,"_monsterinsights_sitenote_note":"","_monsterinsights_sitenote_category":0,"footnotes":""},"categories":[5],"tags":[394,24566,90222,90220,452,90221],"class_list":["post-460727","post","type-post","status-publish","format-standard","has-post-thumbnail","hentry","category-estado-de-mexico","tag-difem","tag-discapacidad","tag-prueba","tag-silvia-fernandez-martinez","tag-toluca","tag-valpar"],"_links":{"self":[{"href":"https:\/\/www.diarioimagen.net\/index.php?rest_route=\/wp\/v2\/posts\/460727","targetHints":{"allow":["GET"]}}],"collection":[{"href":"https:\/\/www.diarioimagen.net\/index.php?rest_route=\/wp\/v2\/posts"}],"about":[{"href":"https:\/\/www.diarioimagen.net\/index.php?rest_route=\/wp\/v2\/types\/post"}],"author":[{"embeddable":true,"href":"https:\/\/www.diarioimagen.net\/index.php?rest_route=\/wp\/v2\/users\/3"}],"replies":[{"embeddable":true,"href":"https:\/\/www.diarioimagen.net\/index.php?rest_route=%2Fwp%2Fv2%2Fcomments&post=460727"}],"version-history":[{"count":0,"href":"https:\/\/www.diarioimagen.net\/index.php?rest_route=\/wp\/v2\/posts\/460727\/revisions"}],"wp:featuredmedia":[{"embeddable":true,"href":"https:\/\/www.diarioimagen.net\/index.php?rest_route=\/wp\/v2\/media\/460776"}],"wp:attachment":[{"href":"https:\/\/www.diarioimagen.net\/index.php?rest_route=%2Fwp%2Fv2%2Fmedia&parent=460727"}],"wp:term":[{"taxonomy":"category","embeddable":true,"href":"https:\/\/www.diarioimagen.net\/index.php?rest_route=%2Fwp%2Fv2%2Fcategories&post=460727"},{"taxonomy":"post_tag","embeddable":true,"href":"https:\/\/www.diarioimagen.net\/index.php?rest_route=%2Fwp%2Fv2%2Ftags&post=460727"}],"curies":[{"name":"wp","href":"https:\/\/api.w.org\/{rel}","templated":true}]}}