{"id":460850,"date":"2020-02-21T00:03:55","date_gmt":"2020-02-21T06:03:55","guid":{"rendered":"https:\/\/www.diarioimagen.net\/?p=460850"},"modified":"2020-02-21T06:40:01","modified_gmt":"2020-02-21T12:40:01","slug":"no-basta-crear-leyes-contra-trabajo-infantil-vayamos-a-la-raiz-dice-armando-navarrete","status":"publish","type":"post","link":"https:\/\/www.diarioimagen.net\/?p=460850","title":{"rendered":"No basta crear leyes contra trabajo infantil, vayamos a la ra\u00edz, dice Armando Navarrete"},"content":{"rendered":"<ul>\n<li><strong><em>Alcalde de Nicol\u00e1s Romero<\/em><\/strong><\/li>\n<\/ul>\n<p>&nbsp;<\/p>\n<div id=\"attachment_460943\" style=\"width: 470px\" class=\"wp-caption aligncenter\"><a href=\"https:\/\/www.diarioimagen.net\/?attachment_id=460943\" rel=\"attachment wp-att-460943\"><img loading=\"lazy\" decoding=\"async\" aria-describedby=\"caption-attachment-460943\" class=\"size-large wp-image-460943\" src=\"https:\/\/www.diarioimagen.net\/wp-content\/uploads\/2020\/02\/NICOL\u00c1S-21-460x259.jpg\" alt=\"\" width=\"460\" height=\"259\" srcset=\"https:\/\/www.diarioimagen.net\/wp-content\/uploads\/2020\/02\/NICOL\u00c1S-21-460x259.jpg 460w, https:\/\/www.diarioimagen.net\/wp-content\/uploads\/2020\/02\/NICOL\u00c1S-21-240x135.jpg 240w, https:\/\/www.diarioimagen.net\/wp-content\/uploads\/2020\/02\/NICOL\u00c1S-21-235x132.jpg 235w, https:\/\/www.diarioimagen.net\/wp-content\/uploads\/2020\/02\/NICOL\u00c1S-21-202x114.jpg 202w, https:\/\/www.diarioimagen.net\/wp-content\/uploads\/2020\/02\/NICOL\u00c1S-21-350x196.jpg 350w, https:\/\/www.diarioimagen.net\/wp-content\/uploads\/2020\/02\/NICOL\u00c1S-21-220x123.jpg 220w, https:\/\/www.diarioimagen.net\/wp-content\/uploads\/2020\/02\/NICOL\u00c1S-21-237x132.jpg 237w, https:\/\/www.diarioimagen.net\/wp-content\/uploads\/2020\/02\/NICOL\u00c1S-21.jpg 480w\" sizes=\"auto, (max-width: 460px) 100vw, 460px\" \/><\/a><p id=\"caption-attachment-460943\" class=\"wp-caption-text\">El edil Armando Navarrete L\u00f3pez acudi\u00f3 a la vig\u00e9sima segunda sesi\u00f3n ordinaria de la Comisi\u00f3n Interinstitucional para la Erradicaci\u00f3n del Trabajo Infantil, realizada en Cuautitl\u00e1n Izcalli.<\/p><\/div>\n<p>&nbsp;<\/p>\n<p><strong>Nicol\u00e1s Romero, Estado de M\u00e9xico<\/strong>.- El alcalde Armando Navarrete L\u00f3pez, fue contundente al se\u00f1alar que no basta con crear leyes para prohibir el trabajo infantil, cuando lo que se necesita es llegar a la ra\u00edz, proporcionando las oportunidades que se requieren para que ni\u00f1as y ni\u00f1os cumplan su misi\u00f3n en la vida.<\/p>\n<p>Al acudir a la vig\u00e9sima segunda sesi\u00f3n ordinaria de la Comisi\u00f3n Interinstitucional para la Erradicaci\u00f3n del Trabajo Infantil, realizada en el vecino municipio de Cuautitl\u00e1n Izcalli, el edil nicol\u00e1sromerense refrend\u00f3 el firme compromiso de su gobierno, para atender este problema social, que, consider\u00f3, es producto de los procesos de empobrecimiento, mismo que complica a los menores ejercer plenamente sus derechos.<\/p>\n<p>Navarrete L\u00f3pez, apunt\u00f3 que esta situaci\u00f3n se traduce en el no acceso a las oportunidades en la educaci\u00f3n y en la salud, pero no afecta solamente a quienes la padecen directamente, sino a la sociedad en su conjunto.<\/p>\n<p>Lament\u00f3 que ni\u00f1as y ni\u00f1os en lugar de disfrutar su infancia y acudir a la escuela, se vean precisados a trabajar para sobrevivir por las precarias condiciones de vida en que se encuentran, por lo que este mal que existe en la sociedad, debe ser eliminado y cada instituci\u00f3n p\u00fablica est\u00e1 obligada a contribuir a ello, haciendo la parte que le corresponde.<\/p>\n<p>\u201cLa soluci\u00f3n depende de que todos trabajemos para que ellos puedan tener acceso al ejercicio a plenitud de sus derechos\u201d, precis\u00f3 el mandatario de Nicol\u00e1s Romero.Dej\u00f3 en claro que revertir el trabajo infantil no ser\u00e1 una tarea f\u00e1cil, \u201cen tanto no logremos detener los procesos de empobrecimiento y atender el problema de la pobreza, pero estoy convencido de que sumando esfuerzos, lo podremos ir revirtiendo.\u201d<\/p>\n<p>Cabe mencionar que durante dicho acto, se acord\u00f3 que Nicol\u00e1s Romero, cuente ya con su respectiva comisi\u00f3n local para erradicar el trabajo infantil, al igual que los municipios de Atizap\u00e1n y Cuautitl\u00e1n Izcalli, por lo que adem\u00e1s, se tom\u00f3 protesta a sus integrantes y se llev\u00f3 a cabo la firma de los convenios en esta materia.<\/p>\n<p>A la vig\u00e9sima segunda sesi\u00f3n ordinaria de la referida instancia, acudieron tambi\u00e9n la alcaldesa de Atizap\u00e1n Ruth Olvera Nieto, el edil izcallense Ricardo N\u00fa\u00f1ez Ayala, la secretaria del Trabajo del gobierno estatal, Martha Hilda Gonz\u00e1lez Calder\u00f3n, quien preside la comisi\u00f3n, al igual que funcionarios de los sistemas DIF de esas demarcaciones, del DIFEM, comandantes de \u00e1reas de Seguridad P\u00fablica, representantes de diversas secretar\u00edas de la administraci\u00f3n mexiquense y dirigentes sindicales.<\/p>\n","protected":false},"excerpt":{"rendered":"<p>El alcalde Armando Navarrete L\u00f3pez, fue contundente al se\u00f1alar que no basta con crear leyes para prohibir el trabajo infantil, cuando lo que se necesita es llegar a la ra\u00edz, proporcionando las oportunidades que se requieren para que ni\u00f1as y ni\u00f1os cumplan su misi\u00f3n en la vida.<\/p>\n","protected":false},"author":3,"featured_media":460943,"comment_status":"open","ping_status":"open","sticky":false,"template":"","format":"standard","meta":{"_monsterinsights_skip_tracking":false,"_monsterinsights_sitenote_active":false,"_monsterinsights_sitenote_note":"","_monsterinsights_sitenote_category":0,"footnotes":""},"categories":[5],"tags":[81431,43675,752,90237],"class_list":["post-460850","post","type-post","status-publish","format-standard","has-post-thumbnail","hentry","category-estado-de-mexico","tag-armando-navarrete-lopez","tag-estado-de-mexico","tag-nicolas-romero","tag-raiz"],"_links":{"self":[{"href":"https:\/\/www.diarioimagen.net\/index.php?rest_route=\/wp\/v2\/posts\/460850","targetHints":{"allow":["GET"]}}],"collection":[{"href":"https:\/\/www.diarioimagen.net\/index.php?rest_route=\/wp\/v2\/posts"}],"about":[{"href":"https:\/\/www.diarioimagen.net\/index.php?rest_route=\/wp\/v2\/types\/post"}],"author":[{"embeddable":true,"href":"https:\/\/www.diarioimagen.net\/index.php?rest_route=\/wp\/v2\/users\/3"}],"replies":[{"embeddable":true,"href":"https:\/\/www.diarioimagen.net\/index.php?rest_route=%2Fwp%2Fv2%2Fcomments&post=460850"}],"version-history":[{"count":0,"href":"https:\/\/www.diarioimagen.net\/index.php?rest_route=\/wp\/v2\/posts\/460850\/revisions"}],"wp:featuredmedia":[{"embeddable":true,"href":"https:\/\/www.diarioimagen.net\/index.php?rest_route=\/wp\/v2\/media\/460943"}],"wp:attachment":[{"href":"https:\/\/www.diarioimagen.net\/index.php?rest_route=%2Fwp%2Fv2%2Fmedia&parent=460850"}],"wp:term":[{"taxonomy":"category","embeddable":true,"href":"https:\/\/www.diarioimagen.net\/index.php?rest_route=%2Fwp%2Fv2%2Fcategories&post=460850"},{"taxonomy":"post_tag","embeddable":true,"href":"https:\/\/www.diarioimagen.net\/index.php?rest_route=%2Fwp%2Fv2%2Ftags&post=460850"}],"curies":[{"name":"wp","href":"https:\/\/api.w.org\/{rel}","templated":true}]}}