{"id":460852,"date":"2020-02-21T00:02:40","date_gmt":"2020-02-21T06:02:40","guid":{"rendered":"https:\/\/www.diarioimagen.net\/?p=460852"},"modified":"2020-02-21T06:41:59","modified_gmt":"2020-02-21T12:41:59","slug":"huixquilucan-beneficia-a-personas-de-todas-las-edades-con-programas-sociales","status":"publish","type":"post","link":"https:\/\/www.diarioimagen.net\/?p=460852","title":{"rendered":"Huixquilucan beneficia a personas de todas las edades con programas sociales"},"content":{"rendered":"<ul>\n<li><strong><em>Lanza la Tarjeta Joven y Plateada<\/em><\/strong><\/li>\n<\/ul>\n<p>&nbsp;<\/p>\n<div id=\"attachment_460946\" style=\"width: 470px\" class=\"wp-caption aligncenter\"><a href=\"https:\/\/www.diarioimagen.net\/?attachment_id=460946\" rel=\"attachment wp-att-460946\"><img loading=\"lazy\" decoding=\"async\" aria-describedby=\"caption-attachment-460946\" class=\"size-large wp-image-460946\" src=\"https:\/\/www.diarioimagen.net\/wp-content\/uploads\/2020\/02\/HUIXQUILUCAN-6-460x206.jpg\" alt=\"\" width=\"460\" height=\"206\" srcset=\"https:\/\/www.diarioimagen.net\/wp-content\/uploads\/2020\/02\/HUIXQUILUCAN-6-460x206.jpg 460w, https:\/\/www.diarioimagen.net\/wp-content\/uploads\/2020\/02\/HUIXQUILUCAN-6-240x107.jpg 240w, https:\/\/www.diarioimagen.net\/wp-content\/uploads\/2020\/02\/HUIXQUILUCAN-6.jpg 700w\" sizes=\"auto, (max-width: 460px) 100vw, 460px\" \/><\/a><p id=\"caption-attachment-460946\" class=\"wp-caption-text\">El gobierno municipal de Huixquilucan, encabezado por el alcalde Enrique Vargas del Villar, continuar\u00e1 apoyando a los sectores m\u00e1s vulnerables.<\/p><\/div>\n<p>&nbsp;<\/p>\n<p><strong>Huixquilucan, Estado de M\u00e9xico<\/strong>.- Durante el presente a\u00f1o, el gobierno municipal de Huixquilucan, encabezado por Enrique Vargas del Villar, continuar\u00e1 apoyando a los sectores m\u00e1s vulnerables con los programas de apoyos alimentarios, becas escolares, Creciendo con Mujeres Activas y Mujeres Empoderadas, adem\u00e1s de lanzar en este 2020 la Tarjeta Joven y Plateada.<\/p>\n<p>A trav\u00e9s del Sistema para el Desarrollo Integral de la Familia (DIF), se abri\u00f3 la convocatoria para la Tarjeta Joven, este programa tiene como finalidad brindar oportunidades para j\u00f3venes entre 16 y 29 a\u00f1os que se encuentren estudiando o trabajando.<\/p>\n<p>Los interesados deber\u00e1n tener entre 16 y 29 a\u00f1os de edad al momento del registro, ser estudiantes o trabajadores; en caso de ser estudiante que pertenezca a una instituci\u00f3n p\u00fablica escolarizada; ser residente del Municipio de Huixquilucan, no estar inscritos o recibir apoyos de ning\u00fan programa, firmar la carta compromiso en la cual, acepta por escrito los lineamientos del Programa y otras disposiciones que le apliquen.<\/p>\n<p>As\u00ed como autorizar el tratamiento de sus datos personales de acuerdo con la normatividad vigente en la materia, realizar el llenado del formato \u00fanico de registro y el de estudio socioecon\u00f3mico en las oficinas de la Direcci\u00f3n de Psicolog\u00eda.<\/p>\n<p>La fecha l\u00edmite para realizar los tr\u00e1mites es el martes 25 de febrero, en la Coordinaci\u00f3n de Atenci\u00f3n a la Juventud, o podr\u00e1n comunicarse al 558284-1740 en la extensi\u00f3n 107, lunes a jueves de 9:00 a 17:00 horas y viernes de 9:00 a 15:00 horas.<\/p>\n<p>En tanto, la Tarjeta Plateada, otorgar\u00e1 apoyos econ\u00f3micos bimestrales directos a los adultos mayores que se encuentren en condici\u00f3n de vulnerabilidad, que tengan m\u00e1s 60 a\u00f1os al momento del registro, vivan en Huixquilucan, firmar la carta compromiso en la cual, aceptan por escrito los lineamientos del Programa y otras disposiciones que le apliquen, autorizar el tratamiento de sus datos personales de acuerdo con la normatividad vigente, as\u00ed como llenar el formato \u00fanico de registro y\u00a0 el estudio socioecon\u00f3mico en las oficinas de la Direcci\u00f3n de Psicolog\u00eda.<\/p>\n<p>La fecha l\u00edmite es el martes 25 de febrero, en el Departamento de Atenci\u00f3n al Adulto Mayor, o comunicarse al 558284-1740 en la extensi\u00f3n 122, lunes a jueves de 9:00 a 17:00 horas y viernes de 9:00 a 15:00 horas.<\/p>\n","protected":false},"excerpt":{"rendered":"<p>Durante el presente a\u00f1o, el gobierno municipal de Huixquilucan, encabezado por Enrique Vargas del Villar, continuar\u00e1 apoyando a los sectores m\u00e1s vulnerables con los programas de apoyos alimentarios, becas escolares, Creciendo con Mujeres Activas y Mujeres Empoderadas, adem\u00e1s de lanzar en este 2020 la Tarjeta Joven y Plateada.<\/p>\n","protected":false},"author":3,"featured_media":460946,"comment_status":"open","ping_status":"open","sticky":false,"template":"","format":"standard","meta":{"_monsterinsights_skip_tracking":false,"_monsterinsights_sitenote_active":false,"_monsterinsights_sitenote_note":"","_monsterinsights_sitenote_category":0,"footnotes":""},"categories":[5],"tags":[90238,43675,1097,24282],"class_list":["post-460852","post","type-post","status-publish","format-standard","has-post-thumbnail","hentry","category-estado-de-mexico","tag-edades","tag-estado-de-mexico","tag-huixquilucan","tag-sociales"],"_links":{"self":[{"href":"https:\/\/www.diarioimagen.net\/index.php?rest_route=\/wp\/v2\/posts\/460852","targetHints":{"allow":["GET"]}}],"collection":[{"href":"https:\/\/www.diarioimagen.net\/index.php?rest_route=\/wp\/v2\/posts"}],"about":[{"href":"https:\/\/www.diarioimagen.net\/index.php?rest_route=\/wp\/v2\/types\/post"}],"author":[{"embeddable":true,"href":"https:\/\/www.diarioimagen.net\/index.php?rest_route=\/wp\/v2\/users\/3"}],"replies":[{"embeddable":true,"href":"https:\/\/www.diarioimagen.net\/index.php?rest_route=%2Fwp%2Fv2%2Fcomments&post=460852"}],"version-history":[{"count":0,"href":"https:\/\/www.diarioimagen.net\/index.php?rest_route=\/wp\/v2\/posts\/460852\/revisions"}],"wp:featuredmedia":[{"embeddable":true,"href":"https:\/\/www.diarioimagen.net\/index.php?rest_route=\/wp\/v2\/media\/460946"}],"wp:attachment":[{"href":"https:\/\/www.diarioimagen.net\/index.php?rest_route=%2Fwp%2Fv2%2Fmedia&parent=460852"}],"wp:term":[{"taxonomy":"category","embeddable":true,"href":"https:\/\/www.diarioimagen.net\/index.php?rest_route=%2Fwp%2Fv2%2Fcategories&post=460852"},{"taxonomy":"post_tag","embeddable":true,"href":"https:\/\/www.diarioimagen.net\/index.php?rest_route=%2Fwp%2Fv2%2Ftags&post=460852"}],"curies":[{"name":"wp","href":"https:\/\/api.w.org\/{rel}","templated":true}]}}