{"id":460854,"date":"2020-02-21T00:01:53","date_gmt":"2020-02-21T06:01:53","guid":{"rendered":"https:\/\/www.diarioimagen.net\/?p=460854"},"modified":"2020-02-21T06:43:06","modified_gmt":"2020-02-21T12:43:06","slug":"difunden-en-tultitlan-cultura-condominal-en-unidades-habitacionales","status":"publish","type":"post","link":"https:\/\/www.diarioimagen.net\/?p=460854","title":{"rendered":"Difunden en Tultitl\u00e1n cultura condominal en unidades habitacionales"},"content":{"rendered":"<p><a href=\"https:\/\/www.diarioimagen.net\/?attachment_id=460949\" rel=\"attachment wp-att-460949\"><img loading=\"lazy\" decoding=\"async\" class=\"aligncenter size-large wp-image-460949\" src=\"https:\/\/www.diarioimagen.net\/wp-content\/uploads\/2020\/02\/TULTITL\u00c1N-2-460x259.jpg\" alt=\"\" width=\"460\" height=\"259\" srcset=\"https:\/\/www.diarioimagen.net\/wp-content\/uploads\/2020\/02\/TULTITL\u00c1N-2-460x259.jpg 460w, https:\/\/www.diarioimagen.net\/wp-content\/uploads\/2020\/02\/TULTITL\u00c1N-2-240x135.jpg 240w, https:\/\/www.diarioimagen.net\/wp-content\/uploads\/2020\/02\/TULTITL\u00c1N-2-235x132.jpg 235w, https:\/\/www.diarioimagen.net\/wp-content\/uploads\/2020\/02\/TULTITL\u00c1N-2-202x114.jpg 202w, https:\/\/www.diarioimagen.net\/wp-content\/uploads\/2020\/02\/TULTITL\u00c1N-2-350x196.jpg 350w, https:\/\/www.diarioimagen.net\/wp-content\/uploads\/2020\/02\/TULTITL\u00c1N-2-220x123.jpg 220w, https:\/\/www.diarioimagen.net\/wp-content\/uploads\/2020\/02\/TULTITL\u00c1N-2-237x132.jpg 237w, https:\/\/www.diarioimagen.net\/wp-content\/uploads\/2020\/02\/TULTITL\u00c1N-2.jpg 480w\" sizes=\"auto, (max-width: 460px) 100vw, 460px\" \/><\/a><\/p>\n<p>&nbsp;<\/p>\n<p><strong>Tultitl\u00e1n, Estado de M\u00e9xico<\/strong><strong>.-<\/strong> La presidenta municipal Elena Garc\u00eda Mart\u00ednez, en concordancia con la Sindicatura Municipal y a trav\u00e9s de la Mesa Arbitral, en cumplimiento a la Ley que Regula el R\u00e9gimen de Propiedad en Condominio en el Estado de M\u00e9xico, a petici\u00f3n de parte difunde la cultura condominal en las unidades habitacionales y\/o fraccionamientos que se encuentran sujetos bajo el r\u00e9gimen de propiedad en condominio, haci\u00e9ndoles hincapi\u00e9 sobre sus derechos y obligaciones como cond\u00f3minios, a fin de fomentar la sana convivencia y armon\u00eda entre ellos.<\/p>\n<p>&nbsp;<\/p>\n","protected":false},"excerpt":{"rendered":"<p>La presidenta municipal Elena Garc\u00eda Mart\u00ednez, en concordancia con la Sindicatura Municipal y a trav\u00e9s de la Mesa Arbitral, en cumplimiento a la Ley que Regula el R\u00e9gimen de Propiedad en Condominio en el Estado de M\u00e9xico.<\/p>\n","protected":false},"author":3,"featured_media":460949,"comment_status":"open","ping_status":"open","sticky":false,"template":"","format":"standard","meta":{"_monsterinsights_skip_tracking":false,"_monsterinsights_sitenote_active":false,"_monsterinsights_sitenote_note":"","_monsterinsights_sitenote_category":0,"footnotes":""},"categories":[5],"tags":[43675,578,90239],"class_list":["post-460854","post","type-post","status-publish","format-standard","has-post-thumbnail","hentry","category-estado-de-mexico","tag-estado-de-mexico","tag-tultitlan","tag-unidades-habitacionales"],"_links":{"self":[{"href":"https:\/\/www.diarioimagen.net\/index.php?rest_route=\/wp\/v2\/posts\/460854","targetHints":{"allow":["GET"]}}],"collection":[{"href":"https:\/\/www.diarioimagen.net\/index.php?rest_route=\/wp\/v2\/posts"}],"about":[{"href":"https:\/\/www.diarioimagen.net\/index.php?rest_route=\/wp\/v2\/types\/post"}],"author":[{"embeddable":true,"href":"https:\/\/www.diarioimagen.net\/index.php?rest_route=\/wp\/v2\/users\/3"}],"replies":[{"embeddable":true,"href":"https:\/\/www.diarioimagen.net\/index.php?rest_route=%2Fwp%2Fv2%2Fcomments&post=460854"}],"version-history":[{"count":0,"href":"https:\/\/www.diarioimagen.net\/index.php?rest_route=\/wp\/v2\/posts\/460854\/revisions"}],"wp:featuredmedia":[{"embeddable":true,"href":"https:\/\/www.diarioimagen.net\/index.php?rest_route=\/wp\/v2\/media\/460949"}],"wp:attachment":[{"href":"https:\/\/www.diarioimagen.net\/index.php?rest_route=%2Fwp%2Fv2%2Fmedia&parent=460854"}],"wp:term":[{"taxonomy":"category","embeddable":true,"href":"https:\/\/www.diarioimagen.net\/index.php?rest_route=%2Fwp%2Fv2%2Fcategories&post=460854"},{"taxonomy":"post_tag","embeddable":true,"href":"https:\/\/www.diarioimagen.net\/index.php?rest_route=%2Fwp%2Fv2%2Ftags&post=460854"}],"curies":[{"name":"wp","href":"https:\/\/api.w.org\/{rel}","templated":true}]}}