{"id":460984,"date":"2020-02-24T00:05:03","date_gmt":"2020-02-24T06:05:03","guid":{"rendered":"https:\/\/www.diarioimagen.net\/?p=460984"},"modified":"2020-02-23T21:35:26","modified_gmt":"2020-02-24T03:35:26","slug":"lopez-obrador-encabeza-el-84-aniversario-de-la-ctm","status":"publish","type":"post","link":"https:\/\/www.diarioimagen.net\/?p=460984","title":{"rendered":"AMLO asegura que atender\u00e1 el problema de las pensiones"},"content":{"rendered":"<ul>\n<li><strong><em>Encabeza el 84 Aniversario de la CTM<\/em><\/strong><\/li>\n<li><strong><em>Destaca el Presidente \u201climpia\u201d en Infonavit y el Seguro Social<\/em><\/strong><\/li>\n<\/ul>\n<p>&nbsp;<\/p>\n<div id=\"attachment_460985\" style=\"width: 470px\" class=\"wp-caption aligncenter\"><img loading=\"lazy\" decoding=\"async\" aria-describedby=\"caption-attachment-460985\" class=\"wp-image-460985 size-large\" src=\"https:\/\/www.diarioimagen.net\/wp-content\/uploads\/2020\/02\/CTM24-portal-460x268.png\" alt=\"\" width=\"460\" height=\"268\" srcset=\"https:\/\/www.diarioimagen.net\/wp-content\/uploads\/2020\/02\/CTM24-portal-460x268.png 460w, https:\/\/www.diarioimagen.net\/wp-content\/uploads\/2020\/02\/CTM24-portal-240x140.png 240w, https:\/\/www.diarioimagen.net\/wp-content\/uploads\/2020\/02\/CTM24-portal.png 480w\" sizes=\"auto, (max-width: 460px) 100vw, 460px\" \/><p id=\"caption-attachment-460985\" class=\"wp-caption-text\">Andr\u00e9s Manuel L\u00f3pez Obrador encabez\u00f3 el Congreso Nacional Extraordinario donde se conmemor\u00f3 el 84 aniversario de la CTM, una de las fuerzas vivas del Partido Revolucionario Institucional (PRI).<\/p><\/div>\n<p>&nbsp;<\/p>\n<p>Ante la Confederaci\u00f3n de Trabajadores de M\u00e9xico (CTM), el presidente Andr\u00e9s Manuel L\u00f3pez Obrador asegur\u00f3 que junto con el sector empresarial y obrero atender\u00e1n el problema de las pensiones y no descart\u00f3 dar marcha atr\u00e1s a los acuerdos que se tomaron el pasado.<\/p>\n<p>El mandatario encabez\u00f3 el Congreso Nacional Extraordinario donde se conmemorar\u00e1 el 84 aniversario de la CTM, una de las fuerzas vivas del Partido Revolucionario Institucional (PRI). Esta es la primera vez que el Ejecutivo federal asiste a un congreso nacional extraordinario de la confederaci\u00f3n, que tiene en su base fundacional al PRI.<\/p>\n<p>\u201cAcept\u00e9 con gusto la invitaci\u00f3n de participar en este acto, la invitaci\u00f3n que me formul\u00f3 don Carlos Aceves del Olmo (&#8230;) Estoy para recordar que un 24 de febrero de 1936 se fund\u00f3 la CTM, y qu\u00e9 bien que estamos juntos en este proceso de renovaci\u00f3n\u201d, dijo el mandatario.<\/p>\n<p>Frente a trabajadores de la CTM, el Presidente prometi\u00f3 \u201crevisar contratos pasados y todo el marco legal a partir de la nueva Ley del Trabajo en beneficio de los trabajadores\u201d.<\/p>\n<p>L\u00f3pez Obrador tambi\u00e9n destac\u00f3 que su administraci\u00f3n est\u00e1 limpiando de corrupci\u00f3n al Infonavit y al Instituto Mexicano del Seguro Social (IMSS) y pronto ser\u00e1n dependencias que brindar\u00e1n servicios de calidad a los trabajadores.<\/p>\n<p>Destac\u00f3 tambi\u00e9n el aumento del salario m\u00ednimo en su administraci\u00f3n. \u201cEn lo que corresponde al sector obrero, quiero aqu\u00ed agradecer el apoyo de las organizaciones sindicales y de la CTM en especial, porque se logr\u00f3 en 14 meses que levamos en el gobierno que aumentara el salario m\u00ednimo\u201d.<\/p>\n<p>Tambi\u00e9n destac\u00f3 el papel que los empresarios han tenido en el cambio de r\u00e9gimen, al calificar su actuaci\u00f3n como responsable y con visi\u00f3n humanista. \u201cAl sector obrero quiero aqu\u00ed agradecer el apoyo de las organizaciones sindicales y de la CTM en especial porque se logr\u00f3 en 14 meses de gobierno que aumentara dos veces el salario m\u00ednimo\u201d, apunt\u00f3.<\/p>\n<p>Por su parte, Juan Carlos Velasco, secretario de Acci\u00f3n Pol\u00edtica de la CTM, a nombre del secretario general Carlos Aceves del Olmo, refrend\u00f3 su respeto y compromiso para trabajar en coordinaci\u00f3n con el gobierno federal.<\/p>\n<p>\u201cNos pronunciamos por una unidad nacional en donde la pluralidad de de las ideolog\u00edas nos permita superar nuestros retos\u201d. Los trabajadores del pa\u00eds lanzaron porras a Aceves del Olmo y a la central obrera fundada por el ex presidente de M\u00e9xico, L\u00e1zaro C\u00e1rdenas del R\u00edo. Al evento asisten la ex presidenta del PRI, Claudia Ruiz Massieu; H\u00e9ctor Astudillo, gobernador de Guerrero; el senador del PRI Manuel A\u00f1orve; Miguel Riquelme, senador del PRI; Roc\u00edo Nahle, secretaria de energ\u00eda; Olga S\u00e1nchez Cordero, secretaria de Gobernaci\u00f3n y Luisa Mar\u00eda Alcalde, secretaria de trabajo y previsi\u00f3n social.<\/p>\n<p>Adem\u00e1s, el ex candidato presidencial Jos\u00e9 Antonio Meade; Carlos Salazar Lomel\u00edn, presidente del consejo coordinador empresarial; Marco Antonio Vera, gobernador de Tlaxcala; Eruviel \u00c1vila Camacho, senador; Alejandro Moreno, presidente del PRI y Zoe Robledo, director general del IMSS.<\/p>\n<p>&nbsp;<\/p>\n<p>&nbsp;<\/p>\n","protected":false},"excerpt":{"rendered":"<p>Ante la Confederaci\u00f3n de Trabajadores de M\u00e9xico (CTM), el presidente Andr\u00e9s Manuel L\u00f3pez Obrador asegur\u00f3 que junto con el sector empresarial y obrero atender\u00e1n el problema de las pensiones y no descart\u00f3 dar marcha atr\u00e1s a los acuerdos que se tomaron el pasado.<\/p>\n","protected":false},"author":5,"featured_media":460985,"comment_status":"open","ping_status":"open","sticky":false,"template":"","format":"standard","meta":{"_monsterinsights_skip_tracking":false,"_monsterinsights_sitenote_active":false,"_monsterinsights_sitenote_note":"","_monsterinsights_sitenote_category":0,"footnotes":""},"categories":[3],"tags":[90245,1352,2894,8577],"class_list":["post-460984","post","type-post","status-publish","format-standard","has-post-thumbnail","hentry","category-nacional","tag-84-aniversario","tag-andres-manuel-lopez-obrador","tag-ctm","tag-monumento-a-la-revolucion"],"_links":{"self":[{"href":"https:\/\/www.diarioimagen.net\/index.php?rest_route=\/wp\/v2\/posts\/460984","targetHints":{"allow":["GET"]}}],"collection":[{"href":"https:\/\/www.diarioimagen.net\/index.php?rest_route=\/wp\/v2\/posts"}],"about":[{"href":"https:\/\/www.diarioimagen.net\/index.php?rest_route=\/wp\/v2\/types\/post"}],"author":[{"embeddable":true,"href":"https:\/\/www.diarioimagen.net\/index.php?rest_route=\/wp\/v2\/users\/5"}],"replies":[{"embeddable":true,"href":"https:\/\/www.diarioimagen.net\/index.php?rest_route=%2Fwp%2Fv2%2Fcomments&post=460984"}],"version-history":[{"count":0,"href":"https:\/\/www.diarioimagen.net\/index.php?rest_route=\/wp\/v2\/posts\/460984\/revisions"}],"wp:featuredmedia":[{"embeddable":true,"href":"https:\/\/www.diarioimagen.net\/index.php?rest_route=\/wp\/v2\/media\/460985"}],"wp:attachment":[{"href":"https:\/\/www.diarioimagen.net\/index.php?rest_route=%2Fwp%2Fv2%2Fmedia&parent=460984"}],"wp:term":[{"taxonomy":"category","embeddable":true,"href":"https:\/\/www.diarioimagen.net\/index.php?rest_route=%2Fwp%2Fv2%2Fcategories&post=460984"},{"taxonomy":"post_tag","embeddable":true,"href":"https:\/\/www.diarioimagen.net\/index.php?rest_route=%2Fwp%2Fv2%2Ftags&post=460984"}],"curies":[{"name":"wp","href":"https:\/\/api.w.org\/{rel}","templated":true}]}}