{"id":461003,"date":"2020-02-24T00:01:05","date_gmt":"2020-02-24T06:01:05","guid":{"rendered":"https:\/\/www.diarioimagen.net\/?p=461003"},"modified":"2020-02-24T04:56:06","modified_gmt":"2020-02-24T10:56:06","slug":"el-rector-alfredo-barrera-ofrecio-una-respuesta-inmediata-a-demandas-de-estudiantes-de-facico","status":"publish","type":"post","link":"https:\/\/www.diarioimagen.net\/?p=461003","title":{"rendered":"El rector Alfredo Barrera ofreci\u00f3 una respuesta inmediata a demandas de estudiantes de FaCiCo"},"content":{"rendered":"<div id=\"attachment_461084\" style=\"width: 470px\" class=\"wp-caption aligncenter\"><a href=\"https:\/\/www.diarioimagen.net\/?attachment_id=461084\" rel=\"attachment wp-att-461084\"><img loading=\"lazy\" decoding=\"async\" aria-describedby=\"caption-attachment-461084\" class=\"size-large wp-image-461084\" src=\"https:\/\/www.diarioimagen.net\/wp-content\/uploads\/2020\/02\/UAEM-24-460x307.jpg\" alt=\"\" width=\"460\" height=\"307\" srcset=\"https:\/\/www.diarioimagen.net\/wp-content\/uploads\/2020\/02\/UAEM-24-460x307.jpg 460w, https:\/\/www.diarioimagen.net\/wp-content\/uploads\/2020\/02\/UAEM-24-240x160.jpg 240w, https:\/\/www.diarioimagen.net\/wp-content\/uploads\/2020\/02\/UAEM-24.jpg 700w\" sizes=\"auto, (max-width: 460px) 100vw, 460px\" \/><\/a><p id=\"caption-attachment-461084\" class=\"wp-caption-text\">El rector Alfredo Barrera Baca reconoci\u00f3 como leg\u00edtimas las demandas de las estudiantes de la Facultad de Ciencias de la Conducta.<\/p><\/div>\n<p>&nbsp;<\/p>\n<p><strong>Toluca, Estado de M\u00e9xico<\/strong>.\u2013 El rector de la Universidad Aut\u00f3noma del Estado de M\u00e9xico, Alfredo Barrera Baca, recibi\u00f3 el pliego petitorio de las alumnas que tomaron las instalaciones de la Facultad de Ciencias de la Conducta y reiter\u00f3 la convicci\u00f3n institucional de privilegiar el di\u00e1logo, como \u00fanica v\u00eda para la resoluci\u00f3n de conflictos, superar las diferencias y llegar a acuerdos en conjunto.<\/p>\n<p>Cabe destacar que el d\u00eda jueves 20 de febrero, la UAEM, a trav\u00e9s de la Oficina del Abogado General y la Defensor\u00eda de los Derechos Universitarios, dio atenci\u00f3n inmediata a las denuncias que realiz\u00f3 un grupo de 13 alumnas por la filtraci\u00f3n en internet de im\u00e1genes privadas por parte de un alumno de la Licenciatura en Psicolog\u00eda.<\/p>\n<p>En las instalaciones de dicho organismo universitario, el rector reconoci\u00f3 como leg\u00edtimas las demandas de las estudiantes, a quienes propuso una reuni\u00f3n para darles respuesta inmediata, lo cual fue rechazado, por lo que se acord\u00f3 una reuni\u00f3n este lunes 24 de febrero.<\/p>\n","protected":false},"excerpt":{"rendered":"<p>El rector de la Universidad Aut\u00f3noma del Estado de M\u00e9xico, Alfredo Barrera Baca, recibi\u00f3 el pliego petitorio de las alumnas que tomaron las instalaciones de la Facultad de Ciencias de la Conducta y reiter\u00f3 la convicci\u00f3n institucional de privilegiar el di\u00e1logo, como \u00fanica v\u00eda para la resoluci\u00f3n de conflictos, superar las diferencias y llegar a acuerdos en conjunto.<\/p>\n","protected":false},"author":3,"featured_media":461084,"comment_status":"open","ping_status":"open","sticky":false,"template":"","format":"standard","meta":{"_monsterinsights_skip_tracking":false,"_monsterinsights_sitenote_active":false,"_monsterinsights_sitenote_note":"","_monsterinsights_sitenote_category":0,"footnotes":""},"categories":[5],"tags":[58572,36699,43675,452,1490],"class_list":["post-461003","post","type-post","status-publish","format-standard","has-post-thumbnail","hentry","category-estado-de-mexico","tag-alfredo-barrera-baca","tag-demandas","tag-estado-de-mexico","tag-toluca","tag-universidad-autonoma-del-estado-de-mexico"],"_links":{"self":[{"href":"https:\/\/www.diarioimagen.net\/index.php?rest_route=\/wp\/v2\/posts\/461003","targetHints":{"allow":["GET"]}}],"collection":[{"href":"https:\/\/www.diarioimagen.net\/index.php?rest_route=\/wp\/v2\/posts"}],"about":[{"href":"https:\/\/www.diarioimagen.net\/index.php?rest_route=\/wp\/v2\/types\/post"}],"author":[{"embeddable":true,"href":"https:\/\/www.diarioimagen.net\/index.php?rest_route=\/wp\/v2\/users\/3"}],"replies":[{"embeddable":true,"href":"https:\/\/www.diarioimagen.net\/index.php?rest_route=%2Fwp%2Fv2%2Fcomments&post=461003"}],"version-history":[{"count":0,"href":"https:\/\/www.diarioimagen.net\/index.php?rest_route=\/wp\/v2\/posts\/461003\/revisions"}],"wp:featuredmedia":[{"embeddable":true,"href":"https:\/\/www.diarioimagen.net\/index.php?rest_route=\/wp\/v2\/media\/461084"}],"wp:attachment":[{"href":"https:\/\/www.diarioimagen.net\/index.php?rest_route=%2Fwp%2Fv2%2Fmedia&parent=461003"}],"wp:term":[{"taxonomy":"category","embeddable":true,"href":"https:\/\/www.diarioimagen.net\/index.php?rest_route=%2Fwp%2Fv2%2Fcategories&post=461003"},{"taxonomy":"post_tag","embeddable":true,"href":"https:\/\/www.diarioimagen.net\/index.php?rest_route=%2Fwp%2Fv2%2Ftags&post=461003"}],"curies":[{"name":"wp","href":"https:\/\/api.w.org\/{rel}","templated":true}]}}