{"id":461018,"date":"2020-02-24T00:03:16","date_gmt":"2020-02-24T06:03:16","guid":{"rendered":"https:\/\/www.diarioimagen.net\/?p=461018"},"modified":"2020-02-23T21:53:53","modified_gmt":"2020-02-24T03:53:53","slug":"mujeres-mas-y-mejores","status":"publish","type":"post","link":"https:\/\/www.diarioimagen.net\/?p=461018","title":{"rendered":"Mujeres, m\u00e1s y mejores"},"content":{"rendered":"<h2>Espacio Electoral<\/h2>\n<h5>Eleazar Flores<\/h5>\n<p>&nbsp;<\/p>\n<p><strong>POR Y CON ELLAS<\/strong>.- Sin cuestionamientos acerca del inminente \u201cEL NUEVE NINGUNA SE MUEVE\u201d, programado exactamente para dentro de quince d\u00edas y cuyo movimiento tiene m\u00e1s razones que explicaciones, vale la pena precisar al o a los o a las culpables del fen\u00f3meno feminicida.<\/p>\n<p>Ejemplo acabado lo es el caso de la ni\u00f1a F\u00e1tima en CDMX cuyas culpables iniciales son las autoridades que encabeza la jefa de Gobierno, sus colaboradores y la Fiscal\u00eda de Justicia.<\/p>\n<p>Ahora que no es gratuito culpar de todo al presidente Andr\u00e9s Manuel L\u00f3pez Obrador, tan amante de estar siempre en los medios y hasta pararse al lado o atr\u00e1s de alg\u00fan funcionario suyo cuando le toca participar, para estar en recuadro de las transmisiones televisivas ma\u00f1aneras. Por si esa fuera poco, al padre de la Cuarta Transformaci\u00f3n habla de todo y poco espacio deja a su gabinete.<\/p>\n<p>Ahora se le cuelga todo al Ejecutivo federal, justamente como cuando a Enrique Pe\u00f1a Nieto se le culpaba de todo, empezando esas condenas por el propio L\u00f3pez Obrador cuando encabezaba la oposici\u00f3n m\u00e1s medi\u00e1tica que hemos tenido en nuestro pa\u00eds, ni m\u00e1s ni menos. Las condenas de AMLO\u00a0 a la pol\u00edtica exterior pe\u00f1ista, sobre todo con Estados Unidos, ejemplifican a cabalidad.<\/p>\n<p>Todo el respeto del mundo al movimiento feminista con dos matices, el primero que no es necesario encapucharse conociendo su valor para enfrentar problemas y el segundo, abatir y de ser posible evitar pintas. Eliminando ambas cosas hasta las har\u00edan diferentes a todas las manifestaciones que hemos presenciado desde tiempo inmemorial.<\/p>\n<p><strong>N\u00daMEROS FR\u00cdOS<\/strong>.- De entrada habr\u00e1 que aceptar que de acuerdo a censos del INEGI, -que este a\u00f1o se actualizar\u00e1n-, as\u00ed como del INE y sus datos del padr\u00f3n nacional y de la lista nominal, en n\u00fameros cerrados hay 52 por ciento de mujeres contra 48 por ciento de hombres, n\u00fameros m\u00e1s, n\u00fameros menos hacia abajo o hacia arriba, con poca diferencia.<\/p>\n<p>El padr\u00f3n 2020 reporta 43 millones 639 mil 744 hombres por 46 millones 890 mil 354 mujeres y en cuanto a la lista nominal son 42 millones 931 mil 425 hombres por 46 millones 166 mil 2 mujeres, con lo que se demuestra que en M\u00e9xico hay m\u00e1s mujeres que hombres. Los datos del INE abundan con separaci\u00f3n de votantes por edades, resaltando el 10 por ciento de la tercera edad.<\/p>\n<p>Por experiencias laborales personales, tanto en el medio period\u00edstico como en el sector p\u00fablico y sin menosprecio a nadie, constat\u00e9 mayor entrega y responsabilidad en las mujeres, siendo lo anterior un denominador com\u00fan sin desconocer pocas excepciones.<\/p>\n<p>Por \u00e9sta y muchas razones m\u00e1s, apoyo total al movimiento EL NUEVE NIGUNA SE MUEVE.<\/p>\n<p><a href=\"mailto:elefa44@gmail.com\" target=\"_blank\" rel=\"noopener noreferrer\"><em>elefa44@gmail.com<\/em><\/a><\/p>\n","protected":false},"excerpt":{"rendered":"<p><span style=\"color: #005497;\"><strong>Eleazar Flores<\/strong><\/span><\/p>\n","protected":false},"author":3,"featured_media":0,"comment_status":"open","ping_status":"open","sticky":false,"template":"","format":"standard","meta":{"_monsterinsights_skip_tracking":false,"_monsterinsights_sitenote_active":false,"_monsterinsights_sitenote_note":"","_monsterinsights_sitenote_category":0,"footnotes":""},"categories":[81743],"tags":[81744,81776,43674],"class_list":["post-461018","post","type-post","status-publish","format-standard","hentry","category-eleazar-flores","tag-eleazar-flores","tag-espacio-electoral","tag-opinion"],"_links":{"self":[{"href":"https:\/\/www.diarioimagen.net\/index.php?rest_route=\/wp\/v2\/posts\/461018","targetHints":{"allow":["GET"]}}],"collection":[{"href":"https:\/\/www.diarioimagen.net\/index.php?rest_route=\/wp\/v2\/posts"}],"about":[{"href":"https:\/\/www.diarioimagen.net\/index.php?rest_route=\/wp\/v2\/types\/post"}],"author":[{"embeddable":true,"href":"https:\/\/www.diarioimagen.net\/index.php?rest_route=\/wp\/v2\/users\/3"}],"replies":[{"embeddable":true,"href":"https:\/\/www.diarioimagen.net\/index.php?rest_route=%2Fwp%2Fv2%2Fcomments&post=461018"}],"version-history":[{"count":0,"href":"https:\/\/www.diarioimagen.net\/index.php?rest_route=\/wp\/v2\/posts\/461018\/revisions"}],"wp:attachment":[{"href":"https:\/\/www.diarioimagen.net\/index.php?rest_route=%2Fwp%2Fv2%2Fmedia&parent=461018"}],"wp:term":[{"taxonomy":"category","embeddable":true,"href":"https:\/\/www.diarioimagen.net\/index.php?rest_route=%2Fwp%2Fv2%2Fcategories&post=461018"},{"taxonomy":"post_tag","embeddable":true,"href":"https:\/\/www.diarioimagen.net\/index.php?rest_route=%2Fwp%2Fv2%2Ftags&post=461018"}],"curies":[{"name":"wp","href":"https:\/\/api.w.org\/{rel}","templated":true}]}}