{"id":461032,"date":"2020-02-24T00:01:47","date_gmt":"2020-02-24T06:01:47","guid":{"rendered":"https:\/\/www.diarioimagen.net\/?p=461032"},"modified":"2020-02-24T07:56:39","modified_gmt":"2020-02-24T13:56:39","slug":"si-eres-amante-del-golf-participa-en-la-xii-version-del-torneo-de-golf-cozumel-a-realizarse-1-y-2-de-mayo-en-la-isla","status":"publish","type":"post","link":"https:\/\/www.diarioimagen.net\/?p=461032","title":{"rendered":"Si eres amante del golf participa en la XII versi\u00f3n del Torneo de Golf Cozumel a realizarse 1 y 2 de mayo en la isla"},"content":{"rendered":"<h2>De cinco estrellas<\/h2>\n<h5>Victoria Gonz\u00e1lez Prado<\/h5>\n<p><strong>\u00a0<\/strong><\/p>\n<ul>\n<li><strong><em>Juan Ignacio Rosello, director Comercial de Aeromar y Eduardo Paniagua, de la AMAV, firman convenio<\/em><\/strong><\/li>\n<li><strong><em>Aerom\u00e9xico y Delta Air Lines fortalecer\u00e1n la conectividad entre la Ciudad de M\u00e9xico y Denver, Colorado<\/em><\/strong><\/li>\n<\/ul>\n<p>&nbsp;<\/p>\n<div id=\"attachment_461099\" style=\"width: 470px\" class=\"wp-caption aligncenter\"><a href=\"https:\/\/www.diarioimagen.net\/?attachment_id=461099\" rel=\"attachment wp-att-461099\"><img loading=\"lazy\" decoding=\"async\" aria-describedby=\"caption-attachment-461099\" class=\"size-large wp-image-461099\" src=\"https:\/\/www.diarioimagen.net\/wp-content\/uploads\/2020\/02\/turismo-9-460x259.jpg\" alt=\"\" width=\"460\" height=\"259\" srcset=\"https:\/\/www.diarioimagen.net\/wp-content\/uploads\/2020\/02\/turismo-9-460x259.jpg 460w, https:\/\/www.diarioimagen.net\/wp-content\/uploads\/2020\/02\/turismo-9-240x135.jpg 240w, https:\/\/www.diarioimagen.net\/wp-content\/uploads\/2020\/02\/turismo-9-235x132.jpg 235w, https:\/\/www.diarioimagen.net\/wp-content\/uploads\/2020\/02\/turismo-9-202x114.jpg 202w, https:\/\/www.diarioimagen.net\/wp-content\/uploads\/2020\/02\/turismo-9-350x196.jpg 350w, https:\/\/www.diarioimagen.net\/wp-content\/uploads\/2020\/02\/turismo-9-220x123.jpg 220w, https:\/\/www.diarioimagen.net\/wp-content\/uploads\/2020\/02\/turismo-9-237x132.jpg 237w, https:\/\/www.diarioimagen.net\/wp-content\/uploads\/2020\/02\/turismo-9.jpg 480w\" sizes=\"auto, (max-width: 460px) 100vw, 460px\" \/><\/a><p id=\"caption-attachment-461099\" class=\"wp-caption-text\">Guillermo Valencia y Kathleen Alvear en el anuncio del Torneo de Golf Cozumel.<\/p><\/div>\n<p>&nbsp;<\/p>\n<p>\u00bfEres amante del golf?, \u00bfte gustan los retos?, no hay nada mejor para ti que participar en el Torneo de Golf Cozumel, que tendr\u00e1 lugar los d\u00edas 1 y 2 de mayo en el <em>Cozumel Country Club<\/em>, campo dise\u00f1ado por <strong>Jack Nicklaus<\/strong> entre manglares, lagunas y espectaculares paisajes y, que en conjunto ofrece a los jugadores de todos los niveles un sinf\u00edn de posibilidades para poner a prueba sus habilidades, sin da\u00f1ar el entorno que lo rodea.<\/p>\n<p>As\u00ed lo dio a conocer <strong>Guillermo Valencia<\/strong>, gerente general del hotel <em>Presidente Intercontinental Mexico City, <\/em>quien fue uno de los creadores de este torneo que ha tenido tanto \u00e9xito que se ha realizado ininterrumpidamente.<\/p>\n<p>Los paquetes que ofrece el inmueble en Cozumel son diversos: <strong>paquete 1 incluye:<\/strong> estancia de dos noches (del 1 al 3 de mayo 2020), coctel y torneo nocturno de <em>putting,<\/em> <em>kit<\/em> de bienvenida para golfistas, <em>Green Fee<\/em> y carro compartido en el campo, transportaci\u00f3n al campo y de regreso al hotel (d\u00eda del torneo), bebidas en el campo de golf (d\u00eda del torneo), cena de premiaci\u00f3n y descuento especial en<em>\u00a0Ikal Spa<\/em>.<\/p>\n<p>Las tarifas de pre-compra del paquete 1, todas en d\u00f3lares americanos: 634 d\u00f3lares americanos\u00a0para un golfista. 714,<strong>\u00a0<\/strong>para un golfista y un acompa\u00f1ante no golfista. 726 \u00a0para dos golfistas compartiendo habitaci\u00f3n. Formato: Individual-<em>Score<\/em> Neto.<\/p>\n<p>Paquete 2: Estancia de tres noches (del 30 de abril al 3 de mayo de 2020), coctel y torneo nocturno de <em>putting,<\/em> <em>kit<\/em> de bienvenida para golfistas, <em>Green Fee<\/em> y carro compartido en el campo (d\u00eda de pr\u00e1ctica y torneo), transportaci\u00f3n al campo y de regreso al hotel (d\u00eda de pr\u00e1ctica y torneo), bebidas en el campo de golf (d\u00eda del torneo) cena de premiaci\u00f3n y descuento especial en\u00a0<em>Ikal Spa<\/em>.<\/p>\n<p>Las tarifas de pre-compra paquete 2 en d\u00f3lares americanos: 987 para un golfista. Mil 67\u00a0para un golfista y un acompa\u00f1ante no golfista. Mil 163\u00a0para dos golfistas compartiendo habitaci\u00f3n. Formato: <em>Practice Round<\/em> y <em>Score<\/em> Neto.<\/p>\n<p>Las tarifas de pre-compra son v\u00e1lidas hasta el 15 de marzo de 2020 y la tarifa para noches adicionales, en cualquiera de las opciones de los paquetes anteriores, es de\u00a0270 d\u00f3lares americanos\u00a0(m\u00e1s impuestos).<\/p>\n<p><strong>Guillermo Valencia<\/strong> destac\u00f3: \u201clos fondos recaudados de las entradas al torneo nocturno de <em>putting <\/em>que se realiza durante el coctel de bienvenida, as\u00ed como un porcentaje de la inscripci\u00f3n de cada golfista, ser\u00e1n donados al Centro de Autismo de Cozumel para la mejora de sus instalaciones y apoyo a sus programas\u201d.<\/p>\n<p>Para registrarse como participante en cualquiera de las categor\u00edas: Caballeros A y B, o Damas, es indispensable proporcionar el <em>handicap\/index<\/em> avalado por la USGA <em>(United States Golf Association),<\/em> la Federaci\u00f3n Mexicana de Golf o por el Club de Golf donde participa el jugador.<\/p>\n<p>La d\u00e9cimo segunda edici\u00f3n del Torneo de Golf Cozumel, contar\u00e1 con el patrocinio de importantes empresas como <em>InterContinental Hotels Group,<\/em> <em>Ecolab, Trane,<\/em> Comex, Interjet, <em>Diamonds International<\/em> y Galderma, entre otras.<\/p>\n<p>\u2730\u2730\u2730\u2730\u2730 <strong>Juan Ignacio Rosello<\/strong>, director Comercial de Aeromar, anunci\u00f3 que el pr\u00f3ximo s\u00e1bado 11 de abril iniciar\u00e1 la tercera frecuencia del vuelo Ciudad de M\u00e9xico-Tamu\u00edn, vuelo que se suma a los tres vuelos diarios hacia San Luis Potos\u00ed.<\/p>\n<p>Asimismo se\u00f1al\u00f3 \u201cAeromar se encargar\u00e1 de capacitar a los agentes de viajes para que se especialicen en cada uno de los destinos que forman parte de la alianza con la AMAV. La capacitaci\u00f3n iniciar\u00e1 el pr\u00f3ximo 27 de febrero y ser\u00e1n seis durante el a\u00f1o para actualizar la informaci\u00f3n de las rutas.<\/p>\n<p>As\u00ed lo asegur\u00f3 durante la firma del convenio con <strong>Eduardo Paniagua<\/strong>, presidente nacional de la Asociaci\u00f3n Mexicana de Agencias de Viajes (AMAV), \u2014en presencia de <strong>Humberto Hern\u00e1ndez Haddad,<\/strong> subsecretario de Calidad y Regulaci\u00f3n de la Secretar\u00eda de Turismo federal (Sectur)\u2014 que permitir\u00e1 ofrecer servicios de alta calidad y profesionalismo a los viajeros en las diferentes entidades del pa\u00eds.<\/p>\n<p>De esta forma se proporcionar\u00e1n circuitos tur\u00edsticos regionales en los segmentos gastron\u00f3mico, de aventura y religioso, tambi\u00e9n para la capacitaci\u00f3n de 150 agentes de viajes en los pr\u00f3ximos meses.<\/p>\n<p>El presidente de la AMAV dijo que estas rutas forman parte del proyecto \u2018La vuelta a M\u00e9xico en ocho d\u00edas\u2019, con el que busca ofrecer oferta tur\u00edstica con recorridos en nichos con alto potencial en varios estados del pa\u00eds.<\/p>\n<p>Destacan los circuitos: \u2018Los grandes volcanes de M\u00e9xico\u2019, que recorrer\u00e1 estados como Puebla, Colima y Veracruz para visitar las principales formaciones del pa\u00eds; \u2018Los grandes Cristos de M\u00e9xico\u2019, contemplar\u00e1 estatuas y monumentos religiosos en Coahuila, Veracruz y Tijuana, y \u2018Los grandes moles de M\u00e9xico\u2019, producto enfocado a estudiantes de gastronom\u00eda, en el que podr\u00e1n probar y aprender a preparar el platillo en sus diferentes versiones a lo largo del pa\u00eds.<\/p>\n<p>El objetivo es que los usuarios dispongan, a partir del 2 de marzo, de viajes certificados por la AMAV se promuevan las nuevas rutas de la aerol\u00ednea: M\u00e9rida-Villahermosa; Villahermosa-Tapachula; Tapachula-Tuxtla; Tuxtla\u2013Oaxaca, y Oaxaca-Ixtepec.<\/p>\n<p>A trav\u00e9s de la alianza establecida entre ambas organizaciones habr\u00e1 descuentos y gama de destinos tur\u00edsticos que puede aprovechar el pasajero en cada viaje. \u201cEl objetivo es que los usuarios dispongan de los <em>tours<\/em> menos conocidos en cada lugar\u201d asegur\u00f3 <strong>Armando Paniagua<\/strong>.<\/p>\n<p>El convenio se suma a otros que ha hecho la aerol\u00ednea recientemente, como la red de servicios a\u00e9reos APG, con la cual estableci\u00f3 estrategia para posicionarse a nivel internacional.<\/p>\n<p>\u2730\u2730\u2730\u2730\u2730 Aerom\u00e9xico y <em>Delta Air <\/em>Lines fortalecer\u00e1n la conectividad entre la Ciudad de M\u00e9xico y Denver, Colorado, destino de temporada que opera con un vuelo diario de diciembre a abril, han decidido, a partir del pr\u00f3ximo 19 de abril, que ya sea fija por lo que operar\u00e1 s\u00e1bados y domingos.<\/p>\n<p>&nbsp;<\/p>\n<blockquote>\n<p style=\"text-align: right;\"><em>\u201c<\/em><strong>El \u00e1ngel de la fama tiene sus alas hechas de papel&#8230; peri\u00f3dico\u201d.<\/strong><\/p>\n<\/blockquote>\n<p>&nbsp;<\/p>\n<p><em><span class=\"Apple-converted-space\"><a href=\"mailto:victoriagprado@gmail.com\" target=\"_blank\" rel=\"noopener noreferrer\">victoriagprado@gmail.com<\/a><br \/>\nTwitter: <a href=\"https:\/\/twitter.com\/victoriagprado\" target=\"_blank\" rel=\"noopener noreferrer\">@victoriagprado<\/a><\/span><\/em><\/p>\n","protected":false},"excerpt":{"rendered":"<p>\u00bfEres amante del golf?, \u00bfte gustan los retos?, no hay nada mejor para ti que participar en el Torneo de Golf Cozumel, que tendr\u00e1 lugar los d\u00edas 1 y 2 de mayo en el <em>Cozumel Country Club<\/em>, campo dise\u00f1ado por <strong>Jack Nicklaus<\/strong> entre manglares, lagunas y espectaculares paisajes y, que en conjunto ofrece a los jugadores de todos los niveles un sinf\u00edn de posibilidades para poner a prueba sus habilidades, sin da\u00f1ar el entorno que lo rodea.<\/p>\n","protected":false},"author":3,"featured_media":461099,"comment_status":"open","ping_status":"open","sticky":false,"template":"","format":"standard","meta":{"_monsterinsights_skip_tracking":false,"_monsterinsights_sitenote_active":false,"_monsterinsights_sitenote_note":"","_monsterinsights_sitenote_category":0,"footnotes":""},"categories":[11],"tags":[107,43674,43681,106],"class_list":["post-461032","post","type-post","status-publish","format-standard","has-post-thumbnail","hentry","category-turismo","tag-de-cinco-estrellas","tag-opinion","tag-turismo","tag-victoria-gonzalez-prado"],"_links":{"self":[{"href":"https:\/\/www.diarioimagen.net\/index.php?rest_route=\/wp\/v2\/posts\/461032","targetHints":{"allow":["GET"]}}],"collection":[{"href":"https:\/\/www.diarioimagen.net\/index.php?rest_route=\/wp\/v2\/posts"}],"about":[{"href":"https:\/\/www.diarioimagen.net\/index.php?rest_route=\/wp\/v2\/types\/post"}],"author":[{"embeddable":true,"href":"https:\/\/www.diarioimagen.net\/index.php?rest_route=\/wp\/v2\/users\/3"}],"replies":[{"embeddable":true,"href":"https:\/\/www.diarioimagen.net\/index.php?rest_route=%2Fwp%2Fv2%2Fcomments&post=461032"}],"version-history":[{"count":0,"href":"https:\/\/www.diarioimagen.net\/index.php?rest_route=\/wp\/v2\/posts\/461032\/revisions"}],"wp:featuredmedia":[{"embeddable":true,"href":"https:\/\/www.diarioimagen.net\/index.php?rest_route=\/wp\/v2\/media\/461099"}],"wp:attachment":[{"href":"https:\/\/www.diarioimagen.net\/index.php?rest_route=%2Fwp%2Fv2%2Fmedia&parent=461032"}],"wp:term":[{"taxonomy":"category","embeddable":true,"href":"https:\/\/www.diarioimagen.net\/index.php?rest_route=%2Fwp%2Fv2%2Fcategories&post=461032"},{"taxonomy":"post_tag","embeddable":true,"href":"https:\/\/www.diarioimagen.net\/index.php?rest_route=%2Fwp%2Fv2%2Ftags&post=461032"}],"curies":[{"name":"wp","href":"https:\/\/api.w.org\/{rel}","templated":true}]}}