{"id":461034,"date":"2020-02-24T00:05:40","date_gmt":"2020-02-24T06:05:40","guid":{"rendered":"https:\/\/www.diarioimagen.net\/?p=461034"},"modified":"2020-02-24T07:19:22","modified_gmt":"2020-02-24T13:19:22","slug":"tultepec-recupera-acceso-a-recursos-por-6-millones-de-pesos-del-fortaseg","status":"publish","type":"post","link":"https:\/\/www.diarioimagen.net\/?p=461034","title":{"rendered":"Tultepec recupera acceso a recursos por 6 millones de pesos del Fortaseg"},"content":{"rendered":"<ul>\n<li><strong><em>Impulsar\u00e1 acciones en favor de la seguridad<\/em><\/strong><\/li>\n<\/ul>\n<p>&nbsp;<\/p>\n<div id=\"attachment_461111\" style=\"width: 470px\" class=\"wp-caption aligncenter\"><a href=\"https:\/\/www.diarioimagen.net\/?attachment_id=461111\" rel=\"attachment wp-att-461111\"><img loading=\"lazy\" decoding=\"async\" aria-describedby=\"caption-attachment-461111\" class=\"size-large wp-image-461111\" src=\"https:\/\/www.diarioimagen.net\/wp-content\/uploads\/2020\/10\/TULTEPEC-460x301.jpg\" alt=\"\" width=\"460\" height=\"301\" srcset=\"https:\/\/www.diarioimagen.net\/wp-content\/uploads\/2020\/10\/TULTEPEC-460x301.jpg 460w, https:\/\/www.diarioimagen.net\/wp-content\/uploads\/2020\/10\/TULTEPEC-240x157.jpg 240w, https:\/\/www.diarioimagen.net\/wp-content\/uploads\/2020\/10\/TULTEPEC.jpg 480w\" sizes=\"auto, (max-width: 460px) 100vw, 460px\" \/><\/a><p id=\"caption-attachment-461111\" class=\"wp-caption-text\">Los recursos del Programa de Fortalecimiento para la Seguridad se ejercer\u00e1n a partir del mes de abril.<\/p><\/div>\n<p>&nbsp;<\/p>\n<p><strong>Tultepec, Estado de M\u00e9xico<\/strong>.- Tultepec recuper\u00f3 el acceso a 6 millones de pesos de recursos federales del Programa de Fortalecimiento para la Seguridad (Fortaseg) para el presente a\u00f1o, m\u00e1s un mill\u00f3n 200 mil pesos de recursos municipales para impulsar diversas acciones en favor de la seguridad ciudadana, luego de haber quedado fuera durante 2019.<\/p>\n<p>El municipio fue elegible para obtener recursos del Subsidio para la Seguridad de los Municipios (Subsemun) y el Fortaseg, de 2015 a 2018, por formar parte de la Zona Metropolitana del Valle de M\u00e9xico con m\u00e1s de 150 mil habitantes y pertenecer a una regi\u00f3n de municipios con alta incidencia delictiva como son Coacalco, Tultitl\u00e1n, Cuautitl\u00e1n y Ecatepec; Sin embargo, en 2019 el gobierno federal lo dej\u00f3 fuera de este beneficio.<\/p>\n<p>Inexplicablemente tras dejar fuera a Tultepec durante 2019, la federaci\u00f3n incluy\u00f3 municipios con menor poblaci\u00f3n, m\u00e1s peque\u00f1os territorialmente y baja incidencia delictiva como San Felipe del Progreso, San Jos\u00e9 del Rinc\u00f3n, Temoaya, Jilotepec y Villa Victoria.<\/p>\n<p>Ello deriv\u00f3 en una manifestaci\u00f3n del alcalde y ciudadan\u00eda frente a la C\u00e1mara de diputados durante m\u00e1s de 12 d\u00edas en noviembre pasado, en reclamo de recursos de este fondo para hacer frente a la homologaci\u00f3n salarial, \u00fatiles escolares, apoyo para materiales de construcci\u00f3n, pago de ex\u00e1menes de control de confianza, uniformes, patrullas. Profesionalizaci\u00f3n (cursos de primer respondiente, nuevo sistema acusatorio, formaci\u00f3n policial inicial b\u00e1sica y equipamiento en general.<\/p>\n<p>Finalmente, el pasado jueves el alcalde Armando Portuguez Fuentes asisti\u00f3 a una reuni\u00f3n de concertaci\u00f3n en las oficinas de la Secretar\u00eda del Sistema Nacional de Seguridad P\u00fablica, para que fueran validadas sus propuestas de inversi\u00f3n en la materia.<\/p>\n<p>Los recursos se ejercer\u00e1n a partir del mes de abril en profesionalizaci\u00f3n policiaca, cursos de actualizaci\u00f3n, certificaci\u00f3n y evaluaci\u00f3n de habilidades de elementos policiales; cursos de formaci\u00f3n continua, evaluaci\u00f3n de control de confianza, la cual se actualiza cada cuatro a\u00f1os y en este 2020 menos de la mitad de elementos estar\u00e1n presentando.<\/p>\n<p>Adem\u00e1s de que se invertir\u00e1 en equipamiento policiaco como es el caso de chalecos blindados, uniformes, cascos antimotines y candados de mano, entre otros. Asimismo, se desarrollar\u00e1 un proyecto denominado J\u00f3venes en Prevenci\u00f3n, dirigido a ese sector de la poblaci\u00f3n susceptible de conductas antisociales.<\/p>\n<p>Aunque la principal inversi\u00f3n se realizar\u00e1 en el reforzamiento del sistema de videovigilancia urbana, con la instalaci\u00f3n de 24 nuevas c\u00e1maras en 8 puntos estrat\u00e9gicos con tres c\u00e1maras cada uno, enlazadas al Centro de Control de Comando C-2, para lograr una acci\u00f3n m\u00e1s inmediata y con ello mejores resultados en caso de cualquier emergencia.<\/p>\n","protected":false},"excerpt":{"rendered":"<p>Tultepec recuper\u00f3 el acceso a 6 millones de pesos de recursos federales del Programa de Fortalecimiento para la Seguridad (Fortaseg) para el presente a\u00f1o, m\u00e1s un mill\u00f3n 200 mil pesos de recursos municipales para impulsar diversas acciones en favor de la seguridad ciudadana, luego de haber quedado fuera durante 2019.<\/p>\n","protected":false},"author":3,"featured_media":461111,"comment_status":"open","ping_status":"open","sticky":false,"template":"","format":"standard","meta":{"_monsterinsights_skip_tracking":false,"_monsterinsights_sitenote_active":false,"_monsterinsights_sitenote_note":"","_monsterinsights_sitenote_category":0,"footnotes":""},"categories":[5],"tags":[43675,90252,90253,3802],"class_list":["post-461034","post","type-post","status-publish","format-standard","has-post-thumbnail","hentry","category-estado-de-mexico","tag-estado-de-mexico","tag-fortaseg","tag-recupera","tag-tultepec"],"_links":{"self":[{"href":"https:\/\/www.diarioimagen.net\/index.php?rest_route=\/wp\/v2\/posts\/461034","targetHints":{"allow":["GET"]}}],"collection":[{"href":"https:\/\/www.diarioimagen.net\/index.php?rest_route=\/wp\/v2\/posts"}],"about":[{"href":"https:\/\/www.diarioimagen.net\/index.php?rest_route=\/wp\/v2\/types\/post"}],"author":[{"embeddable":true,"href":"https:\/\/www.diarioimagen.net\/index.php?rest_route=\/wp\/v2\/users\/3"}],"replies":[{"embeddable":true,"href":"https:\/\/www.diarioimagen.net\/index.php?rest_route=%2Fwp%2Fv2%2Fcomments&post=461034"}],"version-history":[{"count":0,"href":"https:\/\/www.diarioimagen.net\/index.php?rest_route=\/wp\/v2\/posts\/461034\/revisions"}],"wp:featuredmedia":[{"embeddable":true,"href":"https:\/\/www.diarioimagen.net\/index.php?rest_route=\/wp\/v2\/media\/461111"}],"wp:attachment":[{"href":"https:\/\/www.diarioimagen.net\/index.php?rest_route=%2Fwp%2Fv2%2Fmedia&parent=461034"}],"wp:term":[{"taxonomy":"category","embeddable":true,"href":"https:\/\/www.diarioimagen.net\/index.php?rest_route=%2Fwp%2Fv2%2Fcategories&post=461034"},{"taxonomy":"post_tag","embeddable":true,"href":"https:\/\/www.diarioimagen.net\/index.php?rest_route=%2Fwp%2Fv2%2Ftags&post=461034"}],"curies":[{"name":"wp","href":"https:\/\/api.w.org\/{rel}","templated":true}]}}